{"id":19171,"date":"2022-11-06T11:30:00","date_gmt":"2022-11-06T11:30:00","guid":{"rendered":"https:\/\/www.salvatorianas.org.br\/blog\/?p=19171"},"modified":"2022-11-09T11:32:11","modified_gmt":"2022-11-09T11:32:11","slug":"todos-os-santos-2","status":"publish","type":"post","link":"https:\/\/www.salvatorianas.org.br\/blog\/todos-os-santos-2\/","title":{"rendered":"Todos os Santos"},"content":{"rendered":"\n<h3 class=\"wp-block-heading\"><br>Ora\u00e7\u00e3o do dia<\/h3>\n\n\n\n<p>Deus eterno e todo-poderoso, que nos dais celebrar numa s\u00f3 festa os m\u00e9ritos de todos os santos, concedei-nos, por intercessores t\u00e3o numerosos, a plenitude da vossa miseric\u00f3rdia. Por Nosso Senhor Jesus Cristo, Vosso Filho, na unidade do Esp\u00edrito Santo.<\/p>\n\n\n\n<h3 class=\"wp-block-heading\">Leitura &#8211;&nbsp;Apocalipse 7,2-4.9-14<\/h3>\n\n\n\n<p>Leitura do livro do Apocalipse de s\u00e3o Jo\u00e3o.<\/p>\n\n\n\n<p>7 2 Vi ainda outro anjo subir do oriente; trazia o selo de Deus vivo, e p\u00f4s-se a clamar com voz retumbante aos quatro Anjos, aos quais fora dado danificar a terra e o mar, dizendo:<\/p>\n\n\n\n<p>3 \u201cN\u00e3o danifiqueis a terra, nem o mar, nem as \u00e1rvores, at\u00e9 que tenhamos assinalado os servos de nosso Deus em suas frontes\u201d.<\/p>\n\n\n\n<p>4 Ouvi ent\u00e3o o n\u00famero dos assinalados: cento e quarenta e quatro mil assinalados, de toda tribo dos filhos de Israel;<\/p>\n\n\n\n<p>9 Depois disso, vi uma grande multid\u00e3o que ningu\u00e9m podia contar, de toda na\u00e7\u00e3o, tribo, povo e l\u00edngua: conservavam-se em p\u00e9 diante do trono e diante do Cordeiro, de vestes brancas e palmas na m\u00e3o,<\/p>\n\n\n\n<p>10 e bradavam em alta voz: &#8220;A salva\u00e7\u00e3o \u00e9 obra de nosso Deus, que est\u00e1 assentado no trono, e do Cordeiro&#8221;.<\/p>\n\n\n\n<p>11 E todos os Anjos estavam ao redor do trono, dos Anci\u00e3os e dos quatro Animais; prostravam-se de face em terra diante do trono e adoravam a Deus, dizendo:<\/p>\n\n\n\n<p>12 &#8220;Am\u00e9m, louvor, gl\u00f3ria, sabedoria, a\u00e7\u00e3o de gra\u00e7as, honra, poder e for\u00e7a ao nosso Deus pelos s\u00e9culos dos s\u00e9culos! Am\u00e9m&#8221;.<\/p>\n\n\n\n<p>13 Ent\u00e3o um dos Anci\u00e3os falou comigo e perguntou-me: &#8220;Esses, que est\u00e3o revestidos de vestes brancas, quem s\u00e3o e de onde v\u00eam?&#8221;<\/p>\n\n\n\n<p>14 Respondi-lhe: &#8220;Meu Senhor, tu o sabes&#8221;. E ele me disse: &#8220;Esses s\u00e3o os sobreviventes da grande tribula\u00e7\u00e3o; lavaram as suas vestes e as alvejaram no sangue do Cordeiro&#8221;.<\/p>\n\n\n\n<p>Palavra do Senhor.<\/p>\n\n\n\n<h3 class=\"wp-block-heading\">Salmo Responsorial &#8211;&nbsp;23\/24<\/h3>\n\n\n\n<p><strong>\u00c9 assim a gera\u00e7\u00e3o dos que procuram o Senhor!<\/strong><\/p>\n\n\n\n<p>Ao Senhor pertence a terra e o que ela encerra,<\/p>\n\n\n\n<p>o mundo inteiro com os seres que o povoam;<\/p>\n\n\n\n<p>porque ele a tornou firme sobre os mares,<\/p>\n\n\n\n<p>e, sobre as \u00e1guas, a mant\u00e9m inabal\u00e1vel.<\/p>\n\n\n\n<p>&#8220;Quem subir\u00e1 at\u00e9 o monte do Senhor,<\/p>\n\n\n\n<p>quem ficar\u00e1 em sua santa habita\u00e7\u00e3o?&#8221;<\/p>\n\n\n\n<p>&#8220;Quem tem m\u00e3os puras e inocente cora\u00e7\u00e3o,<\/p>\n\n\n\n<p>quem n\u00e3o dirige sua mente para o crime.<\/p>\n\n\n\n<p>Sobre este desce a b\u00ean\u00e7\u00e3o do Senhor<\/p>\n\n\n\n<p>e a recompensa de seu Deus e Salvador&#8221;.<\/p>\n\n\n\n<p>\u201c\u00c9 assim a gera\u00e7\u00e3o dos que o procuram,<\/p>\n\n\n\n<p>e do Deus de Israel buscam a face&#8221;.<\/p>\n\n\n\n<h3 class=\"wp-block-heading\">Leitura &#8211;&nbsp;1 Jo\u00e3o 3,1-3<\/h3>\n\n\n\n<p>Leitura da primeira carta de s\u00e3o Jo\u00e3o.<\/p>\n\n\n\n<p>3 1 Considerai com que amor nos amou o Pai, para que sejamos chamados filhos de Deus. E n\u00f3s o somos de fato. Por isso, o mundo n\u00e3o nos conhece, porque n\u00e3o o conheceu.<\/p>\n\n\n\n<p>2 Car\u00edssimos, desde agora somos filhos de Deus, mas n\u00e3o se manifestou ainda o que havemos de ser. Sabemos que, quando isto se manifestar, seremos semelhantes a Deus, porquanto o veremos como ele \u00e9.<\/p>\n\n\n\n<p>3 E todo aquele que nele tem esta esperan\u00e7a torna-se puro, como ele \u00e9 puro.<\/p>\n\n\n\n<p>Palavra do Senhor.<\/p>\n\n\n\n<h3 class=\"wp-block-heading\">Evangelho &#8211;&nbsp;Mateus 5,1-12<\/h3>\n\n\n\n<p>Aleluia, aleluia, aleluia.<\/p>\n\n\n\n<p>Vinde a mim, todos v\u00f3s que estais cansados e penais a carregar pesado fardo, e descanso eu vos darei, diz o Senhor (Mt 11,28).<\/p>\n\n\n\n<p>Proclama\u00e7\u00e3o do Evangelho de Jesus Cristo segundo Mateus.<\/p>\n\n\n\n<p>5 1 Vendo aquelas multid\u00f5es, Jesus subiu \u00e0 montanha. Sentou-se e seus disc\u00edpulos aproximaram-se dele.<\/p>\n\n\n\n<p>2 Ent\u00e3o abriu a boca e lhes ensinava, dizendo:<\/p>\n\n\n\n<p>3 &#8220;Bem-aventurados os que t\u00eam um cora\u00e7\u00e3o de pobre, porque deles \u00e9 o Reino dos c\u00e9us!<\/p>\n\n\n\n<p>4 Bem-aventurados os que choram, porque ser\u00e3o consolados!<\/p>\n\n\n\n<p>5 Bem-aventurados os mansos, porque possuir\u00e3o a terra!<\/p>\n\n\n\n<p>6 Bem-aventurados os que t\u00eam fome e sede de justi\u00e7a, porque ser\u00e3o saciados!<\/p>\n\n\n\n<p>7 Bem-aventurados os misericordiosos, porque alcan\u00e7ar\u00e3o miseric\u00f3rdia!<\/p>\n\n\n\n<p>8 Bem-aventurados os puros de cora\u00e7\u00e3o, porque ver\u00e3o Deus!<\/p>\n\n\n\n<p>9 Bem-aventurados os pac\u00edficos, porque ser\u00e3o chamados filhos de Deus!<\/p>\n\n\n\n<p>10 Bem-aventurados os que s\u00e3o perseguidos por causa da justi\u00e7a, porque deles \u00e9 o Reino dos c\u00e9us!<\/p>\n\n\n\n<p>11 Bem-aventurados sereis quando vos caluniarem, quando vos perseguirem e disserem falsamente todo o mal contra v\u00f3s por causa de mim.<\/p>\n\n\n\n<p>12 Alegrai-vos e exultai, porque ser\u00e1 grande a vossa recompensa nos c\u00e9us, pois assim perseguiram os profetas que vieram antes de v\u00f3s&#8221;.<\/p>\n\n\n\n<p>Palavra da Salva\u00e7\u00e3o.<\/p>\n\n\n\n<h3 class=\"wp-block-heading\">Coment\u00e1rio ao Evangelho<\/h3>\n\n\n\n<p>BEM-AVENTURAN\u00c7A E SANTIDADE<\/p>\n\n\n\n<p>Ao proclamar as bem-aventuran\u00e7as, Jesus descreveu a din\u00e2mica da santidade. Bem-aventurado \u00e9 sin\u00f4nimo de santo. Portanto, santos s\u00e3o os pobres em esp\u00edrito, cujo cora\u00e7\u00e3o est\u00e1 centrado em Deus e que rejeita toda esp\u00e9cie de idolatria. Com certeza, possuir\u00e3o o Reino dos C\u00e9us. Santos s\u00e3o os mansos, que por n\u00e3o responderem a viol\u00eancia com viol\u00eancia, herdar\u00e3o um bem inalcan\u00e7\u00e1vel pelos violentos. Santos s\u00e3o os aflitos, que s\u00e3o impotentes diante de situa\u00e7\u00f5es dram\u00e1ticas, e n\u00e3o pretendem ter solu\u00e7\u00e3o para tudo. Sua recompensa ser\u00e1 a consola\u00e7\u00e3o de Deus. Santos s\u00e3o os famintos e sedentos de justi\u00e7a, que n\u00e3o pactuam com a maldade, nem se deixam levar pela l\u00f3gica da domina\u00e7\u00e3o. Deus mesmo haver\u00e1 de realizar seu ideal e faz\u00ea-los contemplar o reino da justi\u00e7a. Santos s\u00e3o os misericordiosos, cujo destino consistir\u00e1 em viver a comunh\u00e3o definitiva com o Deus-miseric\u00f3rdia. Santos s\u00e3o os puros de cora\u00e7\u00e3o, que n\u00e3o agem com segundas inten\u00e7\u00f5es e nem falsidade, mas sim, com transpar\u00eancia. Por isso, ser\u00e3o recompensados com a vis\u00e3o de Deus, em todo seu esplendor. Santos s\u00e3o os promotores da paz, que procuram criar la\u00e7os de amizade e banir toda esp\u00e9cie de \u00f3dio, a fim de que o mundo seja mais fraterno. Eles ser\u00e3o chamados filhas e filhos de Deus. Santos s\u00e3o os perseguidos por causa da justi\u00e7a, os que lutam para fazer valer o projeto de Deus para a humanidade.<\/p>\n\n\n\n<p>Este \u00e9 o caminho da santidade que todos somos chamados a percorrer.<\/p>\n","protected":false},"excerpt":{"rendered":"<p>Ora\u00e7\u00e3o do dia Deus eterno e todo-poderoso, que nos dais celebrar numa s\u00f3 festa os m\u00e9ritos de todos os santos, concedei-nos, por intercessores t\u00e3o numerosos, a plenitude da vossa miseric\u00f3rdia. Por Nosso Senhor&#8230;<\/p>\n","protected":false},"author":2,"featured_media":19172,"comment_status":"open","ping_status":"open","sticky":false,"template":"","format":"standard","meta":[],"categories":[7],"tags":[],"_links":{"self":[{"href":"https:\/\/www.salvatorianas.org.br\/blog\/wp-json\/wp\/v2\/posts\/19171"}],"collection":[{"href":"https:\/\/www.salvatorianas.org.br\/blog\/wp-json\/wp\/v2\/posts"}],"about":[{"href":"https:\/\/www.salvatorianas.org.br\/blog\/wp-json\/wp\/v2\/types\/post"}],"author":[{"embeddable":true,"href":"https:\/\/www.salvatorianas.org.br\/blog\/wp-json\/wp\/v2\/users\/2"}],"replies":[{"embeddable":true,"href":"https:\/\/www.salvatorianas.org.br\/blog\/wp-json\/wp\/v2\/comments?post=19171"}],"version-history":[{"count":1,"href":"https:\/\/www.salvatorianas.org.br\/blog\/wp-json\/wp\/v2\/posts\/19171\/revisions"}],"predecessor-version":[{"id":19173,"href":"https:\/\/www.salvatorianas.org.br\/blog\/wp-json\/wp\/v2\/posts\/19171\/revisions\/19173"}],"wp:featuredmedia":[{"embeddable":true,"href":"https:\/\/www.salvatorianas.org.br\/blog\/wp-json\/wp\/v2\/media\/19172"}],"wp:attachment":[{"href":"https:\/\/www.salvatorianas.org.br\/blog\/wp-json\/wp\/v2\/media?parent=19171"}],"wp:term":[{"taxonomy":"category","embeddable":true,"href":"https:\/\/www.salvatorianas.org.br\/blog\/wp-json\/wp\/v2\/categories?post=19171"},{"taxonomy":"post_tag","embeddable":true,"href":"https:\/\/www.salvatorianas.org.br\/blog\/wp-json\/wp\/v2\/tags?post=19171"}],"curies":[{"name":"wp","href":"https:\/\/api.w.org\/{rel}","templated":true}]}}