{"id":19165,"date":"2022-11-09T11:28:39","date_gmt":"2022-11-09T11:28:39","guid":{"rendered":"https:\/\/www.salvatorianas.org.br\/blog\/?p=19165"},"modified":"2022-11-09T11:28:40","modified_gmt":"2022-11-09T11:28:40","slug":"dedicacao-da-basilica-do-latrao","status":"publish","type":"post","link":"https:\/\/www.salvatorianas.org.br\/blog\/dedicacao-da-basilica-do-latrao\/","title":{"rendered":"Dedica\u00e7\u00e3o da Bas\u00edlica do Latr\u00e3o"},"content":{"rendered":"\n<h3 class=\"wp-block-heading\">Ora\u00e7\u00e3o do dia<\/h3>\n\n\n\n<p>\u00d3 Deus, que edificais o vosso templo eterno com pedras vivas e escolhidas, difundi na vossa Igreja o Esp\u00edrito que lhe destes, para que o voo povo cres\u00e7a sempre mais, construindo a Jerusal\u00e9m celeste. Por Nosso Senhor Jesus Cristo, Vosso Filho, na unidade do Esp\u00edrito Santo.<\/p>\n\n\n\n<h3 class=\"wp-block-heading\">Leitura &#8211;&nbsp;Ezequiel 47,1-2.8-9.12<\/h3>\n\n\n\n<p>Leitura da profecia de Ezequiel.<\/p>\n\n\n\n<p>1 Naqueles dias, o homem conduziu-me ent\u00e3o \u00e0 entrada do templo. Eis que \u00e1guas jorravam de sob o limiar do edif\u00edcio, em dire\u00e7\u00e3o ao oriente (porque a fachada do templo olhava para o oriente). Essa \u00e1gua escorria por baixo do lado direito do templo, ao sul do altar.<\/p>\n\n\n\n<p>2 Fez-me sair pela porta do norte e contornar o templo do lado de fora at\u00e9 o p\u00f3rtico exterior oriental; eu vi a \u00e1gua brotar do lado sul.<\/p>\n\n\n\n<p>8 Essas \u00e1guas, disse-me ele, dirigem-se para a parte oriental, elas descem \u00e0 plan\u00edcie do Jord\u00e3o; elas se lan\u00e7ar\u00e3o no mar, de sorte que suas \u00e1guas se tornar\u00e3o mais saud\u00e1veis.<\/p>\n\n\n\n<p>9 Em toda parte aonde chegar a corrente, todo animal que se move na \u00e1gua poder\u00e1 viver, e haver\u00e1 l\u00e1 grande quantidade de peixes. Tudo o que essa \u00e1gua atingir se tornar\u00e1 s\u00e3o e saud\u00e1vel e em toda parte aonde chegar a torrente haver\u00e1 vida.<\/p>\n\n\n\n<p>12 Ao longo da torrente, em cada uma de suas margens, crescer\u00e3o \u00e1rvores frut\u00edferas de toda esp\u00e9cie, e sua folhagem n\u00e3o murchar\u00e1, e n\u00e3o cessar\u00e3o jamais de dar frutos: todos os meses frutos novos, porque essas \u00e1guas v\u00eam do santu\u00e1rio. Seus frutos ser\u00e3o comest\u00edveis e suas folhas servir\u00e3o de rem\u00e9dio.<\/p>\n\n\n\n<p>Palavra do Senhor.<\/p>\n\n\n\n<h3 class=\"wp-block-heading\">Salmo Responsorial &#8211;&nbsp;45\/46<\/h3>\n\n\n\n<p><strong>Os bra\u00e7os de um rio v\u00eam trazer alegria<\/strong><\/p>\n\n\n\n<p><strong>\u00e0 cidade de Deus, \u00e0 morada do Alt\u00edssimo.<\/strong><\/p>\n\n\n\n<p>O Senhor para n\u00f3s \u00e9 ref\u00fagio e vigor,<\/p>\n\n\n\n<p>sempre pronto, mostrou-se um socorro na ang\u00fastia;<\/p>\n\n\n\n<p>assim n\u00e3o tememos, se a terra estremece,<\/p>\n\n\n\n<p>se os montes desabam, caindo nos mares.<\/p>\n\n\n\n<p>Os bra\u00e7os de um rio v\u00eam trazer alegria<\/p>\n\n\n\n<p>\u00e0 Cidade de Deus, \u00e0 morada do Alt\u00edssimo.<\/p>\n\n\n\n<p>Quem a pode abalar? Deus est\u00e1 no seu meio!<\/p>\n\n\n\n<p>J\u00e1 bem antes da aurora, ele vem ajud\u00e1-la.<\/p>\n\n\n\n<p>Conosco est\u00e1 o Senhor do universo!<\/p>\n\n\n\n<p>O nosso ref\u00fagio \u00e9 o Deus de Jac\u00f3!<\/p>\n\n\n\n<p>Vinde ver, contemplai os prod\u00edgios de Deus<\/p>\n\n\n\n<p>e a obra estupenda que fez no universo:<\/p>\n\n\n\n<p>reprime as guerras na face da terra.<\/p>\n\n\n\n<h3 class=\"wp-block-heading\">Leitura &#8211;<\/h3>\n\n\n\n<h3 class=\"wp-block-heading\">Evangelho &#8211;&nbsp;Jo\u00e3o 2,13-22<\/h3>\n\n\n\n<p>Aleluia, aleluia, aleluia.<\/p>\n\n\n\n<p>Esta casa eu escolhi e santifiquei, para nela estar meu nome para sempre (2Cr 7,16).<\/p>\n\n\n\n<p>Proclama\u00e7\u00e3o do Evangelho de Jesus Cristo segundo Jo\u00e3o.<\/p>\n\n\n\n<p>2 13 Estava pr\u00f3xima a P\u00e1scoa dos judeus, e Jesus subiu a Jerusal\u00e9m.<\/p>\n\n\n\n<p>14 Encontrou no templo os negociantes de bois, ovelhas e pombas, e mesas dos trocadores de moedas.<\/p>\n\n\n\n<p>15 Fez ele um chicote de cordas, expulsou todos do templo, como tamb\u00e9m as ovelhas e os bois, espalhou pelo ch\u00e3o o dinheiro dos trocadores e derrubou as mesas.<\/p>\n\n\n\n<p>16 Disse aos que vendiam as pombas: \u201cTirai isto daqui e n\u00e3o fa\u00e7ais da casa de meu Pai uma casa de negociantes\u201d.<\/p>\n\n\n\n<p>17 Lembraram-se ent\u00e3o os seus disc\u00edpulos do que est\u00e1 escrito: \u201cO zelo da tua casa me consome\u201d.<\/p>\n\n\n\n<p>18 Perguntaram-lhe os judeus: \u201cQue sinal nos apresentas tu, para procederes deste modo?\u201d 19 Respondeu-lhes Jesus: \u201cDestru\u00ed v\u00f3s este templo, e eu o reerguerei em tr\u00eas dias\u201d.<\/p>\n\n\n\n<p>20 Os judeus replicaram: \u201cEm quarenta e seis anos foi edificado este templo, e tu h\u00e1s de levant\u00e1-lo em tr\u00eas dias?\u201d<\/p>\n\n\n\n<p>21 Mas ele falava do templo do seu corpo.<\/p>\n\n\n\n<p>22 Depois que ressurgiu dos mortos, os seus disc\u00edpulos lembraram-se destas palavras e creram na Escritura e na palavra de Jesus.<\/p>\n\n\n\n<p>Palavra da Salva\u00e7\u00e3o.<\/p>\n\n\n\n<h3 class=\"wp-block-heading\">Coment\u00e1rio ao Evangelho<\/h3>\n\n\n\n<p>AS COISAS DE DEUS<\/p>\n\n\n\n<p>A imagem de Jesus com o chicote em punho, expulsando do templo de Jerusal\u00e9m cambistas e comerciantes, n\u00e3o bate com a do Jesus manso e humilde transmitida, pelo imagin\u00e1rio crist\u00e3o. N\u00e3o \u00e9 f\u00e1cil pens\u00e1-lo irado e violento. Por que Jesus se indignou tanto diante do templo profanado?<\/p>\n\n\n\n<p>A resposta, \u00e0 primeira vista, poderia ser: porque a casa do Pai foi transformada em mercado. A motiva\u00e7\u00e3o, por\u00e9m, parece ser outra: porque a religi\u00e3o estava sendo instrumentalizada e acabava acobertando injusti\u00e7a e extors\u00e3o, especialmente, contra os mais pobres; porque o Pai havia sido transformado num deus conivente com a maldade; porque o templo, enquanto lugar da fraternidade e da acolhida, tinha sido transformado em ponto de explora\u00e7\u00e3o e enriquecimento il\u00edcito; porque, enfim, a f\u00e9 perdera a sua profundidade e os fi\u00e9is tinham-se tornado v\u00edtimas da gan\u00e2ncia dos ricos. Nisto consistia a profana\u00e7\u00e3o da casa de Deus e da religi\u00e3o. E Jesus n\u00e3o suportava que as coisas do Pai fossem tratadas assim.<\/p>\n\n\n\n<p>A profana\u00e7\u00e3o das coisas divinas, por\u00e9m, iria atingir seu grau mais elevado, com a morte ignominiosa de Jesus na cruz. Matar o Filho de Deus correspondia \u00e0 determina\u00e7\u00e3o de destruir o verdadeiro templo. Jesus, por\u00e9m, estava seguro de que o templo-Filho seria reconstru\u00eddo. O templo material, ao inv\u00e9s, estava fadado \u00e0 ru\u00edna completa.<\/p>\n","protected":false},"excerpt":{"rendered":"<p>Ora\u00e7\u00e3o do dia \u00d3 Deus, que edificais o vosso templo eterno com pedras vivas e escolhidas, difundi na vossa Igreja o Esp\u00edrito que lhe destes, para que o voo povo cres\u00e7a sempre mais,&#8230;<\/p>\n","protected":false},"author":2,"featured_media":19166,"comment_status":"open","ping_status":"open","sticky":false,"template":"","format":"standard","meta":[],"categories":[7],"tags":[],"_links":{"self":[{"href":"https:\/\/www.salvatorianas.org.br\/blog\/wp-json\/wp\/v2\/posts\/19165"}],"collection":[{"href":"https:\/\/www.salvatorianas.org.br\/blog\/wp-json\/wp\/v2\/posts"}],"about":[{"href":"https:\/\/www.salvatorianas.org.br\/blog\/wp-json\/wp\/v2\/types\/post"}],"author":[{"embeddable":true,"href":"https:\/\/www.salvatorianas.org.br\/blog\/wp-json\/wp\/v2\/users\/2"}],"replies":[{"embeddable":true,"href":"https:\/\/www.salvatorianas.org.br\/blog\/wp-json\/wp\/v2\/comments?post=19165"}],"version-history":[{"count":1,"href":"https:\/\/www.salvatorianas.org.br\/blog\/wp-json\/wp\/v2\/posts\/19165\/revisions"}],"predecessor-version":[{"id":19167,"href":"https:\/\/www.salvatorianas.org.br\/blog\/wp-json\/wp\/v2\/posts\/19165\/revisions\/19167"}],"wp:featuredmedia":[{"embeddable":true,"href":"https:\/\/www.salvatorianas.org.br\/blog\/wp-json\/wp\/v2\/media\/19166"}],"wp:attachment":[{"href":"https:\/\/www.salvatorianas.org.br\/blog\/wp-json\/wp\/v2\/media?parent=19165"}],"wp:term":[{"taxonomy":"category","embeddable":true,"href":"https:\/\/www.salvatorianas.org.br\/blog\/wp-json\/wp\/v2\/categories?post=19165"},{"taxonomy":"post_tag","embeddable":true,"href":"https:\/\/www.salvatorianas.org.br\/blog\/wp-json\/wp\/v2\/tags?post=19165"}],"curies":[{"name":"wp","href":"https:\/\/api.w.org\/{rel}","templated":true}]}}