{"id":19148,"date":"2022-11-04T20:02:21","date_gmt":"2022-11-04T20:02:21","guid":{"rendered":"https:\/\/www.salvatorianas.org.br\/blog\/?p=19148"},"modified":"2022-11-04T20:02:22","modified_gmt":"2022-11-04T20:02:22","slug":"nova-equipe-de-coordenacao-provincial","status":"publish","type":"post","link":"https:\/\/www.salvatorianas.org.br\/blog\/nova-equipe-de-coordenacao-provincial\/","title":{"rendered":"Nova Equipe de Coordena\u00e7\u00e3o Provincial"},"content":{"rendered":"\n<p>Com alegria e esperan\u00e7a comunicamos a nova Equipe de Coordena\u00e7\u00e3o Provincial para o quadri\u00eanio 2023-2026, constitu\u00edda pelas Irm\u00e3s Lisete Buganti (Coordenadora Provincial), &nbsp;Maria Jovelina Oliveira (Conselheira Provincial), S\u00f4nia Estela Agostini (Conselheira Provincial), Wanderleia Dalla Costa (Conselheira Provincial), Catharina Cericato (Secret\u00e1ria Provincial) e Ivan\u00ed Lu\u00edsa Dal Bello (Tesoureira Provincial).<\/p>\n\n\n\n<p>A cada uma delas expressamos nossa gratid\u00e3o pelo sim generoso e pedimos que as b\u00ean\u00e7\u00e3os do Salvador as acompanhem na miss\u00e3o de animar e coordenar a Prov\u00edncia.<\/p>\n\n\n\n<p>Confiantes caminhamos juntas, ressignificando nossa vida consagrada salvatoriana fortalecendo o brilho do sonho e da ousadia apost\u00f3lica que nos desperta todos os dias e nos faz partir em miss\u00e3o.<\/p>\n","protected":false},"excerpt":{"rendered":"<p>Com alegria e esperan\u00e7a comunicamos a nova Equipe de Coordena\u00e7\u00e3o Provincial para o quadri\u00eanio 2023-2026, constitu\u00edda pelas Irm\u00e3s Lisete Buganti (Coordenadora Provincial), &nbsp;Maria Jovelina Oliveira (Conselheira Provincial), S\u00f4nia Estela Agostini (Conselheira Provincial), Wanderleia&#8230;<\/p>\n","protected":false},"author":2,"featured_media":19149,"comment_status":"open","ping_status":"open","sticky":false,"template":"","format":"standard","meta":[],"categories":[1],"tags":[],"_links":{"self":[{"href":"https:\/\/www.salvatorianas.org.br\/blog\/wp-json\/wp\/v2\/posts\/19148"}],"collection":[{"href":"https:\/\/www.salvatorianas.org.br\/blog\/wp-json\/wp\/v2\/posts"}],"about":[{"href":"https:\/\/www.salvatorianas.org.br\/blog\/wp-json\/wp\/v2\/types\/post"}],"author":[{"embeddable":true,"href":"https:\/\/www.salvatorianas.org.br\/blog\/wp-json\/wp\/v2\/users\/2"}],"replies":[{"embeddable":true,"href":"https:\/\/www.salvatorianas.org.br\/blog\/wp-json\/wp\/v2\/comments?post=19148"}],"version-history":[{"count":1,"href":"https:\/\/www.salvatorianas.org.br\/blog\/wp-json\/wp\/v2\/posts\/19148\/revisions"}],"predecessor-version":[{"id":19150,"href":"https:\/\/www.salvatorianas.org.br\/blog\/wp-json\/wp\/v2\/posts\/19148\/revisions\/19150"}],"wp:featuredmedia":[{"embeddable":true,"href":"https:\/\/www.salvatorianas.org.br\/blog\/wp-json\/wp\/v2\/media\/19149"}],"wp:attachment":[{"href":"https:\/\/www.salvatorianas.org.br\/blog\/wp-json\/wp\/v2\/media?parent=19148"}],"wp:term":[{"taxonomy":"category","embeddable":true,"href":"https:\/\/www.salvatorianas.org.br\/blog\/wp-json\/wp\/v2\/categories?post=19148"},{"taxonomy":"post_tag","embeddable":true,"href":"https:\/\/www.salvatorianas.org.br\/blog\/wp-json\/wp\/v2\/tags?post=19148"}],"curies":[{"name":"wp","href":"https:\/\/api.w.org\/{rel}","templated":true}]}}