{"id":19139,"date":"2022-11-01T12:10:39","date_gmt":"2022-11-01T12:10:39","guid":{"rendered":"https:\/\/www.salvatorianas.org.br\/blog\/?p=19139"},"modified":"2022-11-01T12:10:40","modified_gmt":"2022-11-01T12:10:40","slug":"intencoes-do-papa-francisco-para-o-mes-de-novembro","status":"publish","type":"post","link":"https:\/\/www.salvatorianas.org.br\/blog\/intencoes-do-papa-francisco-para-o-mes-de-novembro\/","title":{"rendered":"Inten\u00e7\u00f5es do Papa Francisco para o m\u00eas de Novembro"},"content":{"rendered":"\n<p>Na inten\u00e7\u00e3o de ora\u00e7\u00e3o do Papa Francisco para o m\u00eas de novembro est\u00e3o as milh\u00f5es de crian\u00e7as que sofrem: n\u00e3o s\u00e3o n\u00fameros, mas rostos com uma identidade dada por Deus. O V\u00eddeo do Papa, em que o pr\u00f3prio Francisco convida os fi\u00e9is a rezar, foi divulgado nesta segunda-feira, 31.<\/p>\n\n\n\n<p>\u201cRezemos para que as crian\u00e7as que sofrem, as crian\u00e7as que vivem nas ruas, as v\u00edtimas da guerra e os \u00f3rf\u00e3os, possam ter acesso \u00e0 educa\u00e7\u00e3o e possam redescobrir o afeto de uma fam\u00edlia\u201d.<\/p>\n\n\n\n<p>O Santo Padre recorda a realidade das crian\u00e7as que vivem em condi\u00e7\u00f5es semelhantes \u00e0 escravid\u00e3o, que n\u00e3o t\u00eam o direito de brincar, estudar ou sonhar. \u201cElas nem sequer t\u00eam o calor de uma fam\u00edlia\u201d, lamenta o Pont\u00edfice.<\/p>\n\n\n\n<p>Segundo o Papa, cada crian\u00e7a marginalizada \u00e9 um grito que se eleva a Deus e acusa o sistema que os adultos constru\u00edram. \u201cUma crian\u00e7a abandonada \u00e9 culpa nossa\u201d, assume o Pont\u00edfice. \u201cN\u00e3o podemos continuar a permitir que se sintam sozinhas e abandonadas; elas precisam receber uma educa\u00e7\u00e3o e sentir o amor de uma fam\u00edlia para saberem que Deus n\u00e3o as esquece\u201d, complementa.<\/p>\n\n\n\n<h3 class=\"wp-block-heading\">O sofrimento das crian\u00e7as no mundo<\/h3>\n\n\n\n<p>O UNICEF afirma que 1 bilh\u00e3o de crian\u00e7as em todo o mundo vivem na pobreza multidimensional (sem acesso a educa\u00e7\u00e3o, sa\u00fade, moradia, alimenta\u00e7\u00e3o, saneamento ou \u00e1gua). A estimativa \u00e9 que 153 milh\u00f5es de crian\u00e7as s\u00e3o \u00f3rf\u00e3s.<\/p>\n\n\n\n<p>O Alto Comissariado das Na\u00e7\u00f5es Unidas para os Direitos Humanos declarou numa carta recente que \u201cno final do ano passado, mais de 450 milh\u00f5es de crian\u00e7as \u2013 uma em cada seis \u2013 viviam em zona de conflito, o n\u00famero mais elevado em 20 anos. Um recorde de 36,5 milh\u00f5es de crian\u00e7as foram deslocadas dos seus lares em consequ\u00eancia de conflitos, guerras, viol\u00eancia e outras crises\u201d.<\/p>\n\n\n\n<p>\u201cEste m\u00eas, Francisco abre os nossos olhos, ouvidos e cora\u00e7\u00f5es a milh\u00f5es de crian\u00e7as abandonadas, sofrendo em sil\u00eancio nas ruas, em trabalhos obscuros, v\u00edtimas da viol\u00eancia e da guerra, migrantes e refugiadas\u201d, comenta o Diretor Internacional da Rede Mundial de Ora\u00e7\u00e3o do Papa, padre Fr\u00e9d\u00e9ric Fornos S.J.<\/p>\n\n\n\n<p><\/p>\n\n\n\n<figure class=\"wp-block-embed is-type-video is-provider-youtube wp-block-embed-youtube wp-embed-aspect-16-9 wp-has-aspect-ratio\"><div class=\"wp-block-embed__wrapper\">\n<iframe loading=\"lazy\" title=\"Pelas crian\u00e7as que sofrem - O V\u00eddeo do Papa 11 - Novembro de 2022\" width=\"500\" height=\"281\" src=\"https:\/\/www.youtube.com\/embed\/B6aouS57vPs?feature=oembed\" frameborder=\"0\" allow=\"accelerometer; autoplay; clipboard-write; encrypted-media; gyroscope; picture-in-picture\" allowfullscreen><\/iframe>\n<\/div><\/figure>\n","protected":false},"excerpt":{"rendered":"<p>Na inten\u00e7\u00e3o de ora\u00e7\u00e3o do Papa Francisco para o m\u00eas de novembro est\u00e3o as milh\u00f5es de crian\u00e7as que sofrem: n\u00e3o s\u00e3o n\u00fameros, mas rostos com uma identidade dada por Deus. O V\u00eddeo do&#8230;<\/p>\n","protected":false},"author":2,"featured_media":19140,"comment_status":"open","ping_status":"open","sticky":false,"template":"","format":"standard","meta":[],"categories":[1],"tags":[],"_links":{"self":[{"href":"https:\/\/www.salvatorianas.org.br\/blog\/wp-json\/wp\/v2\/posts\/19139"}],"collection":[{"href":"https:\/\/www.salvatorianas.org.br\/blog\/wp-json\/wp\/v2\/posts"}],"about":[{"href":"https:\/\/www.salvatorianas.org.br\/blog\/wp-json\/wp\/v2\/types\/post"}],"author":[{"embeddable":true,"href":"https:\/\/www.salvatorianas.org.br\/blog\/wp-json\/wp\/v2\/users\/2"}],"replies":[{"embeddable":true,"href":"https:\/\/www.salvatorianas.org.br\/blog\/wp-json\/wp\/v2\/comments?post=19139"}],"version-history":[{"count":1,"href":"https:\/\/www.salvatorianas.org.br\/blog\/wp-json\/wp\/v2\/posts\/19139\/revisions"}],"predecessor-version":[{"id":19141,"href":"https:\/\/www.salvatorianas.org.br\/blog\/wp-json\/wp\/v2\/posts\/19139\/revisions\/19141"}],"wp:featuredmedia":[{"embeddable":true,"href":"https:\/\/www.salvatorianas.org.br\/blog\/wp-json\/wp\/v2\/media\/19140"}],"wp:attachment":[{"href":"https:\/\/www.salvatorianas.org.br\/blog\/wp-json\/wp\/v2\/media?parent=19139"}],"wp:term":[{"taxonomy":"category","embeddable":true,"href":"https:\/\/www.salvatorianas.org.br\/blog\/wp-json\/wp\/v2\/categories?post=19139"},{"taxonomy":"post_tag","embeddable":true,"href":"https:\/\/www.salvatorianas.org.br\/blog\/wp-json\/wp\/v2\/tags?post=19139"}],"curies":[{"name":"wp","href":"https:\/\/api.w.org\/{rel}","templated":true}]}}