{"id":19129,"date":"2022-10-30T13:51:50","date_gmt":"2022-10-30T13:51:50","guid":{"rendered":"https:\/\/www.salvatorianas.org.br\/blog\/?p=19129"},"modified":"2022-10-30T13:51:51","modified_gmt":"2022-10-30T13:51:51","slug":"31o-domingo-do-tempo-comum","status":"publish","type":"post","link":"https:\/\/www.salvatorianas.org.br\/blog\/31o-domingo-do-tempo-comum\/","title":{"rendered":"31\u00ba Domingo do Tempo Comum"},"content":{"rendered":"\n<h3 class=\"wp-block-heading\">Ora\u00e7\u00e3o do dia<\/h3>\n\n\n\n<p>\u00d3 Deus de poder e miseric\u00f3rdia, que concedeis a vossos filhos e filhas a gra\u00e7a de vos servir como devem, fazei que corramos livremente ao encontro das vossas promessas. Por Nosso Senhor Jesus Cristo, Vosso Filho, na unidade do Esp\u00edrito Santo.<\/p>\n\n\n\n<h3 class=\"wp-block-heading\">Leitura &#8211;&nbsp;Sabedoria 11,22-12,2<\/h3>\n\n\n\n<p>Leitura do livro da Sabedoria.<\/p>\n\n\n\n<p>22Senhor, o mundo inteiro, diante de ti, \u00e9 como um gr\u00e3o de areia na balan\u00e7a, uma gota de orvalho da manh\u00e3 que cai sobre a terra. 23Entretanto, de todos tens compaix\u00e3o, porque tudo podes. Fecha os olhos aos pecados dos homens, para que se arrependam. 24Sim, amas tudo o que existe e n\u00e3o desprezas nada do que fizeste; porque, se odiasses alguma coisa, n\u00e3o a terias criado. 25Da mesma forma, como poderia alguma coisa existir se n\u00e3o a tivesses querido? Ou como poderia ser mantida se por ti n\u00e3o fosse chamada? 26A todos, por\u00e9m, tu tratas com bondade, porque tudo \u00e9 teu, Senhor, amigo da vida. 12,1O teu esp\u00edrito incorrupt\u00edvel est\u00e1 em todas as coisas! 2\u00c9 por isso que corriges com carinho os que caem e os repreendes, lembrando-lhes seus pecados, para que se afastem do mal e creiam em ti, Senhor.<\/p>\n\n\n\n<p>Palavra do Senhor.<\/p>\n\n\n\n<h3 class=\"wp-block-heading\">Salmo Responsorial &#8211;&nbsp;144\/145<\/h3>\n\n\n\n<p><strong>Bendirei eternamente vosso nome;<\/strong><\/p>\n\n\n\n<p><strong>para sempre, \u00f3 Senhor, o louvarei!<\/strong><\/p>\n\n\n\n<p>\u00d3 meu Deus, quero exaltar-vos, \u00f3 meu rei,<\/p>\n\n\n\n<p>e bendizer o vosso nome pelos s\u00e9culos.<\/p>\n\n\n\n<p>Todos os dias haverei de bendizer-vos,<\/p>\n\n\n\n<p>hei de louvar o vosso nome para sempre.<\/p>\n\n\n\n<p>Miseric\u00f3rdia e piedade \u00e9 o Senhor,<\/p>\n\n\n\n<p>ele \u00e9 amor, \u00e9 paci\u00eancia, \u00e9 compaix\u00e3o.<\/p>\n\n\n\n<p>O Senhor \u00e9 muito bom para com todos,<\/p>\n\n\n\n<p>sua ternura abra\u00e7a toda criatura.<\/p>\n\n\n\n<p>Que vossas obras, \u00f3 Senhor, vos glorifiquem,<\/p>\n\n\n\n<p>e os vossos santos com louvores vos bendigam!<\/p>\n\n\n\n<p>Narrem a gl\u00f3ria e o esplendor do vosso reino<\/p>\n\n\n\n<p>e saibam proclamar vosso poder!<\/p>\n\n\n\n<p>O Senhor \u00e9 amor fiel em sua palavra,<\/p>\n\n\n\n<p>\u00e9 santidade em toda obra que ele faz.<\/p>\n\n\n\n<p>Ele sustenta todo aquele que vacila<\/p>\n\n\n\n<p>e levanta todo aquele que tombou.<\/p>\n\n\n\n<h3 class=\"wp-block-heading\">Leitura &#8211;&nbsp;2 Tessalonicenses 1,11-2,2<\/h3>\n\n\n\n<p>Leitura da segunda carta de S\u00e3o Paulo aos Tessalonicenses.<\/p>\n\n\n\n<p>Irm\u00e3os, 11n\u00e3o cessamos de rezar por v\u00f3s, para que o nosso Deus vos fa\u00e7a dignos da sua voca\u00e7\u00e3o. Que ele, por seu poder, realize todo o bem que desejais e torne ativa a vossa f\u00e9. 12Assim o nome de nosso Senhor Jesus Cristo ser\u00e1 glorificado em v\u00f3s, e v\u00f3s nele, em virtude da gra\u00e7a do nosso Deus e do Senhor Jesus Cristo. 2,1No que se refere \u00e0 vinda de nosso Senhor Jesus Cristo e \u00e0 nossa uni\u00e3o com ele, n\u00f3s vos pedimos, irm\u00e3os: 2n\u00e3o deixeis t\u00e3o facilmente transtornar a vossa cabe\u00e7a nem vos alarmeis por causa de alguma revela\u00e7\u00e3o ou carta atribu\u00edda a n\u00f3s, afirmando que o dia do Senhor est\u00e1 pr\u00f3ximo.<\/p>\n\n\n\n<p>Palavra do Senhor.<\/p>\n\n\n\n<h3 class=\"wp-block-heading\">Evangelho &#8211;&nbsp;Lucas 19,1-10<\/h3>\n\n\n\n<p>Aleluia, aleluia, aleluia.<\/p>\n\n\n\n<p>Deus o mundo tanto amou, que seu Filho entregou! Quem no Filho cr\u00ea e confia, nele encontra eterna vida! (Jo 3,16)<\/p>\n\n\n\n<p>Proclama\u00e7\u00e3o do Evangelho de Jesus Cristo segundo Lucas.<\/p>\n\n\n\n<p>Naquele tempo, 1Jesus tinha entrado em Jeric\u00f3 e estava atravessando a cidade. 2Havia ali um homem chamado Zaqueu, que era chefe dos cobradores de impostos e muito rico. 3Zaqueu procurava ver quem era Jesus, mas n\u00e3o conseguia, por causa da multid\u00e3o, pois era muito baixo. 4Ent\u00e3o ele correu \u00e0 frente e subiu numa figueira para ver Jesus, que devia passar por ali. 5Quando Jesus chegou ao lugar, olhou para cima e disse: \u201cZaqueu, desce depressa! Hoje eu devo ficar na tua casa\u201d. 6Ele desceu depressa e recebeu Jesus com alegria. 7Ao ver isso, todos come\u00e7aram a murmurar, dizendo: \u201cEle foi hospedar-se na casa de um pecador!\u201d 8Zaqueu ficou de p\u00e9 e disse ao Senhor: \u201cSenhor, eu dou a metade dos meus bens aos pobres e, se defraudei algu\u00e9m, vou devolver quatro vezes mais\u201d. 9Jesus lhe disse: \u201cHoje a salva\u00e7\u00e3o entrou nesta casa, porque tamb\u00e9m este homem \u00e9 um filho de Abra\u00e3o. 10Com efeito, o Filho do Homem veio procurar e salvar o que estava perdido\u201d.<\/p>\n\n\n\n<p>Palavra da salva\u00e7\u00e3o.<\/p>\n\n\n\n<h3 class=\"wp-block-heading\">Coment\u00e1rio ao Evangelho<\/h3>\n\n\n\n<p>A BUSCA DOS DESGARRADOS<\/p>\n\n\n\n<p>A miss\u00e3o de Jesus consistiu em buscar os filhos de Deus desgarrados pelo ego\u00edsmo e pelo pecado. Miss\u00e3o de reconduzir os filhos ao Pai, reuni-los pelos v\u00ednculos do amor e do afeto. Miss\u00e3o de reconciliar quem rompeu com o Pai, afastando-se da casa paterna.<\/p>\n\n\n\n<p>Daqui se entende o interesse e o carinho de Jesus para com os pecadores, os marginalizados por um sistema religioso cruel, v\u00edtimas de um ju\u00edzo inclemente. Sua a\u00e7\u00e3o orienta-se numa dire\u00e7\u00e3o contr\u00e1ria a estes esquemas. Ele vai &#8220;buscar e salvar quem estava perdido&#8221;. \u00c9 o bom pastor, preocupado com a sorte de cada uma das ovelhas, especialmente as que vagam, longe do rebanho.<\/p>\n\n\n\n<p>Esta preocupa\u00e7\u00e3o de Jesus era motivo de esc\u00e2ndalo para os legalistas, empenhados na observ\u00e2ncia cega de certas normas. Por isso, a alegria de Zaqueu e os claros sinais de sua convers\u00e3o contrastam as cr\u00edticas dos que julgavam inconveniente ter Jesus ido hospedar-se na casa de um pecador.<\/p>\n\n\n\n<p>Zaqueu, homem rico e fraudulento, funcion\u00e1rio dos dominadores romanos, insens\u00edvel em rela\u00e7\u00e3o aos pobres, fechado em seu ego\u00edsmo, estava na mira de Jesus. Para sua surpresa, o Mestre mandou-o descer da \u00e1rvore e comunicou-lhe que iria hospedar-se em sua casa.<\/p>\n\n\n\n<p>O desejo que Zaqueu tinha de ver Jesus era um bom sinal. Jesus soube aproveit\u00e1-lo, e conquistou-o para o Reino.<\/p>\n","protected":false},"excerpt":{"rendered":"<p>Ora\u00e7\u00e3o do dia \u00d3 Deus de poder e miseric\u00f3rdia, que concedeis a vossos filhos e filhas a gra\u00e7a de vos servir como devem, fazei que corramos livremente ao encontro das vossas promessas. Por&#8230;<\/p>\n","protected":false},"author":2,"featured_media":19130,"comment_status":"open","ping_status":"open","sticky":false,"template":"","format":"standard","meta":[],"categories":[7],"tags":[],"_links":{"self":[{"href":"https:\/\/www.salvatorianas.org.br\/blog\/wp-json\/wp\/v2\/posts\/19129"}],"collection":[{"href":"https:\/\/www.salvatorianas.org.br\/blog\/wp-json\/wp\/v2\/posts"}],"about":[{"href":"https:\/\/www.salvatorianas.org.br\/blog\/wp-json\/wp\/v2\/types\/post"}],"author":[{"embeddable":true,"href":"https:\/\/www.salvatorianas.org.br\/blog\/wp-json\/wp\/v2\/users\/2"}],"replies":[{"embeddable":true,"href":"https:\/\/www.salvatorianas.org.br\/blog\/wp-json\/wp\/v2\/comments?post=19129"}],"version-history":[{"count":1,"href":"https:\/\/www.salvatorianas.org.br\/blog\/wp-json\/wp\/v2\/posts\/19129\/revisions"}],"predecessor-version":[{"id":19131,"href":"https:\/\/www.salvatorianas.org.br\/blog\/wp-json\/wp\/v2\/posts\/19129\/revisions\/19131"}],"wp:featuredmedia":[{"embeddable":true,"href":"https:\/\/www.salvatorianas.org.br\/blog\/wp-json\/wp\/v2\/media\/19130"}],"wp:attachment":[{"href":"https:\/\/www.salvatorianas.org.br\/blog\/wp-json\/wp\/v2\/media?parent=19129"}],"wp:term":[{"taxonomy":"category","embeddable":true,"href":"https:\/\/www.salvatorianas.org.br\/blog\/wp-json\/wp\/v2\/categories?post=19129"},{"taxonomy":"post_tag","embeddable":true,"href":"https:\/\/www.salvatorianas.org.br\/blog\/wp-json\/wp\/v2\/tags?post=19129"}],"curies":[{"name":"wp","href":"https:\/\/api.w.org\/{rel}","templated":true}]}}