{"id":19126,"date":"2022-10-28T13:49:00","date_gmt":"2022-10-28T13:49:00","guid":{"rendered":"https:\/\/www.salvatorianas.org.br\/blog\/?p=19126"},"modified":"2022-10-30T13:50:10","modified_gmt":"2022-10-30T13:50:10","slug":"sao-simao-e-sao-judas-tadeu-apostolos","status":"publish","type":"post","link":"https:\/\/www.salvatorianas.org.br\/blog\/sao-simao-e-sao-judas-tadeu-apostolos\/","title":{"rendered":"S\u00e3o Sim\u00e3o e S\u00e3o Judas Tadeu, Ap\u00f3stolos"},"content":{"rendered":"\n<h3 class=\"wp-block-heading\">Ora\u00e7\u00e3o do dia<\/h3>\n\n\n\n<p>\u00d3 Deus, que, pela prega\u00e7\u00e3o dos ap\u00f3stolos, nos fizestes chegar ao conhecimento do vosso evangelho, concedei, pelas preces de s\u00e3o Sim\u00e3o e s\u00e3o Judas, que a vossa Igreja n\u00e3o cesse de crescer, acolhendo com amor nossos fi\u00e9is. Por Nosso Senhor Jesus Cristo, Vosso Filho, na unidade do Esp\u00edrito Santo.<\/p>\n\n\n\n<h3 class=\"wp-block-heading\">Leitura &#8211;&nbsp;Ef\u00e9sios 2,19-22<\/h3>\n\n\n\n<p>Leitura da carta de s\u00e3o Paulo aos Ef\u00e9sios.<\/p>\n\n\n\n<p>2 19 Consequentemente, j\u00e1 n\u00e3o sois h\u00f3spedes nem peregrinos, mas sois concidad\u00e3os dos santos e membros da fam\u00edlia de Deus,<\/p>\n\n\n\n<p>20 edificados sobre o fundamento dos ap\u00f3stolos e profetas, tendo por pedra angular o pr\u00f3prio Cristo Jesus.<\/p>\n\n\n\n<p>21 \u00c9 nele que todo edif\u00edcio, harmonicamente disposto, se levanta at\u00e9 formar um templo santo no Senhor.<\/p>\n\n\n\n<p>22 \u00c9 nele que tamb\u00e9m v\u00f3s outros entrais conjuntamente, pelo Esp\u00edrito, na estrutura do edif\u00edcio que se torna a habita\u00e7\u00e3o de Deus.<\/p>\n\n\n\n<p>Palavra do Senhor.<\/p>\n\n\n\n<h3 class=\"wp-block-heading\">Salmo Responsorial &#8211;&nbsp;18\/19A<\/h3>\n\n\n\n<p><strong>Seu som ressoa e se espalha em toda a terra.<\/strong><\/p>\n\n\n\n<p>Os c\u00e9us proclamam a gl\u00f3ria do Senhor,<\/p>\n\n\n\n<p>e o firmamento, a obra de suas m\u00e3os;<\/p>\n\n\n\n<p>o dia ao dia transmite essa mensagem,<\/p>\n\n\n\n<p>a noite \u00e0 noite publica essa not\u00edcia.<\/p>\n\n\n\n<p>N\u00e3o s\u00e3o discursos nem frases ou palavras,<\/p>\n\n\n\n<p>nem s\u00e3o vozes que possa ser ouvidas;<\/p>\n\n\n\n<p>seu som ressoa e se espalha em toda a terra,<\/p>\n\n\n\n<p>chega aos confins do universo a sua voz.<\/p>\n\n\n\n<h3 class=\"wp-block-heading\">Leitura &#8211;<\/h3>\n\n\n\n<h3 class=\"wp-block-heading\">Evangelho &#8211;&nbsp;Lucas 6, 12-19<\/h3>\n\n\n\n<p>Aleluia, aleluia, aleluia.<\/p>\n\n\n\n<p>A v\u00f3s, \u00f3 Deus, louvamos, a v\u00f3s, Senhor, cantamos; vos louva, \u00f3 Senhor, o corro dos ap\u00f3stolos!<\/p>\n\n\n\n<p>Proclama\u00e7\u00e3o do Evangelho de Jesus Cristo segundo Lucas.<\/p>\n\n\n\n<p>6 12 Naqueles dias, Jesus retirou-se a uma montanha para rezar, e passou a\u00ed toda a noite orando a Deus.<\/p>\n\n\n\n<p>13 Ao amanhecer, chamou os seus disc\u00edpulos e escolheu doze dentre eles que chamou de ap\u00f3stolos:<\/p>\n\n\n\n<p>14 Sim\u00e3o, a quem deu o sobrenome de Pedro; Andr\u00e9, seu irm\u00e3o; Tiago, Jo\u00e3o, Filipe, Bartolomeu,<\/p>\n\n\n\n<p>15 Mateus, Tom\u00e9, Tiago, filho de Alfeu; Sim\u00e3o, chamado Zelador;<\/p>\n\n\n\n<p>16 Judas, irm\u00e3o de Tiago; e Judas Iscariotes, aquele que foi o traidor.<\/p>\n\n\n\n<p>17 Descendo com eles, parou numa plan\u00edcie. A\u00ed se achava um grande n\u00famero de seus disc\u00edpulos e uma grande multid\u00e3o de pessoas vindas da Jud\u00e9ia, de Jerusal\u00e9m, da regi\u00e3o mar\u00edtima, de Tiro e Sid\u00f4nia, que tinham vindo para ouvi-lo e ser curadas das suas enfermidades.<\/p>\n\n\n\n<p>18 E os que eram atormentados dos esp\u00edritos imundos ficavam livres.<\/p>\n\n\n\n<p>19 Todo o povo procurava toc\u00e1-lo, pois sa\u00eda dele uma for\u00e7a que os curava a todos.<\/p>\n\n\n\n<p>Palavra da Salva\u00e7\u00e3o.<\/p>\n\n\n\n<h3 class=\"wp-block-heading\">Coment\u00e1rio ao Evangelho<\/h3>\n\n\n\n<p>AP\u00d3STOLOS \u2013 DISC\u00cdPULOS \u2013 MULTID\u00c3O<\/p>\n\n\n\n<p>O Evangelho distingue com precis\u00e3o tr\u00eas n\u00edveis no c\u00edrculo dos que acompanhavam Jesus. O primeiro e mais pr\u00f3ximo era o grupo formado pelos doze ap\u00f3stolos, um punhado de disc\u00edpulos escolhidos por Jesus, ap\u00f3s ter passado uma noite inteira em ora\u00e7\u00e3o a Deus. A palavra ap\u00f3stolo vem do voc\u00e1bulo grego e significa enviado. Tratava-se de um termo de car\u00e1ter jur\u00eddico bastante comum no juda\u00edsmo da \u00e9poca. O ap\u00f3stolo era o representante plenipotenci\u00e1rio de quem o enviava. No caso de Jesus, ele conferia a seus enviados plenos poderes para represent\u00e1-lo. Da\u00ed a import\u00e2ncia de escolh\u00ea-los com muito discernimento. O sucesso de sua obra dependia do bom desempenho deste grupo seleto.<\/p>\n\n\n\n<p>Os disc\u00edpulos formavam um c\u00edrculo mais amplo, composto por todos quantos aderiram a Jesus e se esfor\u00e7avam por conformar suas vidas com os seus ensinamentos. Os disc\u00edpulos do Senhor distinguiam-se dos disc\u00edpulos dos rabinos. Supunha-se haver entre eles e o Mestre uma profunda comunh\u00e3o de vida. Eram instru\u00eddos pela contempla\u00e7\u00e3o do comportamento do Mestre, que ensinava com seu exemplo. Casu\u00edsmos e teorias n\u00e3o tinham sentido na escola de Jesus.<\/p>\n\n\n\n<p>A multid\u00e3o era o c\u00edrculo dos curiosos que esperavam ser beneficiados pelo Mestre, sem, contudo, a inten\u00e7\u00e3o de se comprometerem mais profundamente com ele. \u00c9 desta multid\u00e3o que surgir\u00e3o novos disc\u00edpulos que livremente ir\u00e3o optar por seguir o Senhor.<\/p>\n","protected":false},"excerpt":{"rendered":"<p>Ora\u00e7\u00e3o do dia \u00d3 Deus, que, pela prega\u00e7\u00e3o dos ap\u00f3stolos, nos fizestes chegar ao conhecimento do vosso evangelho, concedei, pelas preces de s\u00e3o Sim\u00e3o e s\u00e3o Judas, que a vossa Igreja n\u00e3o cesse&#8230;<\/p>\n","protected":false},"author":2,"featured_media":19120,"comment_status":"open","ping_status":"open","sticky":false,"template":"","format":"standard","meta":[],"categories":[7],"tags":[],"_links":{"self":[{"href":"https:\/\/www.salvatorianas.org.br\/blog\/wp-json\/wp\/v2\/posts\/19126"}],"collection":[{"href":"https:\/\/www.salvatorianas.org.br\/blog\/wp-json\/wp\/v2\/posts"}],"about":[{"href":"https:\/\/www.salvatorianas.org.br\/blog\/wp-json\/wp\/v2\/types\/post"}],"author":[{"embeddable":true,"href":"https:\/\/www.salvatorianas.org.br\/blog\/wp-json\/wp\/v2\/users\/2"}],"replies":[{"embeddable":true,"href":"https:\/\/www.salvatorianas.org.br\/blog\/wp-json\/wp\/v2\/comments?post=19126"}],"version-history":[{"count":1,"href":"https:\/\/www.salvatorianas.org.br\/blog\/wp-json\/wp\/v2\/posts\/19126\/revisions"}],"predecessor-version":[{"id":19127,"href":"https:\/\/www.salvatorianas.org.br\/blog\/wp-json\/wp\/v2\/posts\/19126\/revisions\/19127"}],"wp:featuredmedia":[{"embeddable":true,"href":"https:\/\/www.salvatorianas.org.br\/blog\/wp-json\/wp\/v2\/media\/19120"}],"wp:attachment":[{"href":"https:\/\/www.salvatorianas.org.br\/blog\/wp-json\/wp\/v2\/media?parent=19126"}],"wp:term":[{"taxonomy":"category","embeddable":true,"href":"https:\/\/www.salvatorianas.org.br\/blog\/wp-json\/wp\/v2\/categories?post=19126"},{"taxonomy":"post_tag","embeddable":true,"href":"https:\/\/www.salvatorianas.org.br\/blog\/wp-json\/wp\/v2\/tags?post=19126"}],"curies":[{"name":"wp","href":"https:\/\/api.w.org\/{rel}","templated":true}]}}