{"id":19122,"date":"2022-10-29T13:45:00","date_gmt":"2022-10-29T13:45:00","guid":{"rendered":"https:\/\/www.salvatorianas.org.br\/blog\/?p=19122"},"modified":"2022-10-30T13:46:50","modified_gmt":"2022-10-30T13:46:50","slug":"sabado-30a-semana-do-tempo-comum","status":"publish","type":"post","link":"https:\/\/www.salvatorianas.org.br\/blog\/sabado-30a-semana-do-tempo-comum\/","title":{"rendered":"S\u00e1bado &#8211; 30\u00aa Semana do Tempo Comum"},"content":{"rendered":"\n<h3 class=\"wp-block-heading\">Ora\u00e7\u00e3o do dia<\/h3>\n\n\n\n<p>Deus eterno e todo-poderoso, aumentai em n\u00f3s a f\u00e9, a esperan\u00e7a e a caridade e dai-nos amar o que ordenais para conseguirmos o que prometeis. Por Nosso Senhor Jesus Cristo, Vosso Filho, na unidade do Esp\u00edrito Santo.<\/p>\n\n\n\n<h3 class=\"wp-block-heading\">Leitura &#8211;&nbsp;Filipenses 1,18-26<\/h3>\n\n\n\n<p>Leitura da carta de s\u00e3o Paulo aos Filipenses.<\/p>\n\n\n\n<p>1 18 Mas n\u00e3o faz mal! Contanto que de todas as maneiras, por pretexto ou por verdade, Cristo seja anunciado, nisto n\u00e3o s\u00f3 me alegro, mas sempre me alegrarei.<\/p>\n\n\n\n<p>19 Pois sei que isto me resultar\u00e1 em salva\u00e7\u00e3o, gra\u00e7as \u00e0s vossas ora\u00e7\u00f5es e ao socorro do Esp\u00edrito de Jesus Cristo.<\/p>\n\n\n\n<p>20 Meu ardente desejo e minha esperan\u00e7a s\u00e3o que em nada serei confundido, mas que, hoje como sempre, Cristo ser\u00e1 glorificado no meu corpo (tenho toda a certeza disto), quer pela minha vida quer pela minha morte.<\/p>\n\n\n\n<p>21 Porque para mim o viver \u00e9 Cristo e o morrer \u00e9 lucro.<\/p>\n\n\n\n<p>22 Mas, se o viver no corpo \u00e9 \u00fatil para o meu trabalho, n\u00e3o sei ent\u00e3o o que devo preferir.<\/p>\n\n\n\n<p>23 Sinto-me pressionado dos dois lados: por uma parte, desejaria desprender-me para estar com Cristo &#8211; o que seria imensamente melhor;<\/p>\n\n\n\n<p>24 mas, de outra parte, continuar a viver \u00e9 mais necess\u00e1rio, por causa de v\u00f3s&#8230;<\/p>\n\n\n\n<p>25 Persuadido disto, sei que ficarei e continuarei com todos v\u00f3s, para proveito vosso e consola\u00e7\u00e3o da vossa f\u00e9.<\/p>\n\n\n\n<p>26 Assim, minha volta para junto de v\u00f3s vos dar\u00e1 um novo motivo de alegria em Cristo Jesus.<\/p>\n\n\n\n<p>Palavra do Senhor.<\/p>\n\n\n\n<h3 class=\"wp-block-heading\">Salmo Responsorial &#8211;&nbsp;41\/42<\/h3>\n\n\n\n<p><strong>Minha alma tem sede de Deus, do Deus vivo!<\/strong><\/p>\n\n\n\n<p>Assim como a cor\u00e7a suspira<\/p>\n\n\n\n<p>pelas \u00e1guas correntes,<\/p>\n\n\n\n<p>suspira igualmente minh\u00b4alma<\/p>\n\n\n\n<p>por v\u00f3s, \u00f3 meu Deus!<\/p>\n\n\n\n<p>Minha alma tem sede de Deus<\/p>\n\n\n\n<p>e deseja o Deus vivo.<\/p>\n\n\n\n<p>Quando terei a alegria de ver<\/p>\n\n\n\n<p>a face de Deus?<\/p>\n\n\n\n<p>Peregrino e feliz caminhando para a casa de Deus,<\/p>\n\n\n\n<p>entre gritos, louvor e alegria<\/p>\n\n\n\n<p>da multid\u00e3o jubilosa.<\/p>\n\n\n\n<h3 class=\"wp-block-heading\">Leitura &#8211;<\/h3>\n\n\n\n<h3 class=\"wp-block-heading\">Evangelho &#8211;&nbsp;Lucas 14,1.7-11<\/h3>\n\n\n\n<p>Aleluia, aleluia, aleluia.<\/p>\n\n\n\n<p>Tomai meu jugo sobre v\u00f3s e aprendei de mim, que sou de cora\u00e7\u00e3o humilde e manso! (Mt 11,29).<\/p>\n\n\n\n<p>Proclama\u00e7\u00e3o do Evangelho de Jesus Cristo segundo Lucas.<\/p>\n\n\n\n<p>14 1 Jesus entrou num s\u00e1bado em casa de um fariseu not\u00e1vel, para uma refei\u00e7\u00e3o; eles o observavam.<\/p>\n\n\n\n<p>7 Observando tamb\u00e9m como os convivas escolhiam os primeiros lugares, prop\u00f4s-lhes a seguinte par\u00e1bola:<\/p>\n\n\n\n<p>8 \u201cQuando fores convidado \u00e0s bodas, n\u00e3o te sentes no primeiro lugar, pois pode ser que seja convidada outra pessoa de mais considera\u00e7\u00e3o do que tu,<\/p>\n\n\n\n<p>9 e vindo o que te convidou, te diga: \u2018Cede o lugar a este\u2019. Terias ent\u00e3o a confus\u00e3o de dever ocupar o \u00faltimo lugar.<\/p>\n\n\n\n<p>10 Mas, quando fores convidado, vai tomar o \u00faltimo lugar, para que, quando vier o que te convidou, te diga: \u2018Amigo, passa mais para cima\u2019. Ent\u00e3o ser\u00e1s honrado na presen\u00e7a de todos os convivas.<\/p>\n\n\n\n<p>11 Porque todo aquele que se exaltar ser\u00e1 humilhado, e todo aquele que se humilhar ser\u00e1 exaltado\u201d.<\/p>\n\n\n\n<p>Palavra da Salva\u00e7\u00e3o.<\/p>\n\n\n\n<h3 class=\"wp-block-heading\">Coment\u00e1rio ao Evangelho<\/h3>\n\n\n\n<p>A VIRTUDE DA DISCRI\u00c7\u00c3O<\/p>\n\n\n\n<p>Algumas circunst\u00e2ncias ofereciam a Jesus a oportunidade de dar li\u00e7\u00f5es de boas maneiras aos seus contempor\u00e2neos. Seus ensinamentos, nestes casos, tinham o sabor dos antigos ditos sapienciais, t\u00e3o pr\u00f3prios da mentalidade judaica.<\/p>\n\n\n\n<p>O modo como os convidados se comportavam numa refei\u00e7\u00e3o, na casa de um dos chefes dos fariseus, levou o Mestre a recomendar discri\u00e7\u00e3o nestas ocasi\u00f5es. Querer logo ocupar o primeiro lugar \u00e9 muito arriscado. Se chegar algu\u00e9m mais importante, a pessoa ser\u00e1 convidada a ceder-lhe o lugar e ir ocupar o \u00faltimo. Quem se julga superior aos olhos do anfitri\u00e3o e digno de defer\u00eancia, acaba sofrendo a humilha\u00e7\u00e3o de ver revelada sua condi\u00e7\u00e3o de inferioridade.<\/p>\n\n\n\n<p>A prud\u00eancia recomenda que a pessoa convidada, discretamente, procure o \u00faltimo lugar. E se houver um lugar de honra, caber\u00e1 ao anfitri\u00e3o fazer o convite a quem lhe convier. Caso quem se colocou em \u00faltimo lugar seja convidado a ocupar tal lugar, a discri\u00e7\u00e3o redundar\u00e1 num desfecho honroso e ficar\u00e1 patente a estima que o anfitri\u00e3o tem por este convidado.<\/p>\n\n\n\n<p>A recomenda\u00e7\u00e3o de Jesus parte de uma norma de vida pr\u00f3pria do disc\u00edpulo do Reino. A \u00e2nsia de ser exaltado acaba em humilha\u00e7\u00e3o. A humilha\u00e7\u00e3o, pelo contr\u00e1rio, ter\u00e1 como pr\u00eamio a exalta\u00e7\u00e3o, que, se n\u00e3o vier dos homens, sem d\u00favida, vir\u00e1 de Deus.<\/p>\n","protected":false},"excerpt":{"rendered":"<p>Ora\u00e7\u00e3o do dia Deus eterno e todo-poderoso, aumentai em n\u00f3s a f\u00e9, a esperan\u00e7a e a caridade e dai-nos amar o que ordenais para conseguirmos o que prometeis. Por Nosso Senhor Jesus Cristo,&#8230;<\/p>\n","protected":false},"author":2,"featured_media":19123,"comment_status":"open","ping_status":"open","sticky":false,"template":"","format":"standard","meta":[],"categories":[7],"tags":[],"_links":{"self":[{"href":"https:\/\/www.salvatorianas.org.br\/blog\/wp-json\/wp\/v2\/posts\/19122"}],"collection":[{"href":"https:\/\/www.salvatorianas.org.br\/blog\/wp-json\/wp\/v2\/posts"}],"about":[{"href":"https:\/\/www.salvatorianas.org.br\/blog\/wp-json\/wp\/v2\/types\/post"}],"author":[{"embeddable":true,"href":"https:\/\/www.salvatorianas.org.br\/blog\/wp-json\/wp\/v2\/users\/2"}],"replies":[{"embeddable":true,"href":"https:\/\/www.salvatorianas.org.br\/blog\/wp-json\/wp\/v2\/comments?post=19122"}],"version-history":[{"count":1,"href":"https:\/\/www.salvatorianas.org.br\/blog\/wp-json\/wp\/v2\/posts\/19122\/revisions"}],"predecessor-version":[{"id":19124,"href":"https:\/\/www.salvatorianas.org.br\/blog\/wp-json\/wp\/v2\/posts\/19122\/revisions\/19124"}],"wp:featuredmedia":[{"embeddable":true,"href":"https:\/\/www.salvatorianas.org.br\/blog\/wp-json\/wp\/v2\/media\/19123"}],"wp:attachment":[{"href":"https:\/\/www.salvatorianas.org.br\/blog\/wp-json\/wp\/v2\/media?parent=19122"}],"wp:term":[{"taxonomy":"category","embeddable":true,"href":"https:\/\/www.salvatorianas.org.br\/blog\/wp-json\/wp\/v2\/categories?post=19122"},{"taxonomy":"post_tag","embeddable":true,"href":"https:\/\/www.salvatorianas.org.br\/blog\/wp-json\/wp\/v2\/tags?post=19122"}],"curies":[{"name":"wp","href":"https:\/\/api.w.org\/{rel}","templated":true}]}}