{"id":19114,"date":"2022-10-29T11:15:11","date_gmt":"2022-10-29T11:15:11","guid":{"rendered":"https:\/\/www.salvatorianas.org.br\/blog\/?p=19114"},"modified":"2022-12-08T13:19:01","modified_gmt":"2022-12-08T13:19:01","slug":"7o-dia-de-falecimento-da-ir-gerilda-bilibio","status":"publish","type":"post","link":"https:\/\/www.salvatorianas.org.br\/blog\/7o-dia-de-falecimento-da-ir-gerilda-bilibio\/","title":{"rendered":"7\u00ba dia de falecimento da Ir. Gerilda Bilibio"},"content":{"rendered":"\n<p>Celebramos hoje, 29 de outubro, o 7\u00ba dia de falecimento da Irm\u00e3 Gerilda Bilibio. Fa\u00e7amos mem\u00f3ria da sua bela hist\u00f3ria de vida e miss\u00e3o atrav\u00e9s de sua biografia, em forma de gratid\u00e3o e prece.<\/p>\n\n\n\n<p><\/p>\n\n\n\n<h3 class=\"wp-block-heading\">Biografia Ir. Gerilda Bilibio<\/h3>\n\n\n\n<p>Ir. Gerilda Bilibio nasceu no dia 22 de julho de 1930 em Vila Ametista, munic\u00edpio de Passo Fundo\/RS. Era a oitava dos doze filhos de Jo\u00e3o Bilibio e Magdalena Caron Bilibio. Tinha 7 irm\u00e3os homens e 4 mulheres. Recebeu o Sacramento do Batismo no dia 07 de outubro de 1930 e sacramento de crisma em 1932, ambos em Passo Fundo\/RS.<\/p>\n\n\n\n<p>Fez sua Primeira Eucaristia no dia 10 de novembro de 1940 em Cir\u00edaco\/RS. &#8220;O Senhor \u00e9 meu Pastor, nada me faltar\u00e1&#8221;. Sua fam\u00edlia profundamente cat\u00f3lica, cultivava a devo\u00e7\u00e3o da ora\u00e7\u00e3o do ter\u00e7o, acompanhava as capelinhas nas fam\u00edlias. Desde cedo aprendeu com seus pais a rezar e participar da comunidade e assim crescendo na f\u00e9, foi aos poucos sentindo o chamado de Deus para a voca\u00e7\u00e3o \u00e0 vida religiosa.<\/p>\n\n\n\n<p>Ingressou na congrega\u00e7\u00e3o no dia 08 de dezembro de 1950 em David Canabarro\/RS, onde ap\u00f3s a forma\u00e7\u00e3o \u00e0 Vida Consagrada Salvatoriana professou os primeiros votos no dia 02 de fevereiro de 1954 e, aprofundando-se na experi\u00eancia do seguimento a Jesus, fez sua Profiss\u00e3o Definitiva no dia 02 de fevereiro de 1960, em Videira\/SC. Ir. Gerilda expressava que encontrou na ora\u00e7\u00e3o, sempre com Jesus e Maria a for\u00e7a e a inspira\u00e7\u00e3o para sua voca\u00e7\u00e3o e miss\u00e3o.<\/p>\n\n\n\n<p>Nas suas atividades apost\u00f3licas atuou nas comunidades Divino Salvador, em Videira\/SC, Divina Provid\u00eancia, em Caibi\/SC, comunidade Santa In\u00eas, em \u00c1gua Santa\/RS, comunidade Imaculada Concei\u00e7\u00e3o, em Videira\/SC, comunidade Salvatoriana, em Campo Alegre\/SC, comunidade M\u00e3e do Bom Conselho, em Passo Fundo\/RS, na Irmandade Nossa Senhora das Gra\u00e7as, em Lages\/SC, Creche Conde Modesto Leal, em Joinville\/SC, comunidade Santa Clara, em V\u00e1rzea do Po\u00e7o\/BA, Comunidade Ema\u00fas, em Oliveira dos Brejinhos\/BA, comunidade \u00c1gua Viva, em Cir\u00edaco\/RS, Comunidade Nossa Senhora Aparecida, em Baixa Grande\/BA, comunidade Maria do Caminho, em Lages\/SC, comunidade M\u00e3e de Deus, em S\u00e3o Louren\u00e7o do Oeste\/SC, comunidade Cristo Salvador, em Porto Alegre\/RS, comunidade M\u00e3e Peregrina, em Blumenau\/SC, comunidade Horizonte, em Passo Fundo\/RS e comunidade Santa Isabel, em Passo Fundo\/RS.<\/p>\n\n\n\n<p>Ir. Gerilda viveu a miss\u00e3o Salvatoriana, doando sua vida aos mais necessitados em diversos servi\u00e7os, partilhando dos seus dons que se expressavam em gestos de bondade e compaix\u00e3o para com as pessoas. Algo em que se dedicou com carinho era a visita \u00e0s fam\u00edlias e enfermos, levando a eucaristia, palavras de conforto e consolo aos que mais sofriam. Tamb\u00e9m participava e colaborava em grupos de fam\u00edlia com novenas e a ora\u00e7\u00e3o do ter\u00e7o.<\/p>\n\n\n\n<p>Nas comunidades onde morou, Ir. Gerilda, num esp\u00edrito de servi\u00e7o e doa\u00e7\u00e3o foi sempre uma presen\u00e7a amiga e irm\u00e3. Com sua alegria, simplicidade e bem querer cultivava amizades com quem se relacionava. Acompanhava a caminhada da Prov\u00edncia e da Congrega\u00e7\u00e3o agradecendo a Deus por tudo. Na sua sabedoria e simplicidade, em ora\u00e7\u00e3o dizia \u201cPonho minha alma entre tuas m\u00e3os Senhor. Entrego-me a Ti meu Deus com todo o ardor do meu cora\u00e7\u00e3o porque te amo e \u00e9s para mim uma necessidade de te amar e de entregar-me em tuas m\u00e3os, sem medida e com infinita confian\u00e7a, porque tu \u00e9s o meu Pai. Am\u00e9m!\u201d Que profunda ora\u00e7\u00e3o de entrega!<\/p>\n\n\n\n<p>Sua espiritualidade era regada pela devo\u00e7\u00e3o especial aos fundadores, os Bem-aventurados Francisco Jordan e Maria dos Ap\u00f3stolos, a S\u00e3o Jos\u00e9 e Nossa Senhora Aparecida a quem confiou sua vida e miss\u00e3o.<\/p>\n\n\n\n<p>Ir. Gerilda Bilibio aos 92 anos de vida e 68 anos de Vida Consagrada Salvatoriana, o Divino Salvador a chamou e a acolheu em seus bra\u00e7os na morada eterna, no dia 23 de outubro de 2022 em Passo Fundo\/RS. Faleceu v\u00edtima de parada cardiorrespirat\u00f3ria e foi sepultada no Cemit\u00e9rio Memorial Vera Cruz em Passo Fundo\/RS.<\/p>\n\n\n\n<p>Muito obrigada Ir. Gerilda por sua presen\u00e7a entre n\u00f3s! Atrav\u00e9s de sua vida em miss\u00e3o Deus Salvador se tornou mais conhecido e amado. Agora, face a face com Ele, nesta luz que tudo alcan\u00e7a, viva a felicidade plena e eterna. Intercede pela fam\u00edlia Salvatoriana e por toda a humanidade que sofre. Descanse em paz! \u201cTodo aquele que est\u00e1 em Cristo \u00e9 uma nova criatura\u201d. (2 Cor 5,17)<\/p>\n","protected":false},"excerpt":{"rendered":"<p>Celebramos hoje, 29 de outubro, o 7\u00ba dia de falecimento da Irm\u00e3 Gerilda Bilibio. Fa\u00e7amos mem\u00f3ria da sua bela hist\u00f3ria de vida e miss\u00e3o atrav\u00e9s de sua biografia, em forma de gratid\u00e3o e&#8230;<\/p>\n","protected":false},"author":2,"featured_media":19115,"comment_status":"open","ping_status":"open","sticky":false,"template":"","format":"standard","meta":[],"categories":[1],"tags":[],"_links":{"self":[{"href":"https:\/\/www.salvatorianas.org.br\/blog\/wp-json\/wp\/v2\/posts\/19114"}],"collection":[{"href":"https:\/\/www.salvatorianas.org.br\/blog\/wp-json\/wp\/v2\/posts"}],"about":[{"href":"https:\/\/www.salvatorianas.org.br\/blog\/wp-json\/wp\/v2\/types\/post"}],"author":[{"embeddable":true,"href":"https:\/\/www.salvatorianas.org.br\/blog\/wp-json\/wp\/v2\/users\/2"}],"replies":[{"embeddable":true,"href":"https:\/\/www.salvatorianas.org.br\/blog\/wp-json\/wp\/v2\/comments?post=19114"}],"version-history":[{"count":2,"href":"https:\/\/www.salvatorianas.org.br\/blog\/wp-json\/wp\/v2\/posts\/19114\/revisions"}],"predecessor-version":[{"id":19117,"href":"https:\/\/www.salvatorianas.org.br\/blog\/wp-json\/wp\/v2\/posts\/19114\/revisions\/19117"}],"wp:featuredmedia":[{"embeddable":true,"href":"https:\/\/www.salvatorianas.org.br\/blog\/wp-json\/wp\/v2\/media\/19115"}],"wp:attachment":[{"href":"https:\/\/www.salvatorianas.org.br\/blog\/wp-json\/wp\/v2\/media?parent=19114"}],"wp:term":[{"taxonomy":"category","embeddable":true,"href":"https:\/\/www.salvatorianas.org.br\/blog\/wp-json\/wp\/v2\/categories?post=19114"},{"taxonomy":"post_tag","embeddable":true,"href":"https:\/\/www.salvatorianas.org.br\/blog\/wp-json\/wp\/v2\/tags?post=19114"}],"curies":[{"name":"wp","href":"https:\/\/api.w.org\/{rel}","templated":true}]}}