{"id":19104,"date":"2022-10-28T21:19:47","date_gmt":"2022-10-28T21:19:47","guid":{"rendered":"https:\/\/www.salvatorianas.org.br\/blog\/?p=19104"},"modified":"2022-10-28T21:22:51","modified_gmt":"2022-10-28T21:22:51","slug":"leigos-salvatorianos-participam-de-retiro-2","status":"publish","type":"post","link":"https:\/\/www.salvatorianas.org.br\/blog\/leigos-salvatorianos-participam-de-retiro-2\/","title":{"rendered":"Leigos Salvatorianos participam de retiro"},"content":{"rendered":"\n<p><strong>\u201cQuero rezar para que se cumpra a vontade de Deus e para que eu reconhe\u00e7a a minha voca\u00e7\u00e3o.\u201d<\/strong> Bem-aventurado Francisco Jordan<\/p>\n\n\n\n<p>Foi realizado no \u00faltimo domingo, 23 de outubro, em S\u00e3o Jos\u00e9 dos Pinhais\/PR, o retiro anual dos Leigos Salvatorianos.&nbsp; Participaram os grupos S\u00e3o Jos\u00e9, Nossa Senhora da Visita\u00e7\u00e3o e Sant\u00edssima Trindade.<\/p>\n\n\n\n<p>Durante o retiro os leigos foram convidados a rezar o chamado e a miss\u00e3o como salvatorianos, seguindo o testemunho dos Bem-aventurados Francisco Jordan e Maria dos Ap\u00f3stolos. E para colaborar nas reflex\u00f5es, o grupo contou com a presen\u00e7a das Irm\u00e3s Beatriz Baseggio e Vanucia Sousa da Silva.<\/p>\n\n\n\n<p>Nos momentos de partilha, os leigos relataram que o retiro \u00e9 considerado o momento mais aguardado do ano. &nbsp;Tempo prop\u00edcio para estar a s\u00f3s com Jesus, reabastecer as energias e reafirmar o compromisso como leigo salvatoriano. Todos manifestaram gratid\u00e3o pelo chamado a fazer parte desta fam\u00edlia e juntos assumir o carisma e a miss\u00e3o salvatoriana. Ao mesmo tempo, compartilharam que sentem-se desafiados todos os dias com seu compromisso de batizados no cotidiano da vida, na fam\u00edlia, no trabalho e nas pastorais que contribuem na Igreja, para assim continuar tornando Jesus conhecido e amado a todos&#8230;<\/p>\n\n\n\n<p>No encerramento, todos agradeceram a fam\u00edlia que disponibilizou a ch\u00e1cara para este retiro, assim como os postulantes Iago, Ierandi e Nadson (Instituto Pe. Jordan), a postulante Caline, as irm\u00e3s Gladis Lando, Angelina Marttini, &nbsp;Terezinha Bianchet que auxiliaram com seus servi\u00e7os no preparo da alimenta\u00e7\u00e3o.<\/p>\n\n\n\n<p>Que o Divino Salvador nos ajude a sermos fieis ao chamado e a miss\u00e3o de sermos leigos salvatorianos aonde somos convidados a testemunhar a exemplo de nossos fundadores.<\/p>\n\n\n\n<p><strong>\u201cQuando ou\u00e7o falar em miss\u00f5es, sinto em mim real urg\u00eancia! Nunca antes senti tais emo\u00e7\u00f5es, tanto amor nunca experimentei assim!\u201d<\/strong> Bem-aventurada Maria dos Ap\u00f3stolos<\/p>\n\n\n\n<p><\/p>\n\n\n\n<figure class=\"wp-block-image size-full\"><img decoding=\"async\" loading=\"lazy\" width=\"1024\" height=\"768\" src=\"https:\/\/www.salvatorianas.org.br\/blog\/wp-content\/uploads\/2022\/10\/02-1.jpg\" alt=\"\" class=\"wp-image-19106\" srcset=\"https:\/\/www.salvatorianas.org.br\/blog\/wp-content\/uploads\/2022\/10\/02-1.jpg 1024w, https:\/\/www.salvatorianas.org.br\/blog\/wp-content\/uploads\/2022\/10\/02-1-300x225.jpg 300w, https:\/\/www.salvatorianas.org.br\/blog\/wp-content\/uploads\/2022\/10\/02-1-768x576.jpg 768w\" sizes=\"(max-width: 1024px) 100vw, 1024px\" \/><\/figure>\n\n\n\n<figure class=\"wp-block-image size-full\"><img decoding=\"async\" loading=\"lazy\" width=\"1024\" height=\"768\" src=\"https:\/\/www.salvatorianas.org.br\/blog\/wp-content\/uploads\/2022\/10\/04-1.jpg\" alt=\"\" class=\"wp-image-19108\" srcset=\"https:\/\/www.salvatorianas.org.br\/blog\/wp-content\/uploads\/2022\/10\/04-1.jpg 1024w, https:\/\/www.salvatorianas.org.br\/blog\/wp-content\/uploads\/2022\/10\/04-1-300x225.jpg 300w, https:\/\/www.salvatorianas.org.br\/blog\/wp-content\/uploads\/2022\/10\/04-1-768x576.jpg 768w\" sizes=\"(max-width: 1024px) 100vw, 1024px\" \/><\/figure>\n\n\n\n<figure class=\"wp-block-image size-full\"><img decoding=\"async\" loading=\"lazy\" width=\"1024\" height=\"768\" src=\"https:\/\/www.salvatorianas.org.br\/blog\/wp-content\/uploads\/2022\/10\/05-1.jpg\" alt=\"\" class=\"wp-image-19109\" srcset=\"https:\/\/www.salvatorianas.org.br\/blog\/wp-content\/uploads\/2022\/10\/05-1.jpg 1024w, https:\/\/www.salvatorianas.org.br\/blog\/wp-content\/uploads\/2022\/10\/05-1-300x225.jpg 300w, https:\/\/www.salvatorianas.org.br\/blog\/wp-content\/uploads\/2022\/10\/05-1-768x576.jpg 768w\" sizes=\"(max-width: 1024px) 100vw, 1024px\" \/><\/figure>\n\n\n\n<figure class=\"wp-block-image size-full\"><img decoding=\"async\" loading=\"lazy\" width=\"1024\" height=\"768\" src=\"https:\/\/www.salvatorianas.org.br\/blog\/wp-content\/uploads\/2022\/10\/06-2.jpg\" alt=\"\" class=\"wp-image-19112\" srcset=\"https:\/\/www.salvatorianas.org.br\/blog\/wp-content\/uploads\/2022\/10\/06-2.jpg 1024w, https:\/\/www.salvatorianas.org.br\/blog\/wp-content\/uploads\/2022\/10\/06-2-300x225.jpg 300w, https:\/\/www.salvatorianas.org.br\/blog\/wp-content\/uploads\/2022\/10\/06-2-768x576.jpg 768w\" sizes=\"(max-width: 1024px) 100vw, 1024px\" \/><\/figure>\n\n\n\n<figure class=\"wp-block-image\"><img alt=\"\"\/><\/figure>\n","protected":false},"excerpt":{"rendered":"<p>\u201cQuero rezar para que se cumpra a vontade de Deus e para que eu reconhe\u00e7a a minha voca\u00e7\u00e3o.\u201d Bem-aventurado Francisco Jordan Foi realizado no \u00faltimo domingo, 23 de outubro, em S\u00e3o Jos\u00e9 dos&#8230;<\/p>\n","protected":false},"author":2,"featured_media":19105,"comment_status":"open","ping_status":"open","sticky":false,"template":"","format":"standard","meta":[],"categories":[1],"tags":[],"_links":{"self":[{"href":"https:\/\/www.salvatorianas.org.br\/blog\/wp-json\/wp\/v2\/posts\/19104"}],"collection":[{"href":"https:\/\/www.salvatorianas.org.br\/blog\/wp-json\/wp\/v2\/posts"}],"about":[{"href":"https:\/\/www.salvatorianas.org.br\/blog\/wp-json\/wp\/v2\/types\/post"}],"author":[{"embeddable":true,"href":"https:\/\/www.salvatorianas.org.br\/blog\/wp-json\/wp\/v2\/users\/2"}],"replies":[{"embeddable":true,"href":"https:\/\/www.salvatorianas.org.br\/blog\/wp-json\/wp\/v2\/comments?post=19104"}],"version-history":[{"count":2,"href":"https:\/\/www.salvatorianas.org.br\/blog\/wp-json\/wp\/v2\/posts\/19104\/revisions"}],"predecessor-version":[{"id":19113,"href":"https:\/\/www.salvatorianas.org.br\/blog\/wp-json\/wp\/v2\/posts\/19104\/revisions\/19113"}],"wp:featuredmedia":[{"embeddable":true,"href":"https:\/\/www.salvatorianas.org.br\/blog\/wp-json\/wp\/v2\/media\/19105"}],"wp:attachment":[{"href":"https:\/\/www.salvatorianas.org.br\/blog\/wp-json\/wp\/v2\/media?parent=19104"}],"wp:term":[{"taxonomy":"category","embeddable":true,"href":"https:\/\/www.salvatorianas.org.br\/blog\/wp-json\/wp\/v2\/categories?post=19104"},{"taxonomy":"post_tag","embeddable":true,"href":"https:\/\/www.salvatorianas.org.br\/blog\/wp-json\/wp\/v2\/tags?post=19104"}],"curies":[{"name":"wp","href":"https:\/\/api.w.org\/{rel}","templated":true}]}}