{"id":19099,"date":"2022-10-27T01:33:00","date_gmt":"2022-10-27T01:33:00","guid":{"rendered":"https:\/\/www.salvatorianas.org.br\/blog\/?p=19099"},"modified":"2022-10-27T12:35:31","modified_gmt":"2022-10-27T12:35:31","slug":"quinta-feira-30a-semana-do-tempo-comum","status":"publish","type":"post","link":"https:\/\/www.salvatorianas.org.br\/blog\/quinta-feira-30a-semana-do-tempo-comum\/","title":{"rendered":"Quinta-feira &#8211; 30\u00aa Semana do Tempo Comum"},"content":{"rendered":"\n<h3 class=\"wp-block-heading\">Ora\u00e7\u00e3o do dia<\/h3>\n\n\n\n<p>Deus eterno e todo-poderoso, aumentai em n\u00f3s a f\u00e9, a esperan\u00e7a e a caridade e dai-nos amar o que ordenais para conseguirmos o que prometeis. Por Nosso Senhor Jesus Cristo, Vosso Filho, na unidade do Esp\u00edrito Santo.<\/p>\n\n\n\n<h3 class=\"wp-block-heading\">Leitura &#8211;&nbsp;Ef\u00e9sios 6,10-20<\/h3>\n\n\n\n<p>Leitura da carta de s\u00e3o Paulo aos Ef\u00e9sios.<\/p>\n\n\n\n<p>6 10 Finalmente, irm\u00e3os, fortalecei-vos no Senhor, pelo seu soberano poder.<\/p>\n\n\n\n<p>11 Revesti-vos da armadura de Deus, para que possais resistir \u00e0s ciladas do dem\u00f4nio.<\/p>\n\n\n\n<p>12 Pois n\u00e3o \u00e9 contra homens de carne e sangue que temos de lutar, mas contra os principados e potestades, contra os pr\u00edncipes deste mundo tenebroso, contra as for\u00e7as espirituais do mal (espalhadas) nos ares.<\/p>\n\n\n\n<p>13 Tomai, por tanto, a armadura de Deus, para que possais resistir nos dias maus e manter-vos inabal\u00e1veis no cumprimento do vosso dever.<\/p>\n\n\n\n<p>14 Ficai alerta, \u00e0 cintura cingidos com a verdade, o corpo vestido com a coura\u00e7a da justi\u00e7a,<\/p>\n\n\n\n<p>15 e os p\u00e9s cal\u00e7ados de prontid\u00e3o para anunciar o Evangelho da paz.<\/p>\n\n\n\n<p>16 Sobretudo, embra\u00e7ai o escudo da f\u00e9, com que possais apagar todos os dardos inflamados do Maligno.<\/p>\n\n\n\n<p>17 Tomai, enfim, o capacete da salva\u00e7\u00e3o e a espada do Esp\u00edrito, isto \u00e9, a palavra de Deus.<\/p>\n\n\n\n<p>18 Intensificai as vossas invoca\u00e7\u00f5es e s\u00faplicas. Orai em toda circunst\u00e2ncia, pelo Esp\u00edrito, no qual perseverai em intensa vig\u00edlia de s\u00faplica por todos os crist\u00e3os.<\/p>\n\n\n\n<p>19 E orai tamb\u00e9m por mim, para que me seja dado anunciar corajosamente o mist\u00e9rio do Evangelho,<\/p>\n\n\n\n<p>20 do qual eu sou embaixador, prisioneiro. E que eu saiba aprego\u00e1-lo publicamente, e com desassombro, como \u00e9 meu dever!<\/p>\n\n\n\n<p>Palavra do Senhor.<\/p>\n\n\n\n<h3 class=\"wp-block-heading\">Salmo Responsorial &#8211;&nbsp;143\/144<\/h3>\n\n\n\n<p><strong>Bendito seja o Senhor, meu rochedo!<\/strong><\/p>\n\n\n\n<p>Bendito seja o Senhor, meu rochedo,<\/p>\n\n\n\n<p>Que adestrou minhas m\u00e3os para a luta<\/p>\n\n\n\n<p>E os meus dedos treinou para a guerra!<\/p>\n\n\n\n<p>Ele \u00e9 meu amor, meu ref\u00fagio,<\/p>\n\n\n\n<p>Libertador, fortaleza e abrigo;<\/p>\n\n\n\n<p>\u00c9 meu escudo: \u00e9 nele que espero,<\/p>\n\n\n\n<p>Ele submete as na\u00e7\u00f5es a meus p\u00e9s.<\/p>\n\n\n\n<p>Um canto novo, meu Deus, vou cantar-vos,<\/p>\n\n\n\n<p>Nas dez cordas da harpa louvar-vos,<\/p>\n\n\n\n<p>A v\u00f3s que dais a vit\u00f3ria aos reis<\/p>\n\n\n\n<p>E salvais vosso servo Davi.<\/p>\n\n\n\n<h3 class=\"wp-block-heading\">Leitura &#8211;<\/h3>\n\n\n\n<h3 class=\"wp-block-heading\">Evangelho &#8211;&nbsp;Lucas 13,31-35<\/h3>\n\n\n\n<p>Aleluia, aleluia, aleluia.<\/p>\n\n\n\n<p>Bendito \u00e9 o rei que vem em nome do Senhor! Gl\u00f3ria a Deus nos altos c\u00e9us e na terra paz aos homens! (Lc 19,38;2,14)<\/p>\n\n\n\n<p>Proclama\u00e7\u00e3o do Evangelho de Jesus Cristo segundo Lucas.<\/p>\n\n\n\n<p>13 31 No mesmo dia chegaram alguns dos fariseus, dizendo a Jesus: \u201cSai e vai-te daqui, porque Herodes te quer matar\u201d.<\/p>\n\n\n\n<p>32 Disse-lhes ele: \u201cIde dizer a essa raposa: eis que expulso dem\u00f4nios e fa\u00e7o curas hoje e amanh\u00e3; e ao terceiro dia terminarei a minha vida.<\/p>\n\n\n\n<p>33 \u00c9 necess\u00e1rio, todavia, que eu caminhe hoje, amanh\u00e3 e depois de amanh\u00e3, porque n\u00e3o \u00e9 admiss\u00edvel que um profeta morra fora de Jerusal\u00e9m.<\/p>\n\n\n\n<p>34 Jerusal\u00e9m, Jerusal\u00e9m, que matas os profetas e apedrejas os enviados de Deus, quantas vezes quis ajuntar os teus filhos, como a galinha abriga a sua ninhada debaixo das asas, mas n\u00e3o o quiseste!<\/p>\n\n\n\n<p>35 Eis que vos ficar\u00e1 deserta a vossa casa. Digo-vos, por\u00e9m, que n\u00e3o me vereis at\u00e9 que venha o dia em que digais: \u2018Bendito o que vem em nome do Senhor!\u2019\u201d<\/p>\n\n\n\n<p>Palavra da Salva\u00e7\u00e3o.<\/p>\n\n\n\n<h3 class=\"wp-block-heading\">Coment\u00e1rio ao Evangelho<\/h3>\n\n\n\n<p>A CORAGEM DO PROFETA<\/p>\n\n\n\n<p>\u00c9 admir\u00e1vel que os fariseus, advers\u00e1rios confessos de Jesus, tivessem se preocupado com a sua seguran\u00e7a. Aparentemente, talvez quisessem proteg\u00ea-lo contra a viol\u00eancia de Herodes que, j\u00e1 tendo eliminado Jo\u00e3o Batista, talvez quisesse fazer o mesmo com Jesus.<\/p>\n\n\n\n<p>O Mestre, por\u00e9m, n\u00e3o se deixou convencer pela boa inten\u00e7\u00e3o deles e os tratou como se fossem mensageiros de Herodes. Por meio dos pr\u00f3prios fariseus, Jesus enviou uma mensagem para o representante do poder romano, a quem chamou de raposa, de forma a desmascarar-lhe a ast\u00facia: seu projeto mission\u00e1rio n\u00e3o seria modificado por medo de ningu\u00e9m; ele seguiria o caminho tra\u00e7ado pelo Pai e n\u00e3o admitiria interfer\u00eancias no seu processo de obedi\u00eancia \u00e0 vontade dele.<\/p>\n\n\n\n<p>A atitude corajosa de Jesus fazia lembrar a dos antigos profetas de Israel, que n\u00e3o se deixavam demover por intimida\u00e7\u00e3o de esp\u00e9cie alguma. Uma vez conscientes de terem recebido de Deus uma miss\u00e3o, seguiam adiante, superando desprezos, persegui\u00e7\u00e3o, torturas e, at\u00e9 mesmo, a morte. A firmeza e a coragem dos profetas s\u00f3 encontram explica\u00e7\u00e3o na consci\u00eancia que tinham de estarem a servi\u00e7o de Deus.<\/p>\n\n\n\n<p>Quanto a Jesus, nem o conselho hip\u00f3crita dos fariseus, nem as amea\u00e7as de Herodes haveriam de det\u00ea-lo no seu caminho. Todos eles desconheciam o quanto Jesus era fiel ao Pai.<\/p>\n","protected":false},"excerpt":{"rendered":"<p>Ora\u00e7\u00e3o do dia Deus eterno e todo-poderoso, aumentai em n\u00f3s a f\u00e9, a esperan\u00e7a e a caridade e dai-nos amar o que ordenais para conseguirmos o que prometeis. Por Nosso Senhor Jesus Cristo,&#8230;<\/p>\n","protected":false},"author":2,"featured_media":19100,"comment_status":"open","ping_status":"open","sticky":false,"template":"","format":"standard","meta":[],"categories":[7],"tags":[],"_links":{"self":[{"href":"https:\/\/www.salvatorianas.org.br\/blog\/wp-json\/wp\/v2\/posts\/19099"}],"collection":[{"href":"https:\/\/www.salvatorianas.org.br\/blog\/wp-json\/wp\/v2\/posts"}],"about":[{"href":"https:\/\/www.salvatorianas.org.br\/blog\/wp-json\/wp\/v2\/types\/post"}],"author":[{"embeddable":true,"href":"https:\/\/www.salvatorianas.org.br\/blog\/wp-json\/wp\/v2\/users\/2"}],"replies":[{"embeddable":true,"href":"https:\/\/www.salvatorianas.org.br\/blog\/wp-json\/wp\/v2\/comments?post=19099"}],"version-history":[{"count":1,"href":"https:\/\/www.salvatorianas.org.br\/blog\/wp-json\/wp\/v2\/posts\/19099\/revisions"}],"predecessor-version":[{"id":19101,"href":"https:\/\/www.salvatorianas.org.br\/blog\/wp-json\/wp\/v2\/posts\/19099\/revisions\/19101"}],"wp:featuredmedia":[{"embeddable":true,"href":"https:\/\/www.salvatorianas.org.br\/blog\/wp-json\/wp\/v2\/media\/19100"}],"wp:attachment":[{"href":"https:\/\/www.salvatorianas.org.br\/blog\/wp-json\/wp\/v2\/media?parent=19099"}],"wp:term":[{"taxonomy":"category","embeddable":true,"href":"https:\/\/www.salvatorianas.org.br\/blog\/wp-json\/wp\/v2\/categories?post=19099"},{"taxonomy":"post_tag","embeddable":true,"href":"https:\/\/www.salvatorianas.org.br\/blog\/wp-json\/wp\/v2\/tags?post=19099"}],"curies":[{"name":"wp","href":"https:\/\/api.w.org\/{rel}","templated":true}]}}