{"id":19097,"date":"2022-10-26T12:31:00","date_gmt":"2022-10-26T12:31:00","guid":{"rendered":"https:\/\/www.salvatorianas.org.br\/blog\/?p=19097"},"modified":"2022-10-27T12:33:38","modified_gmt":"2022-10-27T12:33:38","slug":"quarta-feira-30a-semana-do-tempo-comum","status":"publish","type":"post","link":"https:\/\/www.salvatorianas.org.br\/blog\/quarta-feira-30a-semana-do-tempo-comum\/","title":{"rendered":"Quarta-feira &#8211; 30\u00aa Semana do Tempo Comum"},"content":{"rendered":"\n<h3 class=\"wp-block-heading\">Ora\u00e7\u00e3o do dia<\/h3>\n\n\n\n<p>Deus eterno e todo-poderoso, aumentai em n\u00f3s a f\u00e9, a esperan\u00e7a e a caridade e dai-nos amar o que ordenais para conseguirmos o que prometeis. Por Nosso Senhor Jesus Cristo, Vosso Filho, na unidade do Esp\u00edrito Santo.<\/p>\n\n\n\n<h3 class=\"wp-block-heading\">Leitura &#8211;&nbsp;Ef\u00e9sios 6,1-9<\/h3>\n\n\n\n<p>Leitura da carta de s\u00e3o Paulo aos Ef\u00e9sios.<\/p>\n\n\n\n<p>6 1 Filhos, obedecei a vossos pais segundo o Senhor; porque isto \u00e9 justo.<\/p>\n\n\n\n<p>2 O primeiro mandamento acompanhado de uma promessa \u00e9: \u201cHonra teu pai e tua m\u00e3e,<\/p>\n\n\n\n<p>3 para que sejas feliz e tenhas longa vida sobre a terra\u201d.<\/p>\n\n\n\n<p>4 Pais, n\u00e3o exaspereis vossos filhos. Pelo contr\u00e1rio, criai-os na educa\u00e7\u00e3o e doutrina do Senhor.<\/p>\n\n\n\n<p>5 Servos, obedecei aos vossos senhores temporais, com temor e solicitude, de cora\u00e7\u00e3o sincero, como a Cristo,<\/p>\n\n\n\n<p>6 n\u00e3o por mera ostenta\u00e7\u00e3o, s\u00f3 para agradar aos homens, mas como servos de Cristo, que fazem de bom grado a vontade de Deus.<\/p>\n\n\n\n<p>7 Servi com dedica\u00e7\u00e3o, como servos do Senhor e n\u00e3o dos homens.<\/p>\n\n\n\n<p>8 E estai certos de que cada um receber\u00e1 do Senhor a recompensa do bem que tiver feito, quer seja escravo quer livre.<\/p>\n\n\n\n<p>9 Senhores, procedei tamb\u00e9m assim com os servos. Deixai as amea\u00e7as. E tende em conta que o Senhor est\u00e1 no c\u00e9u, Senhor tanto deles como vosso, que n\u00e3o faz distin\u00e7\u00e3o de pessoas.<\/p>\n\n\n\n<p>Palavra do Senhor.<\/p>\n\n\n\n<h3 class=\"wp-block-heading\">Salmo Responsorial &#8211;&nbsp;144\/145<\/h3>\n\n\n\n<p><strong>O Senhor cumpre sempre suas promessas!<\/strong><\/p>\n\n\n\n<p>Que vossas obras, \u00f3 Senhor, vos glorifiquem,<\/p>\n\n\n\n<p>e os vossos santos, com louvores, vos bendigam!<\/p>\n\n\n\n<p>Narrem a gl\u00f3ria e o esplendor do vosso reino<\/p>\n\n\n\n<p>e saibam proclamar vosso poder!<\/p>\n\n\n\n<p>Para espalhar vossos prod\u00edgios entre os homens<\/p>\n\n\n\n<p>e o fulgor de vosso reino esplendoroso.<\/p>\n\n\n\n<p>O vosso reino \u00e9 um reino para sempre,<\/p>\n\n\n\n<p>vosso poder, de gera\u00e7\u00e3o em gera\u00e7\u00e3o.<\/p>\n\n\n\n<p>O Senhor \u00e9 amor fiel em sua palavra,<\/p>\n\n\n\n<p>\u00e9 santidade em toda obra que ele faz.<\/p>\n\n\n\n<p>Ele sustenta todo aquele que vacila<\/p>\n\n\n\n<p>e levanta todo aquele que tombou.<\/p>\n\n\n\n<h3 class=\"wp-block-heading\">Leitura &#8211;<\/h3>\n\n\n\n<h3 class=\"wp-block-heading\">Evangelho &#8211;&nbsp;Lucas 13,22-30<\/h3>\n\n\n\n<p>Aleluia, aleluia, aleluia.<\/p>\n\n\n\n<p>Pelo evangelho o Pai nos chamou, a fim de alcan\u00e7armos a gl\u00f3ria de nosso Senhor Jesus Cristo (2Ts 2,14)<\/p>\n\n\n\n<p>Proclama\u00e7\u00e3o do Evangelho de Jesus Cristo segundo Lucas.<\/p>\n\n\n\n<p>Naquele tempo, 13 22 sempre em caminho para Jerusal\u00e9m, Jesus ia atravessando cidades e aldeias e nelas ensinava.<\/p>\n\n\n\n<p>23 Algu\u00e9m lhe perguntou: \u201cSenhor, s\u00e3o poucos os homens que se salvam?\u201d Ele respondeu:<\/p>\n\n\n\n<p>24 \u201cProcurai entrar pela porta estreita; porque, digo-vos, muitos procurar\u00e3o entrar e n\u00e3o o conseguir\u00e3o.<\/p>\n\n\n\n<p>25 Quando o pai de fam\u00edlia tiver entrado e fechado a porta, e v\u00f3s, de fora, come\u00e7ardes a bater \u00e0 porta, dizendo: \u2018Senhor, Senhor, abre-nos\u2019, ele responder\u00e1: \u2018Digo-vos que n\u00e3o sei de onde sois\u2019.<\/p>\n\n\n\n<p>26 Direis ent\u00e3o: \u2018Comemos e bebemos contigo e tu ensinaste em nossas pra\u00e7as\u2019.<\/p>\n\n\n\n<p>27 Ele, por\u00e9m, vos dir\u00e1: \u2018N\u00e3o sei de onde sois; apartai-vos de mim todos v\u00f3s que sois malfeitores\u2019.<\/p>\n\n\n\n<p>28 Ali haver\u00e1 choro e ranger de dentes, quando virdes Abra\u00e3o, Isaac, Jac\u00f3 e todos os profetas no Reino de Deus, e v\u00f3s serdes lan\u00e7ados para fora.<\/p>\n\n\n\n<p>29 Vir\u00e3o do oriente e do ocidente, do norte e do sul, e sentar-se-\u00e3o \u00e0 mesa no Reino de Deus.<\/p>\n\n\n\n<p>30 H\u00e1 \u00faltimos que ser\u00e3o os primeiros, e h\u00e1 primeiros que ser\u00e3o os \u00faltimos\u201d.<\/p>\n\n\n\n<p>Palavra da Salva\u00e7\u00e3o.<\/p>\n\n\n\n<h3 class=\"wp-block-heading\">Coment\u00e1rio ao Evangelho<\/h3>\n\n\n\n<p>QUEM SE SALVAR\u00c1?<\/p>\n\n\n\n<p>As exig\u00eancias do Reino apresentadas por Jesus levou os disc\u00edpulos a se perguntarem pelo n\u00famero dos que seriam salvos. Imaginavam serem poucas as pessoas predispostas e fi\u00e9is ao projeto apregoado pelo Mestre. A din\u00e2mica do Reino, como Jesus a entendia, rompia com os esquemas mundanos e s\u00f3 podia ser vivida por quem, de fato, se predispunha a enfrentar a cruz, como caminho necess\u00e1rio para a gl\u00f3ria.<\/p>\n\n\n\n<p>A quest\u00e3o levantada pelos disc\u00edpulos pareceu ser irrelevante para Jesus. Era in\u00fatil saber se os salvos seriam poucos ou muitos. Importava, sim, empenhar-se continuamente para, com a gra\u00e7a de Deus, entrar no Reino, atrav\u00e9s da porta estreita. Portanto, era tempo de refletir e tomar uma decis\u00e3o s\u00e1bia, para evitar o risco de ser deixado do lado de fora.<\/p>\n\n\n\n<p>A exclus\u00e3o do Reino poder\u00e1 ser uma experi\u00eancia tr\u00e1gica. O choro e ranger de dentes expressam o desespero de quem desperdi\u00e7ou a chance que lhe fora oferecida. A seguran\u00e7a fundada em elementos inconsistentes frustrar-se-\u00e1 quando o crist\u00e3o comparecer diante do Senhor. Ter comido e bebido na presen\u00e7a de Jesus e t\u00ea-lo visto ensinar nas pra\u00e7as n\u00e3o ser\u00e1 suficiente para garantir a salva\u00e7\u00e3o. Jesus s\u00f3 reconhecer\u00e1 como disc\u00edpulo e salvar\u00e1 quem, como ele, tiver sido capaz de colocar-se a servi\u00e7o do pr\u00f3ximo, sem medo de perder tudo por causa do Reino.<\/p>\n","protected":false},"excerpt":{"rendered":"<p>Ora\u00e7\u00e3o do dia Deus eterno e todo-poderoso, aumentai em n\u00f3s a f\u00e9, a esperan\u00e7a e a caridade e dai-nos amar o que ordenais para conseguirmos o que prometeis. Por Nosso Senhor Jesus Cristo,&#8230;<\/p>\n","protected":false},"author":2,"featured_media":19077,"comment_status":"open","ping_status":"open","sticky":false,"template":"","format":"standard","meta":[],"categories":[7],"tags":[],"_links":{"self":[{"href":"https:\/\/www.salvatorianas.org.br\/blog\/wp-json\/wp\/v2\/posts\/19097"}],"collection":[{"href":"https:\/\/www.salvatorianas.org.br\/blog\/wp-json\/wp\/v2\/posts"}],"about":[{"href":"https:\/\/www.salvatorianas.org.br\/blog\/wp-json\/wp\/v2\/types\/post"}],"author":[{"embeddable":true,"href":"https:\/\/www.salvatorianas.org.br\/blog\/wp-json\/wp\/v2\/users\/2"}],"replies":[{"embeddable":true,"href":"https:\/\/www.salvatorianas.org.br\/blog\/wp-json\/wp\/v2\/comments?post=19097"}],"version-history":[{"count":1,"href":"https:\/\/www.salvatorianas.org.br\/blog\/wp-json\/wp\/v2\/posts\/19097\/revisions"}],"predecessor-version":[{"id":19098,"href":"https:\/\/www.salvatorianas.org.br\/blog\/wp-json\/wp\/v2\/posts\/19097\/revisions\/19098"}],"wp:featuredmedia":[{"embeddable":true,"href":"https:\/\/www.salvatorianas.org.br\/blog\/wp-json\/wp\/v2\/media\/19077"}],"wp:attachment":[{"href":"https:\/\/www.salvatorianas.org.br\/blog\/wp-json\/wp\/v2\/media?parent=19097"}],"wp:term":[{"taxonomy":"category","embeddable":true,"href":"https:\/\/www.salvatorianas.org.br\/blog\/wp-json\/wp\/v2\/categories?post=19097"},{"taxonomy":"post_tag","embeddable":true,"href":"https:\/\/www.salvatorianas.org.br\/blog\/wp-json\/wp\/v2\/tags?post=19097"}],"curies":[{"name":"wp","href":"https:\/\/api.w.org\/{rel}","templated":true}]}}