{"id":19080,"date":"2022-10-26T18:33:32","date_gmt":"2022-10-26T18:33:32","guid":{"rendered":"https:\/\/www.salvatorianas.org.br\/blog\/?p=19080"},"modified":"2022-10-26T18:33:33","modified_gmt":"2022-10-26T18:33:33","slug":"encontro-promove-integracao-e-formacao-para-novos-colaboradores-da-rede-salvatoriana","status":"publish","type":"post","link":"https:\/\/www.salvatorianas.org.br\/blog\/encontro-promove-integracao-e-formacao-para-novos-colaboradores-da-rede-salvatoriana\/","title":{"rendered":"Encontro promove integra\u00e7\u00e3o e forma\u00e7\u00e3o para novos colaboradores da Rede Salvatoriana"},"content":{"rendered":"\n<p>Nos dias 24 e 25 de outubro, novos colaboradores estiveram reunidos na sede da mantenedora, em Lages-SC, para participar do encontro de forma\u00e7\u00e3o que visa promover a integra\u00e7\u00e3o, conhecimento, viv\u00eancias e mergulho na identidade institucional.<\/p>\n\n\n\n<p>No primeiro momento, os colaboradores conheceram a hist\u00f3ria, carisma, miss\u00e3o e valores salvatorianos. Em seguida, foi apresentado o papel do Leigo\/a Salvatoriano e aprofundado as principais \u00e1reas de atua\u00e7\u00e3o da Rede Salvatoriana. A programa\u00e7\u00e3o contou tamb\u00e9m com uma amostra dos conceitos e documentos importantes, uma aproxima\u00e7\u00e3o das pol\u00edticas e condutas dentro das institui\u00e7\u00f5es salvatorianas e orienta\u00e7\u00f5es dos objetivos e estrat\u00e9gias da Rede.<\/p>\n\n\n\n<p>Outra etapa deste programa de acolhida \u00e9 a visita as Unidades Operativas, uma a\u00e7\u00e3o que possibilita conferir de perto o dia a dia da miss\u00e3o salvatoriana nestes espa\u00e7os.<\/p>\n","protected":false},"excerpt":{"rendered":"<p>Nos dias 24 e 25 de outubro, novos colaboradores estiveram reunidos na sede da mantenedora, em Lages-SC, para participar do encontro de forma\u00e7\u00e3o que visa promover a integra\u00e7\u00e3o, conhecimento, viv\u00eancias e mergulho na&#8230;<\/p>\n","protected":false},"author":2,"featured_media":19081,"comment_status":"open","ping_status":"open","sticky":false,"template":"","format":"standard","meta":[],"categories":[1],"tags":[],"_links":{"self":[{"href":"https:\/\/www.salvatorianas.org.br\/blog\/wp-json\/wp\/v2\/posts\/19080"}],"collection":[{"href":"https:\/\/www.salvatorianas.org.br\/blog\/wp-json\/wp\/v2\/posts"}],"about":[{"href":"https:\/\/www.salvatorianas.org.br\/blog\/wp-json\/wp\/v2\/types\/post"}],"author":[{"embeddable":true,"href":"https:\/\/www.salvatorianas.org.br\/blog\/wp-json\/wp\/v2\/users\/2"}],"replies":[{"embeddable":true,"href":"https:\/\/www.salvatorianas.org.br\/blog\/wp-json\/wp\/v2\/comments?post=19080"}],"version-history":[{"count":1,"href":"https:\/\/www.salvatorianas.org.br\/blog\/wp-json\/wp\/v2\/posts\/19080\/revisions"}],"predecessor-version":[{"id":19082,"href":"https:\/\/www.salvatorianas.org.br\/blog\/wp-json\/wp\/v2\/posts\/19080\/revisions\/19082"}],"wp:featuredmedia":[{"embeddable":true,"href":"https:\/\/www.salvatorianas.org.br\/blog\/wp-json\/wp\/v2\/media\/19081"}],"wp:attachment":[{"href":"https:\/\/www.salvatorianas.org.br\/blog\/wp-json\/wp\/v2\/media?parent=19080"}],"wp:term":[{"taxonomy":"category","embeddable":true,"href":"https:\/\/www.salvatorianas.org.br\/blog\/wp-json\/wp\/v2\/categories?post=19080"},{"taxonomy":"post_tag","embeddable":true,"href":"https:\/\/www.salvatorianas.org.br\/blog\/wp-json\/wp\/v2\/tags?post=19080"}],"curies":[{"name":"wp","href":"https:\/\/api.w.org\/{rel}","templated":true}]}}