{"id":19071,"date":"2022-10-24T11:55:28","date_gmt":"2022-10-24T11:55:28","guid":{"rendered":"https:\/\/www.salvatorianas.org.br\/blog\/?p=19071"},"modified":"2022-10-24T11:56:38","modified_gmt":"2022-10-24T11:56:38","slug":"irmas-partilham-vivencias-no-cerne-em-curitiba-pr","status":"publish","type":"post","link":"https:\/\/www.salvatorianas.org.br\/blog\/irmas-partilham-vivencias-no-cerne-em-curitiba-pr\/","title":{"rendered":"Irm\u00e3s partilham viv\u00eancias no CERNE em Curitiba\/PR"},"content":{"rendered":"\n<p>Agradecemos a Deus, a Coordena\u00e7\u00e3o Provincial e as nossas Comunidades por nos ter dado a gra\u00e7a de participar do CERNE (Centro de Renova\u00e7\u00e3o Espiritual), promovido pela CRB (Confer\u00eancia dos Religiosos do Brasil). O Cerne aconteceu entre os dias 11 de setembro a 20 de outubro de 2022, na Casa de Encontro das Irm\u00e3s da Divina Provid\u00eancia no Ah\u00fa, Curitiba\/PR.<\/p>\n\n\n\n<p>Foram 40 dias de muita ora\u00e7\u00e3o, experi\u00eancia de Deus, partilha, conviv\u00eancia comunit\u00e1ria e estudo assessorados por religiosos, religiosas e leigos de diversas regi\u00f5es do Brasil abordando tem\u00e1ticas da realidade pessoal, comunit\u00e1ria e social, da teologia, espiritualidade e miss\u00e3o da Vida Religiosa Consagrada.<\/p>\n\n\n\n<p>Durante o CERNE, aconteceu o Retiro Espiritual dirigido por Irm\u00e3 Marian Ambrosio. \u00a0A frase motivadora do retiro foi: <strong>\u201cEu preciso entrar em tua casa\u201d <\/strong>(Lc 19,1-10). Na oportunidade, Ir. Marian convidou ao grupo a refletir a imagem do pinheiro e contemplar suas ra\u00edzes que v\u00e3o ao encontro da fonte de \u00e1gua cristalina. De tal modo, somos chamados para o encontro radical com Jesus Cristo e sua proposta o Reino de Deus.<\/p>\n\n\n\n<h2 class=\"wp-block-heading\"><strong>O Pinheiro<\/strong><\/h2>\n\n\n\n<p><\/p>\n\n\n\n<p><strong>P<\/strong>aciente com os que sem piedade te tomba.<\/p>\n\n\n\n<p><strong>I<\/strong>ntegro que das abrigo ao viajante.<\/p>\n\n\n\n<p><strong>N<\/strong>\u00f3 que d\u00e1 consist\u00eancia ao tronco e aquece o pobre.<\/p>\n\n\n\n<p><strong>H<\/strong>ospedeiro e amigo da Gralha azul que se alimenta das suas sementes.<\/p>\n\n\n\n<p><strong>E<\/strong>legante de bra\u00e7os abertos para acolher a luz do sol.<\/p>\n\n\n\n<p><strong>I<\/strong>lumina porque deixas que a luz do amor Divino penetre em ti.<\/p>\n\n\n\n<p><strong>R<\/strong>adiante altaneiro teus ramos se enchem de pinhas.&nbsp;&nbsp;<\/p>\n\n\n\n<p><strong>O<\/strong>fertas tuas sementes para alimentar os famintos.<\/p>\n\n\n\n<p><strong>Agradecidas por esse tempo de deserto, travessia e gra\u00e7as:<\/strong> Ir. Leontina Klafke, Ir. Neiva Spolti e Ir. Therezinha A. Fontana<\/p>\n\n\n\n<p><\/p>\n\n\n\n<figure class=\"wp-block-image size-large\"><img decoding=\"async\" loading=\"lazy\" width=\"1024\" height=\"576\" src=\"https:\/\/www.salvatorianas.org.br\/blog\/wp-content\/uploads\/2022\/10\/RENOVACAO-DOS-VOTOS-2022-09-29-at-17.49.05-1024x576.jpeg\" alt=\"\" class=\"wp-image-19072\" srcset=\"https:\/\/www.salvatorianas.org.br\/blog\/wp-content\/uploads\/2022\/10\/RENOVACAO-DOS-VOTOS-2022-09-29-at-17.49.05-1024x576.jpeg 1024w, https:\/\/www.salvatorianas.org.br\/blog\/wp-content\/uploads\/2022\/10\/RENOVACAO-DOS-VOTOS-2022-09-29-at-17.49.05-300x169.jpeg 300w, https:\/\/www.salvatorianas.org.br\/blog\/wp-content\/uploads\/2022\/10\/RENOVACAO-DOS-VOTOS-2022-09-29-at-17.49.05-768x432.jpeg 768w, https:\/\/www.salvatorianas.org.br\/blog\/wp-content\/uploads\/2022\/10\/RENOVACAO-DOS-VOTOS-2022-09-29-at-17.49.05.jpeg 1280w\" sizes=\"(max-width: 1024px) 100vw, 1024px\" \/><\/figure>\n\n\n\n<p>A edi\u00e7\u00e3o 122 contou com a participa\u00e7\u00e3o de 24 religiosas e um religioso e foi coordenada por Frei Vanildo Luiz Zugno e Irm\u00e3 Rosemery Colares.<\/p>\n","protected":false},"excerpt":{"rendered":"<p>Agradecemos a Deus, a Coordena\u00e7\u00e3o Provincial e as nossas Comunidades por nos ter dado a gra\u00e7a de participar do CERNE (Centro de Renova\u00e7\u00e3o Espiritual), promovido pela CRB (Confer\u00eancia dos Religiosos do Brasil). O&#8230;<\/p>\n","protected":false},"author":2,"featured_media":19073,"comment_status":"open","ping_status":"open","sticky":false,"template":"","format":"standard","meta":[],"categories":[1],"tags":[],"_links":{"self":[{"href":"https:\/\/www.salvatorianas.org.br\/blog\/wp-json\/wp\/v2\/posts\/19071"}],"collection":[{"href":"https:\/\/www.salvatorianas.org.br\/blog\/wp-json\/wp\/v2\/posts"}],"about":[{"href":"https:\/\/www.salvatorianas.org.br\/blog\/wp-json\/wp\/v2\/types\/post"}],"author":[{"embeddable":true,"href":"https:\/\/www.salvatorianas.org.br\/blog\/wp-json\/wp\/v2\/users\/2"}],"replies":[{"embeddable":true,"href":"https:\/\/www.salvatorianas.org.br\/blog\/wp-json\/wp\/v2\/comments?post=19071"}],"version-history":[{"count":2,"href":"https:\/\/www.salvatorianas.org.br\/blog\/wp-json\/wp\/v2\/posts\/19071\/revisions"}],"predecessor-version":[{"id":19075,"href":"https:\/\/www.salvatorianas.org.br\/blog\/wp-json\/wp\/v2\/posts\/19071\/revisions\/19075"}],"wp:featuredmedia":[{"embeddable":true,"href":"https:\/\/www.salvatorianas.org.br\/blog\/wp-json\/wp\/v2\/media\/19073"}],"wp:attachment":[{"href":"https:\/\/www.salvatorianas.org.br\/blog\/wp-json\/wp\/v2\/media?parent=19071"}],"wp:term":[{"taxonomy":"category","embeddable":true,"href":"https:\/\/www.salvatorianas.org.br\/blog\/wp-json\/wp\/v2\/categories?post=19071"},{"taxonomy":"post_tag","embeddable":true,"href":"https:\/\/www.salvatorianas.org.br\/blog\/wp-json\/wp\/v2\/tags?post=19071"}],"curies":[{"name":"wp","href":"https:\/\/api.w.org\/{rel}","templated":true}]}}