{"id":19064,"date":"2022-10-23T11:20:31","date_gmt":"2022-10-23T11:20:31","guid":{"rendered":"https:\/\/www.salvatorianas.org.br\/blog\/?p=19064"},"modified":"2022-10-23T11:27:01","modified_gmt":"2022-10-23T11:27:01","slug":"comunicado-de-falecimento-38","status":"publish","type":"post","link":"https:\/\/www.salvatorianas.org.br\/blog\/comunicado-de-falecimento-38\/","title":{"rendered":"COMUNICADO DE FALECIMENTO"},"content":{"rendered":"\n<p>Ir. Gerilda Bilibio, aos 92 anos de vida e 68 anos de Vida Consagrada Salvatoriana, recebeu o \u00faltimo chamado de Deus para o encontro face a face com Ele.<\/p>\n\n\n\n<p>Comunicamos o seu falecimento ocorrido hoje, dia 23 de outubro, em Passo Fundo\/RS. N\u00f3s, Im\u00e3s Salvatorianas e familiares compartilhamos esse momento de f\u00e9 e de entrega a Deus Salvador a vida dessa nossa querida coirm\u00e3.<\/p>\n\n\n\n<p>A celebra\u00e7\u00e3o de encomenda\u00e7\u00e3o acontecer\u00e1 neste domingo, 23 de outubro, \u00e0s 18h, e em seguida seu sepultamento no cemit\u00e9rio Memorial Vera Cruz em Passo Fundo\/RS.<\/p>\n\n\n\n<p>Ir. Gerilda! Gratid\u00e3o pela vida vivida e partilhada entre n\u00f3s e por tantos ensinamentos \u00e0 nossa vida salvatoriana. Pedimos para que Deus na sua miseric\u00f3rdia infinita a receba em sua gl\u00f3ria e que interceda por seus familiares, por todas n\u00f3s e pela humanidade que sofre.<\/p>\n","protected":false},"excerpt":{"rendered":"<p>Ir. Gerilda Bilibio, aos 92 anos de vida e 68 anos de Vida Consagrada Salvatoriana, recebeu o \u00faltimo chamado de Deus para o encontro face a face com Ele. Comunicamos o seu falecimento&#8230;<\/p>\n","protected":false},"author":2,"featured_media":19065,"comment_status":"open","ping_status":"open","sticky":false,"template":"","format":"standard","meta":[],"categories":[1],"tags":[],"_links":{"self":[{"href":"https:\/\/www.salvatorianas.org.br\/blog\/wp-json\/wp\/v2\/posts\/19064"}],"collection":[{"href":"https:\/\/www.salvatorianas.org.br\/blog\/wp-json\/wp\/v2\/posts"}],"about":[{"href":"https:\/\/www.salvatorianas.org.br\/blog\/wp-json\/wp\/v2\/types\/post"}],"author":[{"embeddable":true,"href":"https:\/\/www.salvatorianas.org.br\/blog\/wp-json\/wp\/v2\/users\/2"}],"replies":[{"embeddable":true,"href":"https:\/\/www.salvatorianas.org.br\/blog\/wp-json\/wp\/v2\/comments?post=19064"}],"version-history":[{"count":2,"href":"https:\/\/www.salvatorianas.org.br\/blog\/wp-json\/wp\/v2\/posts\/19064\/revisions"}],"predecessor-version":[{"id":19067,"href":"https:\/\/www.salvatorianas.org.br\/blog\/wp-json\/wp\/v2\/posts\/19064\/revisions\/19067"}],"wp:featuredmedia":[{"embeddable":true,"href":"https:\/\/www.salvatorianas.org.br\/blog\/wp-json\/wp\/v2\/media\/19065"}],"wp:attachment":[{"href":"https:\/\/www.salvatorianas.org.br\/blog\/wp-json\/wp\/v2\/media?parent=19064"}],"wp:term":[{"taxonomy":"category","embeddable":true,"href":"https:\/\/www.salvatorianas.org.br\/blog\/wp-json\/wp\/v2\/categories?post=19064"},{"taxonomy":"post_tag","embeddable":true,"href":"https:\/\/www.salvatorianas.org.br\/blog\/wp-json\/wp\/v2\/tags?post=19064"}],"curies":[{"name":"wp","href":"https:\/\/api.w.org\/{rel}","templated":true}]}}