{"id":19061,"date":"2022-10-23T01:57:00","date_gmt":"2022-10-23T01:57:00","guid":{"rendered":"https:\/\/www.salvatorianas.org.br\/blog\/?p=19061"},"modified":"2022-10-22T16:59:55","modified_gmt":"2022-10-22T16:59:55","slug":"30o-domingo-do-tempo-comum","status":"publish","type":"post","link":"https:\/\/www.salvatorianas.org.br\/blog\/30o-domingo-do-tempo-comum\/","title":{"rendered":"30\u00ba Domingo do Tempo Comum"},"content":{"rendered":"\n<h3 class=\"wp-block-heading\">Ora\u00e7\u00e3o do dia<\/h3>\n\n\n\n<p>Deus eterno e todo-poderoso, aumentai em n\u00f3s a f\u00e9, a esperan\u00e7a e a caridade e dai-nos amar o que ordenais para conseguirmos o que prometeis. Por Nosso Senhor Jesus Cristo, Vosso Filho, na unidade do Esp\u00edrito Santo.<\/p>\n\n\n\n<h3 class=\"wp-block-heading\">Leitura &#8211;&nbsp;Eclesi\u00e1stico 35,15-17.20-22<\/h3>\n\n\n\n<p>Leitura do livro do Eclesi\u00e1stico.<\/p>\n\n\n\n<p>15O Senhor \u00e9 um juiz que n\u00e3o faz discrimina\u00e7\u00e3o de pessoas. 16Ele n\u00e3o \u00e9 parcial em preju\u00edzo do pobre, mas escuta, sim, as s\u00faplicas dos oprimidos; 17jamais despreza a s\u00faplica do \u00f3rf\u00e3o, nem da vi\u00fava, quando desabafa suas m\u00e1goas. 20Quem serve a Deus como ele o quer ser\u00e1 bem acolhido, e suas s\u00faplicas subir\u00e3o at\u00e9 as nuvens. 21A prece do humilde atravessa as nuvens: enquanto n\u00e3o chegar, n\u00e3o ter\u00e1 repouso; e n\u00e3o descansar\u00e1 at\u00e9 que o Alt\u00edssimo intervenha, 22fa\u00e7a justi\u00e7a aos justos e execute o julgamento.<\/p>\n\n\n\n<p>Palavra do Senhor.<\/p>\n\n\n\n<h3 class=\"wp-block-heading\">Salmo Responsorial &#8211;&nbsp;33\/34<\/h3>\n\n\n\n<p><strong>O pobre clama a Deus e ele escuta:<\/strong><\/p>\n\n\n\n<p><strong>o Senhor liberta a vida dos seus servos.<\/strong><\/p>\n\n\n\n<p>Bendirei o Senhor Deus em todo o tempo,<\/p>\n\n\n\n<p>seu louvor estar\u00e1 sempre em minha boca.<\/p>\n\n\n\n<p>Minha alma se gloria no Senhor;<\/p>\n\n\n\n<p>que ou\u00e7am os humildes e se alegrem.<\/p>\n\n\n\n<p>Mas ele volta a sua face contra os maus,<\/p>\n\n\n\n<p>para da terra apagar sua lembran\u00e7a.<\/p>\n\n\n\n<p>Clamam os justos, e o Senhor bondoso escuta<\/p>\n\n\n\n<p>e de todas as ang\u00fastias os liberta.<\/p>\n\n\n\n<p>Do cora\u00e7\u00e3o atribulado ele est\u00e1 perto<\/p>\n\n\n\n<p>e conforta os de esp\u00edrito abatido.<\/p>\n\n\n\n<p>Mas o Senhor liberta a vida dos seus servos,<\/p>\n\n\n\n<p>e castigado n\u00e3o ser\u00e1 quem nele espera.<\/p>\n\n\n\n<h3 class=\"wp-block-heading\">Leitura &#8211;&nbsp;2 Tim\u00f3teo 4, 6-8.16-18<\/h3>\n\n\n\n<p>Leitura da segunda carta de S\u00e3o Paulo a Tim\u00f3teo.<\/p>\n\n\n\n<p>Car\u00edssimo, 6quanto a mim, eu j\u00e1 estou para ser oferecido em sacrif\u00edcio; aproxima-se o momento de minha partida. 7Combati o bom combate, completei a corrida, guardei a f\u00e9. 8Agora est\u00e1 reservada para mim a coroa da justi\u00e7a, que o Senhor, justo juiz, me dar\u00e1 naquele dia; e n\u00e3o somente a mim, mas tamb\u00e9m a todos os que esperam com amor a sua manifesta\u00e7\u00e3o gloriosa. 16Na minha primeira defesa, ningu\u00e9m me assistiu; todos me abandonaram. Oxal\u00e1 que n\u00e3o lhes seja levado em conta. 17Mas o Senhor esteve a meu lado e me deu for\u00e7as, ele fez com que a mensagem fosse anunciada por mim integralmente e ouvida por todas as na\u00e7\u00f5es; e eu fui libertado da boca do le\u00e3o. 18O Senhor me libertar\u00e1 de todo mal e me salvar\u00e1 para o seu Reino celeste. A ele a gl\u00f3ria pelos s\u00e9culos dos s\u00e9culos! Am\u00e9m.<\/p>\n\n\n\n<p>Palavra do Senhor.<\/p>\n\n\n\n<h3 class=\"wp-block-heading\">Evangelho &#8211;&nbsp;Lucas 18,9-14<\/h3>\n\n\n\n<p>Aleluia, aleluia, aleluia.<\/p>\n\n\n\n<p>O Senhor reconciliou o mundo em Cristo, confiando-nos sua Palavra; a Palavra da reconcilia\u00e7\u00e3o, a Palavra que hoje, aqui, nos salva (2Cor 5,19).<\/p>\n\n\n\n<p>Proclama\u00e7\u00e3o do Evangelho de Jesus Cristo segundo Lucas.<\/p>\n\n\n\n<p>Naquele tempo, 9Jesus contou esta par\u00e1bola para alguns que confiavam na sua pr\u00f3pria justi\u00e7a e desprezavam os outros: 10\u201cDois homens subiram ao templo para rezar: um era fariseu, o outro cobrador de impostos. 11O fariseu, de p\u00e9, rezava assim em seu \u00edntimo: \u2018\u00d3 Deus, eu te agrade\u00e7o porque n\u00e3o sou como os outros homens, ladr\u00f5es, desonestos, ad\u00falteros, nem como este cobrador de impostos. 12Eu jejuo duas vezes por semana e dou o d\u00edzimo de toda a minha renda\u2019. 13O cobrador de impostos, por\u00e9m, ficou a dist\u00e2ncia e nem se atrevia a levantar os olhos para o c\u00e9u; mas batia no peito, dizendo: \u2018Meu Deus, tem piedade de mim, que sou pecador!\u2019 13Eu vos digo, este \u00faltimo voltou para casa justificado, o outro n\u00e3o. Pois quem se eleva ser\u00e1 humilhado e quem se humilha ser\u00e1 elevado\u201d.<\/p>\n\n\n\n<p>Palavra da salva\u00e7\u00e3o.<\/p>\n\n\n\n<h3 class=\"wp-block-heading\">Coment\u00e1rio ao Evangelho<\/h3>\n\n\n\n<p>A PIEDADE CORRETA<\/p>\n\n\n\n<p>A par\u00e1bola do fariseu e do publicano aponta para dois diferentes tipos de piedade, representando posi\u00e7\u00f5es extremas. O disc\u00edpulo do Reino deve decidir-se pela maneira correta de agradar a Deus, evitando os caminhos enganosos.<\/p>\n\n\n\n<p>A piedade farisaica, baseada na pr\u00e1tica cotidiana da Lei, em seus m\u00ednimos detalhes, tinha seus defeitos: era cheia de orgulho, uma vez que levava a pessoa a olhar com desprezo para os considerados pecadores e incapazes de perfei\u00e7\u00e3o; pregava a segrega\u00e7\u00e3o das outras pessoas, por temor de contamina\u00e7\u00e3o. Os fariseus julgavam-se com direito de exigir de Deus a salva\u00e7\u00e3o, em vista dos m\u00e9ritos adquiridos com sua vida piedosa.<\/p>\n\n\n\n<p>A piedade do povo simples e desprezado, como o cobrador de impostos, tem outros fundamentos: a humildade e a consci\u00eancia das pr\u00f3prias limita\u00e7\u00f5es e da necessidade de Deus para salv\u00e1-lo, a certeza de que a salva\u00e7\u00e3o resulta da miseric\u00f3rdia divina, sem m\u00e9ritos humanos, o esp\u00edrito solid\u00e1rio com os demais pecadores que esperam a manifesta\u00e7\u00e3o da bondade de Deus.<\/p>\n\n\n\n<p>A ora\u00e7\u00e3o do fariseu prepotente e ego\u00edsta dificilmente ser\u00e1 atendida. \u00c9 uma ora\u00e7\u00e3o formal, da boca para fora. J\u00e1 a ora\u00e7\u00e3o do publicano \u00e9 totalmente humilde, porque ele reconhece que sua salva\u00e7\u00e3o vem de Deus. S\u00f3 a ora\u00e7\u00e3o sem estardalha\u00e7o \u00e9 ouvida!<\/p>\n","protected":false},"excerpt":{"rendered":"<p>Ora\u00e7\u00e3o do dia Deus eterno e todo-poderoso, aumentai em n\u00f3s a f\u00e9, a esperan\u00e7a e a caridade e dai-nos amar o que ordenais para conseguirmos o que prometeis. Por Nosso Senhor Jesus Cristo,&#8230;<\/p>\n","protected":false},"author":2,"featured_media":19062,"comment_status":"open","ping_status":"open","sticky":false,"template":"","format":"standard","meta":[],"categories":[7],"tags":[],"_links":{"self":[{"href":"https:\/\/www.salvatorianas.org.br\/blog\/wp-json\/wp\/v2\/posts\/19061"}],"collection":[{"href":"https:\/\/www.salvatorianas.org.br\/blog\/wp-json\/wp\/v2\/posts"}],"about":[{"href":"https:\/\/www.salvatorianas.org.br\/blog\/wp-json\/wp\/v2\/types\/post"}],"author":[{"embeddable":true,"href":"https:\/\/www.salvatorianas.org.br\/blog\/wp-json\/wp\/v2\/users\/2"}],"replies":[{"embeddable":true,"href":"https:\/\/www.salvatorianas.org.br\/blog\/wp-json\/wp\/v2\/comments?post=19061"}],"version-history":[{"count":1,"href":"https:\/\/www.salvatorianas.org.br\/blog\/wp-json\/wp\/v2\/posts\/19061\/revisions"}],"predecessor-version":[{"id":19063,"href":"https:\/\/www.salvatorianas.org.br\/blog\/wp-json\/wp\/v2\/posts\/19061\/revisions\/19063"}],"wp:featuredmedia":[{"embeddable":true,"href":"https:\/\/www.salvatorianas.org.br\/blog\/wp-json\/wp\/v2\/media\/19062"}],"wp:attachment":[{"href":"https:\/\/www.salvatorianas.org.br\/blog\/wp-json\/wp\/v2\/media?parent=19061"}],"wp:term":[{"taxonomy":"category","embeddable":true,"href":"https:\/\/www.salvatorianas.org.br\/blog\/wp-json\/wp\/v2\/categories?post=19061"},{"taxonomy":"post_tag","embeddable":true,"href":"https:\/\/www.salvatorianas.org.br\/blog\/wp-json\/wp\/v2\/tags?post=19061"}],"curies":[{"name":"wp","href":"https:\/\/api.w.org\/{rel}","templated":true}]}}