{"id":19055,"date":"2022-10-20T17:16:57","date_gmt":"2022-10-20T17:16:57","guid":{"rendered":"https:\/\/www.salvatorianas.org.br\/blog\/?p=19055"},"modified":"2022-10-20T17:16:59","modified_gmt":"2022-10-20T17:16:59","slug":"a-igreja-e-missao-outubro-mes-missionario","status":"publish","type":"post","link":"https:\/\/www.salvatorianas.org.br\/blog\/a-igreja-e-missao-outubro-mes-missionario\/","title":{"rendered":"\u201cA Igreja \u00e9 miss\u00e3o\u201d: outubro, m\u00eas mission\u00e1rio"},"content":{"rendered":"\n<p>&nbsp;Outubro \u00e9 o M\u00eas Mission\u00e1rio na Igreja, no Brasil. Esse ano, inspirados pelo texto b\u00edblico \u201cSereis minhas testemunhas\u201d (At 1,8), escolhido pelo Papa Francisco, somos convidados a um modo de ser Igreja amparado no compromisso e na miss\u00e3o de ser testemunhas onde quer que estejamos. Ap\u00f3s esse tempo de distanciamento e apatia, estar em miss\u00e3o \u00e9 urgentemente necess\u00e1rio para oferecer encontro e cuidado. Animados e amparados pela for\u00e7a do Esp\u00edrito Santo, podemos ir at\u00e9 os confins do mundo como testemunhas, come\u00e7ando por nossas comunidades.<\/p>\n\n\n\n<p>&nbsp; O tema \u201cA Igreja \u00e9 miss\u00e3o\u201d deste ano, conclui um caminho trilhado nos \u00faltimos tr\u00eas anos que destacaram a natureza mission\u00e1ria da Igreja: \u201cA vida \u00e9 miss\u00e3o\u201d, em 2020, \u201cJesus Cristo \u00e9 miss\u00e3o\u201d, em 2021, e \u201cA Igreja \u00e9 miss\u00e3o\u201d, em 2022. A natureza mission\u00e1ria da Igreja n\u00e3o pode ser reduzida a uma dessas dimens\u00f5es ou atividades, mas a viv\u00eancia de todas elas \u00e9 o que comp\u00f5e o ser mission\u00e1rio. Dom Pedro Brito Guimar\u00e3es escreve na can\u00e7\u00e3o:&nbsp;<strong>Vivo a alegria de ser mission\u00e1rio<\/strong>. Recebi de Jesus essa linda miss\u00e3o[\u2026] Ent\u00e3o, Jesus \u00e9 miss\u00e3o, a Igreja \u00e9 miss\u00e3o. A vida \u00e9 miss\u00e3o, o amor \u00e9 miss\u00e3o. Ent\u00e3o, Jesus \u00e9 miss\u00e3o, a Igreja \u00e9 miss\u00e3o.<\/p>\n\n\n\n<div class=\"wp-block-image\"><figure class=\"aligncenter\"><img decoding=\"async\" src=\"https:\/\/arquidiocesedeuberaba.org.br\/wp-content\/uploads\/2022\/10\/mes-missionario2-246x300.png\" alt=\"\" class=\"wp-image-8756\"\/><\/figure><\/div>\n\n\n\n<p>&nbsp; A campanha deste ano traz o testemunho da bem-aventurada Pauline Marie Jaricot, nascida em Lyon em 1799, fundadora da obra da Propaga\u00e7\u00e3o da F\u00e9 que deu origem \u00e0s Pontif\u00edcias Obras Mission\u00e1rias (POM), que t\u00eam como desejo claro de apoiar os mission\u00e1rios, tanto material quanto espiritualmente. Somos convidados, ent\u00e3o, a viver esse tempo a partir de gestos concretos de solidariedade e de ora\u00e7\u00e3o. Al\u00e9m das atividades programadas em cada comunidade, no pen\u00faltimo final de semana de outubro (dias 22 e 23), teremos a Coleta do Dia Mundial das Miss\u00f5es, na qual as ofertas ser\u00e3o enviadas integralmente e repassadas ao Fundo Universal de Solidariedade que ampara projetos mission\u00e1rios em todo o mundo. No ano de 2020, o Fundo distribuiu mais de 680 milh\u00f5es de reais em todos os continentes, colaborando com mais de 1050 dioceses pobres que dependem dessa ajuda para continuar e est\u00e3o em \u201cterrit\u00f3rios de miss\u00e3o\u201d. &nbsp;Dentre os principais projetos, podemos destacar: trabalhos de promo\u00e7\u00e3o humana, catequese e evangeliza\u00e7\u00e3o; forma\u00e7\u00e3o de futuros sacerdotes e religiosos(as); manuten\u00e7\u00e3o de mission\u00e1rios e igrejas; meios de comunica\u00e7\u00e3o social e de transportes; apoio a centros de sa\u00fade e educa\u00e7\u00e3o, casas de portadores de defici\u00eancias e idosos, orfanatos, creches entre outros, al\u00e9m de subs\u00eddios de urg\u00eancias em situa\u00e7\u00f5es de desastres e calamidade p\u00fablica.<\/p>\n\n\n\n<p>&nbsp; Devemos, tamb\u00e9m, rezar a Ora\u00e7\u00e3o do M\u00eas Mission\u00e1rio, para que compartilhemos da mesma for\u00e7a e em uma s\u00f3 voz pe\u00e7amos:<\/p>\n\n\n\n<p><em>&nbsp; Deus Pai, Filho e Esp\u00edrito Santo, ajudai-nos a viver este Ano Jubilar Mission\u00e1rio, a assumir e a revigorar nossa voca\u00e7\u00e3o crist\u00e3 de disc\u00edpulos mission\u00e1rios, sendo Igreja sinodal em estado permanente de miss\u00e3o at\u00e9 os confins do mundo. Pela for\u00e7a do Esp\u00edrito Santo e a exemplo da bem-aventurada Pauline Jaricot, sejamos vossas testemunhas no an\u00fancio, na ora\u00e7\u00e3o, na ajuda material e na doa\u00e7\u00e3o da pr\u00f3pria vida, principalmente nos ambientes humanos, culturais, religiosos e geogr\u00e1ficos, ainda alheios ao Evangelho. Maria, Rainha das Miss\u00f5es, rogai por n\u00f3s!<\/em><\/p>\n\n\n\n<p>&nbsp; Este ano, nosso objetivo \u00e9 anunciar e partilhar o que vivemos, motivando a todos aqueles que est\u00e3o distantes a se reaproximarem do amor e da compaix\u00e3o que s\u00f3 pode ser experenciados em Cristo. Como Igreja, devemos estar preparados para as mudan\u00e7as que o mundo e a realidade nos apresentam, fortalecendo e promovendo a fraternidade e amizade social, atrav\u00e9s de a\u00e7\u00f5es e de nosso testemunho. Como os ap\u00f3stolos e os primeiros crist\u00e3os, possamos sair em miss\u00e3o de forma corajosa, cientes de nossa voca\u00e7\u00e3o de mission\u00e1rios, e contribuir com as a\u00e7\u00f5es locais e da Igreja.<\/p>\n\n\n\n<p><strong>Pe. Alexandre Ferreira Margarido<\/strong><\/p>\n\n\n\n<p><strong>Assessor Eclesi\u00e1stico do Comidi<\/strong><\/p>\n","protected":false},"excerpt":{"rendered":"<p>&nbsp;Outubro \u00e9 o M\u00eas Mission\u00e1rio na Igreja, no Brasil. Esse ano, inspirados pelo texto b\u00edblico \u201cSereis minhas testemunhas\u201d (At 1,8), escolhido pelo Papa Francisco, somos convidados a um modo de ser Igreja amparado&#8230;<\/p>\n","protected":false},"author":2,"featured_media":19056,"comment_status":"open","ping_status":"open","sticky":false,"template":"","format":"standard","meta":[],"categories":[1],"tags":[],"_links":{"self":[{"href":"https:\/\/www.salvatorianas.org.br\/blog\/wp-json\/wp\/v2\/posts\/19055"}],"collection":[{"href":"https:\/\/www.salvatorianas.org.br\/blog\/wp-json\/wp\/v2\/posts"}],"about":[{"href":"https:\/\/www.salvatorianas.org.br\/blog\/wp-json\/wp\/v2\/types\/post"}],"author":[{"embeddable":true,"href":"https:\/\/www.salvatorianas.org.br\/blog\/wp-json\/wp\/v2\/users\/2"}],"replies":[{"embeddable":true,"href":"https:\/\/www.salvatorianas.org.br\/blog\/wp-json\/wp\/v2\/comments?post=19055"}],"version-history":[{"count":1,"href":"https:\/\/www.salvatorianas.org.br\/blog\/wp-json\/wp\/v2\/posts\/19055\/revisions"}],"predecessor-version":[{"id":19057,"href":"https:\/\/www.salvatorianas.org.br\/blog\/wp-json\/wp\/v2\/posts\/19055\/revisions\/19057"}],"wp:featuredmedia":[{"embeddable":true,"href":"https:\/\/www.salvatorianas.org.br\/blog\/wp-json\/wp\/v2\/media\/19056"}],"wp:attachment":[{"href":"https:\/\/www.salvatorianas.org.br\/blog\/wp-json\/wp\/v2\/media?parent=19055"}],"wp:term":[{"taxonomy":"category","embeddable":true,"href":"https:\/\/www.salvatorianas.org.br\/blog\/wp-json\/wp\/v2\/categories?post=19055"},{"taxonomy":"post_tag","embeddable":true,"href":"https:\/\/www.salvatorianas.org.br\/blog\/wp-json\/wp\/v2\/tags?post=19055"}],"curies":[{"name":"wp","href":"https:\/\/api.w.org\/{rel}","templated":true}]}}