{"id":19052,"date":"2022-10-19T17:06:00","date_gmt":"2022-10-19T17:06:00","guid":{"rendered":"https:\/\/www.salvatorianas.org.br\/blog\/?p=19052"},"modified":"2022-10-20T17:08:28","modified_gmt":"2022-10-20T17:08:28","slug":"quarta-feira-29a-semana-do-tempo-comum","status":"publish","type":"post","link":"https:\/\/www.salvatorianas.org.br\/blog\/quarta-feira-29a-semana-do-tempo-comum\/","title":{"rendered":"Quarta-feira &#8211; 29\u00aa Semana do Tempo Comum"},"content":{"rendered":"\n<h3 class=\"wp-block-heading\">Ora\u00e7\u00e3o do dia<\/h3>\n\n\n\n<p>Deus eterno e todo-poderoso, dai-nos a gra\u00e7a de estar sempre ao vosso dispor e vos servir de todo o cora\u00e7\u00e3o. Por Nosso Senhor Jesus Cristo, Vosso Filho, na unidade do Esp\u00edrito Santo.<\/p>\n\n\n\n<h3 class=\"wp-block-heading\">Leitura &#8211;&nbsp;Ef\u00e9sios 3,2-12<\/h3>\n\n\n\n<p>Leitura da carta de s\u00e3o Paulo aos Ef\u00e9sios.<\/p>\n\n\n\n<p>3 2 V\u00f3s deveis ter aprendido o modo como Deus me concedeu esta gra\u00e7a que me foi feita a vosso respeito.<\/p>\n\n\n\n<p>3 Foi por revela\u00e7\u00e3o que me foi manifestado o mist\u00e9rio que acabo de esbo\u00e7ar.<\/p>\n\n\n\n<p>4 Lendo-me, podereis entender a compreens\u00e3o que me foi concedida do mist\u00e9rio crist\u00e3o,<\/p>\n\n\n\n<p>5 que em outras gera\u00e7\u00f5es n\u00e3o foi manifestado aos homens da maneira como agora tem sido revelado pelo Esp\u00edrito aos seus santos ap\u00f3stolos e profetas.<\/p>\n\n\n\n<p>6 A saber: que os gentios s\u00e3o co-herdeiros conosco (que somos judeus), s\u00e3o membros do mesmo corpo e participantes da promessa em Jesus Cristo pelo Evangelho.<\/p>\n\n\n\n<p>7 Eu me tornei servo deste Evangelho em virtude da gra\u00e7a que me foi dada pela onipotente a\u00e7\u00e3o divina.<\/p>\n\n\n\n<p>8 A mim, o mais insignificante dentre todos os santos, coube-me a gra\u00e7a de anunciar entre os pag\u00e3os a inexplor\u00e1vel riqueza de Cristo,<\/p>\n\n\n\n<p>9 e a todos manifestar o des\u00edgnio salvador de Deus, mist\u00e9rio oculto desde a eternidade em Deus, que tudo criou.<\/p>\n\n\n\n<p>10 Assim, de ora em diante, as domina\u00e7\u00f5es e as potestades celestes podem conhecer, pela Igreja, a infinita diversidade da sabedoria divina,<\/p>\n\n\n\n<p>11 de acordo com o des\u00edgnio eterno que Deus realizou em Jesus Cristo, nosso Senhor.<\/p>\n\n\n\n<p>12 Pela f\u00e9 que nele depositamos, temos plena confian\u00e7a de aproximar-nos junto de Deus.<\/p>\n\n\n\n<p>Palavra do Senhor.<\/p>\n\n\n\n<h3 class=\"wp-block-heading\">Salmo Responsorial &#8211;&nbsp;Isa\u00edas 12<\/h3>\n\n\n\n<p><strong>Com alegria bebereis do manancial da salva\u00e7\u00e3o.<\/strong><\/p>\n\n\n\n<p>Eis o Deus, meu salvador, eu confio e nada temo;<\/p>\n\n\n\n<p>o Senhor \u00e9 minha for\u00e7a, meu louvor e salva\u00e7\u00e3o.<\/p>\n\n\n\n<p>com alegria bebereis do manancial da salva\u00e7\u00e3o.<\/p>\n\n\n\n<p>E direis naquele dia: \u201cDai louvores ao Senhor,<\/p>\n\n\n\n<p>invocai seu santo nome, anunciai suas maravilhas,<\/p>\n\n\n\n<p>entre os povos proclamai que seu nome \u00e9 o mais sublime.<\/p>\n\n\n\n<p>Louvai, cantando ao nosso Deus, que fez prod\u00edgios e portentos,<\/p>\n\n\n\n<p>publicai em toda a terra suas grandes maravilhas!<\/p>\n\n\n\n<p>Exultai, cantando alegres, habitantes de Si\u00e3o,<\/p>\n\n\n\n<p>porque \u00e9 grande em vosso meio o Deus santo de Israel!\u201d<\/p>\n\n\n\n<h3 class=\"wp-block-heading\">Leitura &#8211;<\/h3>\n\n\n\n<h3 class=\"wp-block-heading\">Evangelho &#8211;&nbsp;Lucas 12,39-48<\/h3>\n\n\n\n<p>Aleluia, aleluia, aleluia.<\/p>\n\n\n\n<p>Vigiai, diz Jesus, vigiai, pois, no dia em que n\u00e3o esperais, o vosso Senhor h\u00e1 de vir (Mt 24,42.44).<\/p>\n\n\n\n<p>Proclama\u00e7\u00e3o do Evangelho de Jesus Cristo segundo Lucas.<\/p>\n\n\n\n<p>Naquele tempo, 12 39 disse Jesus: \u201cSabei, por\u00e9m, isto: se o senhor soubesse a que hora viria o ladr\u00e3o, vigiaria sem d\u00favida e n\u00e3o deixaria for\u00e7ar a sua casa.<\/p>\n\n\n\n<p>40 Estai, pois, preparados, porque, \u00e0 hora em que n\u00e3o pensais, vir\u00e1 o Filho do Homem\u201d.<\/p>\n\n\n\n<p>41 Disse-lhe Pedro: \u201cSenhor, prop\u00f5es esta par\u00e1bola s\u00f3 a n\u00f3s ou tamb\u00e9m a todos?\u201d<\/p>\n\n\n\n<p>42 O Senhor replicou: \u201cQual \u00e9 o administrador s\u00e1bio e fiel que o senhor estabelecer\u00e1 sobre os seus oper\u00e1rios para lhes dar a seu tempo a sua medida de trigo?<\/p>\n\n\n\n<p>43 Feliz daquele servo que o senhor achar procedendo assim, quando vier!<\/p>\n\n\n\n<p>44 Em verdade vos digo: confiar-lhe-\u00e1 todos os seus bens.<\/p>\n\n\n\n<p>45 Mas, se o tal administrador imaginar consigo: \u2018Meu senhor tardar\u00e1 a vir\u2019, e come\u00e7ar a espancar os servos e as servas, a comer, a beber e a embriagar-se,<\/p>\n\n\n\n<p>46 o senhor daquele servo vir\u00e1 no dia em que n\u00e3o o esperar e na hora em que ele n\u00e3o pensar, e o despedir\u00e1 e o mandar\u00e1 ao destino dos infi\u00e9is.<\/p>\n\n\n\n<p>47 O servo que, apesar de conhecer a vontade de seu senhor, nada preparou e lhe desobedeceu ser\u00e1 a\u00e7oitado com numerosos golpes.<\/p>\n\n\n\n<p>48 Mas aquele que, ignorando a vontade de seu senhor, fizer coisas repreens\u00edveis ser\u00e1 a\u00e7oitado com poucos golpes. Porque, a quem muito se deu, muito se exigir\u00e1. Quanto mais se confiar a algu\u00e9m, dele mais se h\u00e1 de exigir\u201d.<\/p>\n\n\n\n<p>Palavra da Salva\u00e7\u00e3o.<\/p>\n\n\n\n<h3 class=\"wp-block-heading\">Coment\u00e1rio ao Evangelho<\/h3>\n\n\n\n<p>O SERVO PRUDENTE E FIEL<\/p>\n\n\n\n<p>O disc\u00edpulo do Reino n\u00e3o se deixa pegar de surpresa. Pelo contr\u00e1rio, ele se precav\u00ea e cuida para n\u00e3o deixar o pecado se apoderar de seu cora\u00e7\u00e3o, indispondo-o a receber o Senhor. Sua aten\u00e7\u00e3o deve ser como a de um homem que guarda sua casa, sabendo a que horas vir\u00e1 o ladr\u00e3o. O homem s\u00e1bio protege sua propriedade e frustra a a\u00e7\u00e3o do arrombador. O ladr\u00e3o n\u00e3o o pega desprevenido.<\/p>\n\n\n\n<p>O crist\u00e3o sabe apenas que o Senhor vir\u00e1 de maneira improvisa e n\u00e3o quer se deixar pegar de surpresa. Da\u00ed seu esfor\u00e7o para superar a pregui\u00e7a e a indol\u00eancia. Ele age sempre com prud\u00eancia e fidelidade. A prud\u00eancia leva-o a n\u00e3o perder de vista a exorta\u00e7\u00e3o do Senhor que anunciou sua vinda como certa. A fidelidade mant\u00e9m-no na via tra\u00e7ada pelo Senhor, porque sabe que \u00e9 in\u00fatil optar por desvios ou falsas propostas de salva\u00e7\u00e3o. A prud\u00eancia coloca diante dele o Reino e o que est\u00e1 reservado para quem se encontrar preparado, por ocasi\u00e3o da vinda do Senhor. A fidelidade convence-o de que vale a pena consagrar toda a vida ao Senhor e ao seu Reino.<\/p>\n\n\n\n<p>Sobretudo, o crist\u00e3o est\u00e1 convencido da responsabilidade que lhe foi confiada. Na aus\u00eancia do Senhor, compete-lhe entregar-se, sem reserva, \u00e0 constru\u00e7\u00e3o do Reino. \u00c9 arriscado n\u00e3o levar a s\u00e9rio esta miss\u00e3o. Bem-aventurado quem for encontrado fazendo o bem!<\/p>\n","protected":false},"excerpt":{"rendered":"<p>Ora\u00e7\u00e3o do dia Deus eterno e todo-poderoso, dai-nos a gra\u00e7a de estar sempre ao vosso dispor e vos servir de todo o cora\u00e7\u00e3o. Por Nosso Senhor Jesus Cristo, Vosso Filho, na unidade do&#8230;<\/p>\n","protected":false},"author":2,"featured_media":19053,"comment_status":"open","ping_status":"open","sticky":false,"template":"","format":"standard","meta":[],"categories":[7],"tags":[],"_links":{"self":[{"href":"https:\/\/www.salvatorianas.org.br\/blog\/wp-json\/wp\/v2\/posts\/19052"}],"collection":[{"href":"https:\/\/www.salvatorianas.org.br\/blog\/wp-json\/wp\/v2\/posts"}],"about":[{"href":"https:\/\/www.salvatorianas.org.br\/blog\/wp-json\/wp\/v2\/types\/post"}],"author":[{"embeddable":true,"href":"https:\/\/www.salvatorianas.org.br\/blog\/wp-json\/wp\/v2\/users\/2"}],"replies":[{"embeddable":true,"href":"https:\/\/www.salvatorianas.org.br\/blog\/wp-json\/wp\/v2\/comments?post=19052"}],"version-history":[{"count":1,"href":"https:\/\/www.salvatorianas.org.br\/blog\/wp-json\/wp\/v2\/posts\/19052\/revisions"}],"predecessor-version":[{"id":19054,"href":"https:\/\/www.salvatorianas.org.br\/blog\/wp-json\/wp\/v2\/posts\/19052\/revisions\/19054"}],"wp:featuredmedia":[{"embeddable":true,"href":"https:\/\/www.salvatorianas.org.br\/blog\/wp-json\/wp\/v2\/media\/19053"}],"wp:attachment":[{"href":"https:\/\/www.salvatorianas.org.br\/blog\/wp-json\/wp\/v2\/media?parent=19052"}],"wp:term":[{"taxonomy":"category","embeddable":true,"href":"https:\/\/www.salvatorianas.org.br\/blog\/wp-json\/wp\/v2\/categories?post=19052"},{"taxonomy":"post_tag","embeddable":true,"href":"https:\/\/www.salvatorianas.org.br\/blog\/wp-json\/wp\/v2\/tags?post=19052"}],"curies":[{"name":"wp","href":"https:\/\/api.w.org\/{rel}","templated":true}]}}