{"id":19047,"date":"2022-10-18T17:04:00","date_gmt":"2022-10-18T17:04:00","guid":{"rendered":"https:\/\/www.salvatorianas.org.br\/blog\/?p=19047"},"modified":"2022-10-20T17:05:49","modified_gmt":"2022-10-20T17:05:49","slug":"sao-lucas-evangelista","status":"publish","type":"post","link":"https:\/\/www.salvatorianas.org.br\/blog\/sao-lucas-evangelista\/","title":{"rendered":"S\u00e3o Lucas, Evangelista"},"content":{"rendered":"\n<p><strong>PRIMEIRA LEITURA<\/strong><\/p>\n\n\n\n<p><em>S\u00f3 Lucas est\u00e1 comigo.<\/em> Leitura da Segunda Carta de S\u00e3o Paulo a Tim\u00f3teo\u00a04,10-17b<\/p>\n\n\n\n<p>Car\u00edssimo:10Demas me abandonou por amor deste mundo,<br>e foi para Tessal\u00f4nica.<br>Crescente foi para a Gal\u00e1cia,&nbsp;Tito para a Dalm\u00e1cia.11S\u00f3 Lucas est\u00e1 comigo.<br>Toma contigo Marcos e traze-o,<br>porque me \u00e9 \u00fatil para o minist\u00e9rio.12Mandei T\u00edquico a \u00c9feso.13Quando vieres, traze contigo a capa<br>que deixei em Tr\u00f4ade, em casa de Carpo,<br>e os livros, principalmente os pergaminhos.14Alexandre, o ferreiro, tem-me causado muito dano;<br>o Senhor lhe pagar\u00e1 segundo as suas obras!15Evita-o tamb\u00e9m tu,<br>pois ele fez forte oposi\u00e7\u00e3o \u00e0s nossas palavras.16Na minha primeira defesa, ningu\u00e9m me assistiu;<br>todos me abandonaram.<br>Oxal\u00e1 que n\u00e3o lhes seja levado em conta.17Mas o Senhor esteve a meu lado e me deu for\u00e7as,<br>ele fez com que a mensagem<br>fosse anunciada por mim integralmente,<br>e ouvida por todas as na\u00e7\u00f5es.<br>Palavra do Senhor.<\/p>\n\n\n\n<p><strong>Salmo responsorial<\/strong><br>Sl 144(145),10-11,12-13ab,17-18 (R. 12a)<\/p>\n\n\n\n<p>R.<strong>\u00a0\u00d3 Senhor, vossos amigos anunciem vosso Reino glorioso!<\/strong><\/p>\n\n\n\n<p><br>10Que vossas obras, \u00f3 Senhor, vos glorifiquem, *<br>e os vossos santos com louvores vos bendigam!11Narrem a gl\u00f3ria e o esplendor do vosso reino *<br>e saibam proclamar vosso poder!\u00a0R.<br>12Para espalhar vossos prod\u00edgios entre os homens *<br>e o fulgor de vosso reino esplendoroso.13aO vosso reino \u00e9 um reino para sempre, *13bvosso poder, de gera\u00e7\u00e3o em gera\u00e7\u00e3o.\u00a0R.<br>17\u00c9 justo o Senhor em seus caminhos, *<br>\u00e9 Santo em toda obra que ele faz.18Ele est\u00e1 perto da pessoa que o invoca, *<br>de todo aquele que o invoca lealmente.\u00a0R.<\/p>\n\n\n\n<p>E<strong>VANGELHO<\/strong><\/p>\n\n\n\n<p><em>A messe \u00e9 grande, mas os trabalhadores s\u00e3o poucos.<\/em><\/p>\n\n\n\n<p><strong>Proclama\u00e7\u00e3o do Evangelho de Jesus Cristo segundo Lucas\u00a0<\/strong>10,1-9<\/p>\n\n\n\n<p>Naquele tempo,1o Senhor escolheu outros setenta e dois disc\u00edpulos<br>e os enviou dois a dois, na sua frente,<br>a toda cidade e lugar aonde ele pr\u00f3prio devia ir.2E dizia-lhes:<br>&#8220;A messe \u00e9 grande,<br>mas os trabalhadores s\u00e3o poucos.<br>Por isso, pedi ao dono da messe<br>que mande trabalhadores para a colheita.3Eis que vos envio como cordeiros para o meio de lobos.4N\u00e3o leveis bolsa, nem sacola, nem sand\u00e1lias,<br>e n\u00e3o cumprimenteis ningu\u00e9m pelo caminho!5Em qualquer casa em que entrardes, dizei primeiro:<br>&#8216;A paz esteja nesta casa!&#8217;6Se ali morar um amigo da paz,<br>a vossa paz repousar\u00e1 sobre ele;<br>se n\u00e3o, ela voltar\u00e1 para v\u00f3s.7Permanecei naquela mesma casa,<br>comei e bebei do que tiverem,<br>porque o trabalhador merece o seu sal\u00e1rio.<br>N\u00e3o passeis de casa em casa.8Quando entrardes numa cidade e fordes bem recebidos,<br>comei do que vos servirem,9curai os doentes que nela houver<br>e dizei ao povo:<br>&#8216;O Reino de Deus est\u00e1 pr\u00f3ximo de v\u00f3s&#8217; &#8220;.<br>Palavra da Salva\u00e7\u00e3o.<\/p>\n","protected":false},"excerpt":{"rendered":"<p>PRIMEIRA LEITURA S\u00f3 Lucas est\u00e1 comigo. Leitura da Segunda Carta de S\u00e3o Paulo a Tim\u00f3teo\u00a04,10-17b Car\u00edssimo:10Demas me abandonou por amor deste mundo,e foi para Tessal\u00f4nica.Crescente foi para a Gal\u00e1cia,&nbsp;Tito para a Dalm\u00e1cia.11S\u00f3 Lucas&#8230;<\/p>\n","protected":false},"author":2,"featured_media":19048,"comment_status":"open","ping_status":"open","sticky":false,"template":"","format":"standard","meta":[],"categories":[7],"tags":[],"_links":{"self":[{"href":"https:\/\/www.salvatorianas.org.br\/blog\/wp-json\/wp\/v2\/posts\/19047"}],"collection":[{"href":"https:\/\/www.salvatorianas.org.br\/blog\/wp-json\/wp\/v2\/posts"}],"about":[{"href":"https:\/\/www.salvatorianas.org.br\/blog\/wp-json\/wp\/v2\/types\/post"}],"author":[{"embeddable":true,"href":"https:\/\/www.salvatorianas.org.br\/blog\/wp-json\/wp\/v2\/users\/2"}],"replies":[{"embeddable":true,"href":"https:\/\/www.salvatorianas.org.br\/blog\/wp-json\/wp\/v2\/comments?post=19047"}],"version-history":[{"count":1,"href":"https:\/\/www.salvatorianas.org.br\/blog\/wp-json\/wp\/v2\/posts\/19047\/revisions"}],"predecessor-version":[{"id":19049,"href":"https:\/\/www.salvatorianas.org.br\/blog\/wp-json\/wp\/v2\/posts\/19047\/revisions\/19049"}],"wp:featuredmedia":[{"embeddable":true,"href":"https:\/\/www.salvatorianas.org.br\/blog\/wp-json\/wp\/v2\/media\/19048"}],"wp:attachment":[{"href":"https:\/\/www.salvatorianas.org.br\/blog\/wp-json\/wp\/v2\/media?parent=19047"}],"wp:term":[{"taxonomy":"category","embeddable":true,"href":"https:\/\/www.salvatorianas.org.br\/blog\/wp-json\/wp\/v2\/categories?post=19047"},{"taxonomy":"post_tag","embeddable":true,"href":"https:\/\/www.salvatorianas.org.br\/blog\/wp-json\/wp\/v2\/tags?post=19047"}],"curies":[{"name":"wp","href":"https:\/\/api.w.org\/{rel}","templated":true}]}}