{"id":19043,"date":"2022-10-17T16:56:00","date_gmt":"2022-10-17T16:56:00","guid":{"rendered":"https:\/\/www.salvatorianas.org.br\/blog\/?p=19043"},"modified":"2022-10-20T17:03:26","modified_gmt":"2022-10-20T17:03:26","slug":"santo-inacio-de-antioquia-bispo-e-martir","status":"publish","type":"post","link":"https:\/\/www.salvatorianas.org.br\/blog\/santo-inacio-de-antioquia-bispo-e-martir\/","title":{"rendered":"Santo In\u00e1cio de Antioquia, bispo e m\u00e1rtir"},"content":{"rendered":"\n<p>PRIMEIRA LEITURA<\/p>\n\n\n\n<p><em>Ele nos deu a vida com Cristo,<br>e nos fez sentar nos c\u00e9us. <\/em>Leitura da Carta de S\u00e3o Paulo aos Ef\u00e9sios\u00a02,1-10<\/p>\n\n\n\n<p>Irm\u00e3os,1v\u00f3s est\u00e1veis mortospor causa de vossas faltas e pecados,2nos quais viv\u00edeis outrora,<br>quando segu\u00edeis o deus deste mundo,<br>o pr\u00edncipe que reina entre o c\u00e9u e a terra,<br>o esp\u00edrito que age agora entre os rebeldes.3N\u00f3s \u00e9ramos deste n\u00famero, todos n\u00f3s.<br>Outrora nos abandon\u00e1vamos \u00e0s paix\u00f5es da carne;<br>satisfaz\u00edamos os seus desejos,<br>segu\u00edamos os seus caprichos<br>e \u00e9ramos por natureza,&nbsp;como os demais, filhos da ira.4Mas Deus \u00e9 rico em miseric\u00f3rdia.<br>Por causa do grande amor com que nos amou,5quando est\u00e1vamos mortos&nbsp;por causa das nossas faltas,<br>ele nos deu a vida com Cristo.<br>\u00c9 por gra\u00e7a que v\u00f3s sois salvos!6Deus nos ressuscitou com Cristo<br>e nos fez sentar nos c\u00e9us<br>em virtude de nossa uni\u00e3o com Jesus Cristo.7Assim, pela bondade,&nbsp;que nos demonstrou em Jesus Cristo,<br>Deus quis mostrar, atrav\u00e9s dos s\u00e9culos futuros,<br>a incompar\u00e1vel riqueza da sua gra\u00e7a.8Com efeito, \u00e9 pela gra\u00e7a que sois salvos,&nbsp;mediante a f\u00e9.<br>E isso n\u00e3o vem de v\u00f3s; \u00e9 dom de Deus!9N\u00e3o vem das obras, para que ningu\u00e9m se orgulhe.10Pois \u00e9 ele quem nos fez;<br>n\u00f3s fomos criados em Jesus Cristo para as obras boas,<br>que Deus preparou de antem\u00e3o<br>para que n\u00f3s as pratic\u00e1ssemos.<br>Palavra do Senhor.<\/p>\n\n\n\n<p><strong>Salmo responsorial<\/strong><br>Sl 99(100),2.3.4.5 (R. 3b)<\/p>\n\n\n\n<p><strong>R.\u00a0O Senhor mesmo nos fez, e somos seus.<\/strong><\/p>\n\n\n\n<p>2Aclamai o Senhor, \u00f3 terra inteira, \u2020<br>servi ao Senhor com alegria, *<br>ide a ele cantando jubilosos!&nbsp;R.<br>3Sabei que o Senhor, s\u00f3 ele, \u00e9 Deus, \u2020<br>Ele mesmo nos fez, e somos seus, *<br>n\u00f3s somos seu povo e seu rebanho.&nbsp;R.<br>4Entrai por suas portas dando gra\u00e7as, \u2020<br>e em seus \u00e1trios com hinos de louvor; *<br>dai-lhe gra\u00e7as, seu nome bendizei!&nbsp;R.<br>5Sim, \u00e9 bom o Senhor e nosso Deus, \u2020<br>sua bondade perdura para sempre, *<br>seu amor \u00e9 fiel eternamente!&nbsp;R.<\/p>\n\n\n\n<p><strong>EVANGELHO<\/strong><\/p>\n\n\n\n<p><em>E para quem ficar\u00e1 o que tu acumulaste?&#8217;<br><\/em><strong>Proclama\u00e7\u00e3o do Evangelho de Jesus Cristo segundo Lucas\u00a0<\/strong>12,13-21<\/p>\n\n\n\n<p>Naquele tempo,13algu\u00e9m, do meio da multid\u00e3o, disse a Jesus:&nbsp;&#8220;Mestre, dize ao meu irm\u00e3o que reparta a heran\u00e7a comigo&#8221;.14Jesus respondeu:<br>&#8220;Homem, quem me encarregou de julgar<br>ou de dividir vossos bens?&#8221;15E disse-lhes:<br>&#8220;Aten\u00e7\u00e3o!&nbsp;Tomai cuidado contra todo tipo de gan\u00e2ncia,<br>porque, mesmo que algu\u00e9m tenha muitas coisas,<br>a vida de um homem&nbsp;n\u00e3o consiste na abund\u00e2ncia de bens&#8221;.16E contou-lhes uma par\u00e1bola:<br>&#8220;A terra de um homem rico&nbsp;deu uma grande colheita.17Ele pensava consigo mesmo:<br>&#8216;O que vou fazer?<br>N\u00e3o tenho onde guardar minha colheita&#8217;.18Ent\u00e3o resolveu:&nbsp;&#8216;J\u00e1 sei o que fazer!<br>Vou derrubar meus celeiros e construir maiores;<br>neles vou guardar todo o meu trigo,<br>junto com os meus bens.19Ent\u00e3o poderei dizer a mim mesmo:<br>Meu caro,&nbsp;tu tens uma boa reserva para muitos anos.<br>Descansa, come, bebe, aproveita!&#8217;20Mas Deus lhe disse:&nbsp;&#8216;Louco!<br>Ainda nesta noite, pedir\u00e3o de volta a tua vida.<br>E para quem ficar\u00e1 o que tu acumulaste?&#8217;21Assim acontece&nbsp;com quem ajunta tesouros para si mesmo,<br>mas n\u00e3o \u00e9 rico diante de Deus&#8221;.<br>Palavra da Salva\u00e7\u00e3o.<\/p>\n","protected":false},"excerpt":{"rendered":"<p>PRIMEIRA LEITURA Ele nos deu a vida com Cristo,e nos fez sentar nos c\u00e9us. Leitura da Carta de S\u00e3o Paulo aos Ef\u00e9sios\u00a02,1-10 Irm\u00e3os,1v\u00f3s est\u00e1veis mortospor causa de vossas faltas e pecados,2nos quais viv\u00edeis&#8230;<\/p>\n","protected":false},"author":2,"featured_media":19044,"comment_status":"open","ping_status":"open","sticky":false,"template":"","format":"standard","meta":[],"categories":[7],"tags":[],"_links":{"self":[{"href":"https:\/\/www.salvatorianas.org.br\/blog\/wp-json\/wp\/v2\/posts\/19043"}],"collection":[{"href":"https:\/\/www.salvatorianas.org.br\/blog\/wp-json\/wp\/v2\/posts"}],"about":[{"href":"https:\/\/www.salvatorianas.org.br\/blog\/wp-json\/wp\/v2\/types\/post"}],"author":[{"embeddable":true,"href":"https:\/\/www.salvatorianas.org.br\/blog\/wp-json\/wp\/v2\/users\/2"}],"replies":[{"embeddable":true,"href":"https:\/\/www.salvatorianas.org.br\/blog\/wp-json\/wp\/v2\/comments?post=19043"}],"version-history":[{"count":1,"href":"https:\/\/www.salvatorianas.org.br\/blog\/wp-json\/wp\/v2\/posts\/19043\/revisions"}],"predecessor-version":[{"id":19045,"href":"https:\/\/www.salvatorianas.org.br\/blog\/wp-json\/wp\/v2\/posts\/19043\/revisions\/19045"}],"wp:featuredmedia":[{"embeddable":true,"href":"https:\/\/www.salvatorianas.org.br\/blog\/wp-json\/wp\/v2\/media\/19044"}],"wp:attachment":[{"href":"https:\/\/www.salvatorianas.org.br\/blog\/wp-json\/wp\/v2\/media?parent=19043"}],"wp:term":[{"taxonomy":"category","embeddable":true,"href":"https:\/\/www.salvatorianas.org.br\/blog\/wp-json\/wp\/v2\/categories?post=19043"},{"taxonomy":"post_tag","embeddable":true,"href":"https:\/\/www.salvatorianas.org.br\/blog\/wp-json\/wp\/v2\/tags?post=19043"}],"curies":[{"name":"wp","href":"https:\/\/api.w.org\/{rel}","templated":true}]}}