{"id":19040,"date":"2022-10-20T16:56:09","date_gmt":"2022-10-20T16:56:09","guid":{"rendered":"https:\/\/www.salvatorianas.org.br\/blog\/?p=19040"},"modified":"2022-10-20T16:56:09","modified_gmt":"2022-10-20T16:56:09","slug":"quinta-feira-29a-semana-do-tempo-comum","status":"publish","type":"post","link":"https:\/\/www.salvatorianas.org.br\/blog\/quinta-feira-29a-semana-do-tempo-comum\/","title":{"rendered":"Quinta-feira &#8211; 29\u00aa Semana do Tempo Comum"},"content":{"rendered":"\n<h3 class=\"wp-block-heading\">Ora\u00e7\u00e3o do dia<\/h3>\n\n\n\n<p>Deus eterno e todo-poderoso, dai-nos a gra\u00e7a de estar sempre ao vosso dispor e vos servir de todo o cora\u00e7\u00e3o. Por Nosso Senhor Jesus Cristo, Vosso Filho, na unidade do Esp\u00edrito Santo.<\/p>\n\n\n\n<h3 class=\"wp-block-heading\">Leitura &#8211;&nbsp;Ef\u00e9sios 3,14-21<\/h3>\n\n\n\n<p>Leitura da carta de s\u00e3o Paulo aos Ef\u00e9sios.<\/p>\n\n\n\n<p>3 14 Por esta causa dobro os joelhos em presen\u00e7a do Pai,<\/p>\n\n\n\n<p>15 ao qual deve a sua exist\u00eancia toda fam\u00edlia no c\u00e9u e na terra,<\/p>\n\n\n\n<p>16 para que vos conceda, segundo seu glorioso tesouro, que sejais poderosamente robustecidos pelo seu Esp\u00edrito em vista do crescimento do vosso homem interior.<\/p>\n\n\n\n<p>17 Que Cristo habite pela f\u00e9 em vossos cora\u00e7\u00f5es, arraigados e consolidados na caridade,<\/p>\n\n\n\n<p>18 a fim de que possais, com todos os crist\u00e3os, compreender qual seja a largura, o comprimento, a altura e a profundidade,<\/p>\n\n\n\n<p>19 isto \u00e9, conhecer a caridade de Cristo, que desafia todo o conhecimento, e sejais cheios de toda a plenitude de Deus.<\/p>\n\n\n\n<p>20 \u00c0quele que, pela virtude que opera em n\u00f3s, pode fazer infinitamente mais do que tudo quanto pedimos ou entendemos,<\/p>\n\n\n\n<p>21 a ele seja dada gl\u00f3ria na Igreja, e em Cristo Jesus, por todas as gera\u00e7\u00f5es de eternidade. Am\u00e9m.<\/p>\n\n\n\n<p>Palavra do Senhor.<\/p>\n\n\n\n<h3 class=\"wp-block-heading\">Salmo Responsorial &#8211;&nbsp;32\/33<\/h3>\n\n\n\n<p><strong>Transborda em toda a terra a bondade do Senhor!<\/strong><\/p>\n\n\n\n<p>\u00d3 justos, alegrai-vos no Senhor!<\/p>\n\n\n\n<p>Aos retos fica bem glorifica-lo.<\/p>\n\n\n\n<p>Dai gra\u00e7as ao Senhor ao som da harpa,<\/p>\n\n\n\n<p>na lira de dez cordas celebrai-o!<\/p>\n\n\n\n<p>Pois reta \u00e9 a palavra do Senhor,<\/p>\n\n\n\n<p>e tudo o que ele faz merece f\u00e9.<\/p>\n\n\n\n<p>Deus ama o direito e a justi\u00e7a,<\/p>\n\n\n\n<p>transborda em toda a terra a sua gra\u00e7a.<\/p>\n\n\n\n<p>Mas os des\u00edgnios do Senhor s\u00e3o para sempre,<\/p>\n\n\n\n<p>e os pensamentos que ele traz no cora\u00e7\u00e3o,<\/p>\n\n\n\n<p>de gera\u00e7\u00e3o em gera\u00e7\u00e3o, v\u00e3o perdurar.<\/p>\n\n\n\n<p>Feliz o povo cujo Deus \u00e9 o Senhor<\/p>\n\n\n\n<p>e a na\u00e7\u00e3o que o escolheu por sua heran\u00e7a!<\/p>\n\n\n\n<p>Mas o Senhor pousa o olhar sobre os que o temem<\/p>\n\n\n\n<p>e que confiam, esperando em seu amor,<\/p>\n\n\n\n<p>para da morte libertar as suas vida<\/p>\n\n\n\n<p>e alimenta-los quando \u00e9 tempo de pen\u00faria.<\/p>\n\n\n\n<h3 class=\"wp-block-heading\">Leitura &#8211;<\/h3>\n\n\n\n<h3 class=\"wp-block-heading\">Evangelho &#8211;&nbsp;Lucas 12,49-53<\/h3>\n\n\n\n<p>Aleluia, aleluia, aleluia.<\/p>\n\n\n\n<p>Eu tudo considero como perda e como lixo a fim de eu ganhar Cristo e ser achado nele! (Fl 3,8s)<\/p>\n\n\n\n<p>Proclama\u00e7\u00e3o do Evangelho de Jesus Cristo segundo Lucas.<\/p>\n\n\n\n<p>Naquele tempo, 12 49 disse Jesus: \u201cEu vim lan\u00e7ar fogo \u00e0 terra, e que tenho eu a desejar se ele j\u00e1 est\u00e1 aceso?<\/p>\n\n\n\n<p>50 Mas devo ser batizado num batismo; e quanto anseio at\u00e9 que ele se cumpra!<\/p>\n\n\n\n<p>51 Julgais que vim trazer paz \u00e0 terra? N\u00e3o, digo-vos, mas separa\u00e7\u00e3o.<\/p>\n\n\n\n<p>52 Pois de ora em diante haver\u00e1 numa mesma casa cinco pessoas divididas, tr\u00eas contra duas, e duas contra tr\u00eas;<\/p>\n\n\n\n<p>53 estar\u00e3o divididos: o pai contra o filho, e o filho contra o pai; a m\u00e3e contra a filha, e a filha contra a m\u00e3e; a sogra contra a nora, e a nora contra a sogra\u201d.<\/p>\n\n\n\n<p>Palavra da Salva\u00e7\u00e3o.<\/p>\n\n\n\n<h3 class=\"wp-block-heading\">Coment\u00e1rio ao Evangelho<\/h3>\n\n\n\n<p>A CIS\u00c3O DO REINO<\/p>\n\n\n\n<p>O Reino anunciado por Jesus criou rupturas no seio da humanidade. Pode parecer estranho, considerando que pretendia ser um Reino de paz. Entretanto, Jesus afirmou n\u00e3o ter vindo trazer paz \u00e0 Terra, e sim, a divis\u00e3o.<\/p>\n\n\n\n<p>Como se explica a ruptura causada pelo Reino? Ele consiste numa proposta de Jesus \u00e0 humanidade. Sendo proposta, pode ser acolhido ou rejeitado. Rejeitar o Reino significa optar pelos valores que lhe s\u00e3o contr\u00e1rios. Assim se estabelece uma dupla polaridade de a\u00e7\u00e3o. De um lado, coloca-se quem acredita no amor, na justi\u00e7a e no perd\u00e3o. De outro, posiciona-se quem se entrega ao ego\u00edsmo, \u00e0 injusti\u00e7a e \u00e0 viol\u00eancia. N\u00e3o existe concilia\u00e7\u00e3o poss\u00edvel entre estes dois projetos de vida. \u00c9 ing\u00eanuo e in\u00fatil pretender junt\u00e1-los a qualquer custo, pois s\u00e3o inconcili\u00e1veis.<\/p>\n\n\n\n<p>Pode acontecer que, numa mesma fam\u00edlia, o pai fa\u00e7a sua op\u00e7\u00e3o pelo Reino e o filho n\u00e3o, a m\u00e3e sim e a filha n\u00e3o, a sogra sim e a nora n\u00e3o, ou vice-versa. Assim, se estabelece uma divis\u00e3o irremedi\u00e1vel dentro da fam\u00edlia, por causa do Reino. Este n\u00e3o une, ao contr\u00e1rio, desune. N\u00e3o pode acontecer, por\u00e9m, que o pai pactue com a maldade do filho, ou a m\u00e3e ceda ao ego\u00edsmo da filha e, ainda, a sogra concorde com a injusti\u00e7a da nora, ou vice-versa, s\u00f3 para n\u00e3o desagradar. As exig\u00eancias do Reino colocam-se acima dos la\u00e7os familiares.<\/p>\n","protected":false},"excerpt":{"rendered":"<p>Ora\u00e7\u00e3o do dia Deus eterno e todo-poderoso, dai-nos a gra\u00e7a de estar sempre ao vosso dispor e vos servir de todo o cora\u00e7\u00e3o. Por Nosso Senhor Jesus Cristo, Vosso Filho, na unidade do&#8230;<\/p>\n","protected":false},"author":2,"featured_media":19041,"comment_status":"open","ping_status":"open","sticky":false,"template":"","format":"standard","meta":[],"categories":[7],"tags":[],"_links":{"self":[{"href":"https:\/\/www.salvatorianas.org.br\/blog\/wp-json\/wp\/v2\/posts\/19040"}],"collection":[{"href":"https:\/\/www.salvatorianas.org.br\/blog\/wp-json\/wp\/v2\/posts"}],"about":[{"href":"https:\/\/www.salvatorianas.org.br\/blog\/wp-json\/wp\/v2\/types\/post"}],"author":[{"embeddable":true,"href":"https:\/\/www.salvatorianas.org.br\/blog\/wp-json\/wp\/v2\/users\/2"}],"replies":[{"embeddable":true,"href":"https:\/\/www.salvatorianas.org.br\/blog\/wp-json\/wp\/v2\/comments?post=19040"}],"version-history":[{"count":1,"href":"https:\/\/www.salvatorianas.org.br\/blog\/wp-json\/wp\/v2\/posts\/19040\/revisions"}],"predecessor-version":[{"id":19042,"href":"https:\/\/www.salvatorianas.org.br\/blog\/wp-json\/wp\/v2\/posts\/19040\/revisions\/19042"}],"wp:featuredmedia":[{"embeddable":true,"href":"https:\/\/www.salvatorianas.org.br\/blog\/wp-json\/wp\/v2\/media\/19041"}],"wp:attachment":[{"href":"https:\/\/www.salvatorianas.org.br\/blog\/wp-json\/wp\/v2\/media?parent=19040"}],"wp:term":[{"taxonomy":"category","embeddable":true,"href":"https:\/\/www.salvatorianas.org.br\/blog\/wp-json\/wp\/v2\/categories?post=19040"},{"taxonomy":"post_tag","embeddable":true,"href":"https:\/\/www.salvatorianas.org.br\/blog\/wp-json\/wp\/v2\/tags?post=19040"}],"curies":[{"name":"wp","href":"https:\/\/api.w.org\/{rel}","templated":true}]}}