{"id":19031,"date":"2022-10-14T20:48:00","date_gmt":"2022-10-14T20:48:00","guid":{"rendered":"https:\/\/www.salvatorianas.org.br\/blog\/?p=19031"},"modified":"2022-10-17T13:03:33","modified_gmt":"2022-10-17T13:03:33","slug":"cnbb-70-anos-de-comunhao-participacao-e-missao-em-nossa-igreja","status":"publish","type":"post","link":"https:\/\/www.salvatorianas.org.br\/blog\/cnbb-70-anos-de-comunhao-participacao-e-missao-em-nossa-igreja\/","title":{"rendered":"CNBB: 70 anos de comunh\u00e3o, participa\u00e7\u00e3o e miss\u00e3o em nossa Igreja"},"content":{"rendered":"\n<p>Na Igreja Cat\u00f3lica, as&nbsp;<strong>confer\u00eancias episcopais<\/strong>&nbsp;apareceram como uma maneira de&nbsp;<strong>tornar mais direta e atualizada a comunh\u00e3o dos bispos entre si e com o Papa<\/strong>.&nbsp;Desta forma, a Igreja no Pa\u00eds, junto com outras na\u00e7\u00f5es como Fran\u00e7a, Estados Unidos e Alemanha, criou sua confer\u00eancia.<\/p>\n\n\n\n<p>A&nbsp;<strong>Confer\u00eancia Nacional dos Bispos do Brasil (CNBB)&nbsp;<\/strong>nasceu em&nbsp;<strong>14 de outubro de 1952<\/strong>&nbsp;para ser uma express\u00e3o forte do empenho em entregar ao episcopado uma&nbsp;<strong>maior oportunidade de pensamentos e a\u00e7\u00f5es.<\/strong><\/p>\n\n\n\n<p>O pioneirismo da Igreja no Brasil foi tanto que,&nbsp;<strong>apenas dez anos depois, no Conc\u00edlio Vaticano II<\/strong>, entre 1962 e 1965, f<strong>oi obrigada a cria\u00e7\u00e3o das institui\u00e7\u00f5es para todas as na\u00e7\u00f5es.<\/strong><\/p>\n\n\n\n<p><em>&#8220;A CNBB, neste contexto de seu&nbsp;<strong>anivers\u00e1rio de 70 anos,<\/strong>&nbsp;\u00e9 desafiada a ser marcadamente a&nbsp;<strong>express\u00e3o da comunh\u00e3o e da colegialidade<\/strong>&nbsp;entre os pastores, em&nbsp;<strong>comunh\u00e3o com o Papa Francisco<\/strong>, a servi\u00e7o de uma&nbsp;<strong>Igreja Sinodal<\/strong>&#8220;<\/em>, diz<strong>&nbsp;Dom Walmor Oliveira De Azevedo<\/strong>, atual presidente da entidade.<\/p>\n\n\n\n<h3 class=\"wp-block-heading\"><strong>Dom Helder, ap\u00f3stolo da Confer\u00eancia<\/strong><\/h3>\n\n\n\n<p>O surgimento da CNBB \u00e9 fruto do trabalho \u00e1rduo do ent\u00e3o&nbsp;<strong>Monsenhor Helder C\u00e2mara<\/strong>&nbsp;(depois bispo-auxiliar do Rio de Janeiro e, a partir de 1964, arcebispo de Olinda e Recife) que, a partir da&nbsp;<strong>condu\u00e7\u00e3o din\u00e2mica<\/strong>&nbsp;em seu minist\u00e9rio, juntamente dos muitos contatos com a Santa S\u00e9, tornou concreto esse ideal.<\/p>\n\n\n\n<p><em>\u201cEstava madura a ideia da CNBB. Em um pa\u00eds de dimens\u00f5es continentais,&nbsp;<strong>impunha-se um secretariado que ajudasse os bispos a equacionar com seguran\u00e7a os problemas locais, regionais e nacionais<\/strong>, em face dos quais a Igreja n\u00e3o pode ser indiferente\u201d.<\/em><\/p>\n\n\n\n<p>Al\u00e9m de Dom Helder, a cria\u00e7\u00e3o da entidade teve as sugest\u00f5es do&nbsp;<strong>Monsenhor Giovanni Battista Montini<\/strong>&nbsp;(que depois se tornaria o&nbsp;<strong>Papa Paulo VI<\/strong>). Montini era substituto na Secretaria de Estado e imediato colaborador do&nbsp;<strong>Papa Pio XII<\/strong>, que aprovou a cria\u00e7\u00e3o da Confer\u00eancia Nacional.<\/p>\n\n\n\n<p><strong>Dom Helder foi secret\u00e1rio-geral da entidade em duas oportunidades<\/strong>: ele foi o primeiro, de 14 de outubro de 1952 at\u00e9 10 de julho de 1958. Na quarta assembleia ordin\u00e1ria da Confer\u00eancia, houve a reelei\u00e7\u00e3o para o cargo, que ocupou at\u00e9 o dia 27 de outubro de 1964.<\/p>\n\n\n\n<p>Por ocasi\u00e3o dos 25 anos da CNBB,&nbsp;<strong>Dom Helder escreveu um depoimento que foi publicado no jornal O S\u00e3o Paulo.<\/strong><\/p>\n\n\n\n<p><strong>A funda\u00e7\u00e3o<\/strong><\/p>\n\n\n\n<p>Em&nbsp;<strong>5 de maio de 1952<\/strong>, Dom Jaime de Barros C\u00e2mara e Dom Carlos Carmelo de Vasconcelos Motta escreveram&nbsp;<strong>carta a todos os bispos<\/strong>, expondo o projeto de funda\u00e7\u00e3o da Confer\u00eancia, solicitando o seu parecer, al\u00e9m da&nbsp;<strong>proposta do primeiro Regulamento<\/strong>.<\/p>\n\n\n\n<p>Assim,<strong>&nbsp;convocaram os arcebispos metropolitanos para a assembleia de funda\u00e7\u00e3o<\/strong>, que aconteceu de 14 a 17 de outubro daquele ano.Arquidiocese de Goiania<\/p>\n\n\n\n<p><br><img decoding=\"async\" src=\"https:\/\/www.a12.com\/source\/files\/originals\/Fundacao_da_CNBB_em_1952-822570.jpg\" alt=\"Arquidiocese de Goiania\"><\/p>\n\n\n\n<p><\/p>\n\n\n\n<p><\/p>\n\n\n\n<p>A reuni\u00e3o de instala\u00e7\u00e3o da CNBB foi realizada no&nbsp;<strong>pal\u00e1cio S\u00e3o Joaquim<\/strong>, no Rio de Janeiro (RJ), onde ocorreu tamb\u00e9m a elei\u00e7\u00e3o da&nbsp;<strong>comiss\u00e3o permanente encarregada de dirigir a entidade<\/strong>, constitu\u00edda por Dom Alfredo Scherer, Dom M\u00e1rio de Miranda Vilas Boas e Dom Ant\u00f4nio Morais de Almeida J\u00fanior.<\/p>\n\n\n\n<p><strong>Dom Helder C\u00e2mara<\/strong>, idealizador da Confer\u00eancia, foi designado Secret\u00e1rio-Geral, e o Cardeal Carlos Carmelo de Vasconcelos Motta, ent\u00e3o Arcebispo de S\u00e3o Paulo, foi eleito o&nbsp;<strong>primeiro presidente da Entidade<\/strong>, fun\u00e7\u00e3o que exerceu por dois mandatos.<\/p>\n\n\n\n<p><strong>Estrutura<\/strong><\/p>\n\n\n\n<p>A CNBB possui&nbsp;<strong>um presidente, dois vices-presidentes e um secret\u00e1rio-geral<\/strong>, eleitos pela assembleia geral, conforme seu Estatuto Can\u00f4nico.<\/p>\n\n\n\n<p>Atualmente, a Confer\u00eancia \u00e9 presidida por&nbsp;<strong>Dom Walmor Oliveira de Azevedo<\/strong>, Arcebispo de Belo Horizonte (MG); tendo como vices-presidentes:&nbsp;<strong>Dom Jaime Spengler<\/strong>, Arcebispo de Porto Alegre (RS), e&nbsp;<strong>Dom M\u00e1rio Antonio Silva<\/strong>, Bispo de Roraima, e como secret\u00e1rio-geral,&nbsp;<strong>Dom Joel Portella Amado<\/strong>, Bispo Auxiliar do Rio de Janeiro.<\/p>\n\n\n\n<p>Os mandatos da CNBB t\u00eam dura\u00e7\u00e3o de&nbsp;<strong>quatro anos<\/strong>, podendo haver dois mandatos consecutivos.<\/p>\n\n\n\n<p>De acordo com seu&nbsp;<strong>Estatuto<\/strong>, tamb\u00e9m constituem a CNBB&nbsp;<strong>um Conselho Permanente, um Conselho Episcopal Pastoral (CONSEP)<\/strong>&nbsp;e para colaborar na anima\u00e7\u00e3o pastoral das dioceses,&nbsp;<strong>mais 12 comiss\u00f5es episcopais pastorais e uma comiss\u00e3o especial,<\/strong>&nbsp;que visam o estudo e a manuten\u00e7\u00e3o das atividades teol\u00f3gico-pastorais.<\/p>\n\n\n\n<p>No Brasil, s\u00e3o vinculados \u00e0 CNBB o&nbsp;<strong>Conselho Indigenista Mission\u00e1rio (CIMI)<\/strong>, a<strong>&nbsp;Comiss\u00e3o Pastoral da Terra (CPT)<\/strong>,<strong>&nbsp;Comiss\u00e3o Brasileira de Justi\u00e7a e Paz (CBJP)<\/strong>, o&nbsp;<strong>Centro Nacional de F\u00e9 e Pol\u00edtica (CEFEP)<\/strong>, a&nbsp;<strong>C\u00e1ritas Brasileira<\/strong>, a&nbsp;<strong>Organiza\u00e7\u00e3o dos Semin\u00e1rios e Institutos Filos\u00f3ficos-Teol\u00f3gicos do Brasil (OSIB)<\/strong>, e diversas pastorais.<\/p>\n\n\n\n<p>Como o Brasil \u00e9 um pa\u00eds continental em seu territ\u00f3rio, a Confer\u00eancia \u00e9 agrupada em&nbsp;<strong>18 regionais<\/strong>: Norte 1, Norte 2, Norte 3, Noroeste, Nordeste 1, Nordeste 2, Nordeste 3, Nordeste 4, Nordeste 5, Centro-Oeste, Leste 1, Leste 2, Oeste 1, Oeste 2, Sul 1, Sul 2, Sul 3 e Sul 4.<\/p>\n\n\n\n<h3 class=\"wp-block-heading\"><strong>Atribui\u00e7\u00f5es<\/strong><\/h3>\n\n\n\n<p><strong>S\u00e3o diversos pontos onde a CNBB realiza suas a\u00e7\u00f5es, entre os principais:<\/strong><\/p>\n\n\n\n<ul><li><em>S\u00f3lida comunh\u00e3o entre os Bispos que a comp\u00f5em, na riqueza de seu n\u00famero e diversidade, e promover sempre a maior participa\u00e7\u00e3o deles na Confer\u00eancia;<\/em><\/li><li><em>Estudar assuntos de interesse comum, estimulando a a\u00e7\u00e3o concorde e a solidariedade entre os Pastores e entre suas Igrejas;<\/em><\/li><li><em>Favorecer e articular as rela\u00e7\u00f5es entre as Igrejas particulares do Brasil e a Santa S\u00e9;<\/em><\/li><li><em>Relacionar-se com as outras Confer\u00eancias Episcopais, particularmente com o Conselho Episcopal Latino-Americano (CELAM);<\/em><\/li><li><em>Serem consultadas pela Santa S\u00e9 para a altera\u00e7\u00e3o ou cria\u00e7\u00e3o de dioceses. Dialogar com a Confer\u00eancia dos Religiosos do Brasil;<\/em><\/li><li><em>Traduzir e revisar textos lit\u00fargicos, bem como elaborar rituais adaptados para circunst\u00e2ncias pastorais locais.<\/em><\/li><\/ul>\n\n\n\n<p><\/p>\n\n\n\n<h3 class=\"wp-block-heading\">Miss\u00e3o<\/h3>\n\n\n\n<p>Respeitada a compet\u00eancia e a responsabilidade inalien\u00e1veis de cada membro, em rela\u00e7\u00e3o \u00e0 Igreja universal e \u00e0 sua Igreja particular, cabe \u00e0 CNBB, como express\u00e3o peculiar do afeto colegial:<\/p>\n\n\n\n<p>&#8211; Fomentar uma s\u00f3lida comunh\u00e3o entre os Bispos que a comp\u00f5em, na riqueza de seu n\u00famero e diversidade, e promover sempre a maior participa\u00e7\u00e3o deles na Confer\u00eancia;<\/p>\n\n\n\n<p>&#8211; Concretizar e aprofundar o afeto colegial, facilitando o relacionamento de seus membros, o conhecimento e a confian\u00e7a rec\u00edprocos, o interc\u00e2mbio de opini\u00f5es e experi\u00eancias, a supera\u00e7\u00e3o das diverg\u00eancias, a aceita\u00e7\u00e3o e a integra\u00e7\u00e3o das diferen\u00e7as, contribuindo assim eficazmente para a unidade eclesial;<\/p>\n\n\n\n<p>&#8211; Estudar assuntos de interesse comum, estimulando a a\u00e7\u00e3o concorde e a solidariedade entre os Pastores e entre suas Igrejas.<\/p>\n\n\n\n<h3 class=\"wp-block-heading\">Episcopado Brasileiro<\/h3>\n\n\n\n<p>A Igreja no Brasil possui, atualmente, 318 bispos na ativa e 161 em\u00e9ritos, totalizando 479 bispos. S\u00e3o membros da CNBB, a partir da posse no of\u00edcio e enquanto ocupam: bispos diocesanos, bispos auxiliares, bispos titulares e prelados das Igrejas orientais cat\u00f3licas.<\/p>\n\n\n\n<h3 class=\"wp-block-heading\">Circunscri\u00e7\u00f5es eclesi\u00e1sticas<\/h3>\n\n\n\n<p>A Igreja no Brasil possui 278 circunscri\u00e7\u00f5es eclesi\u00e1sticas, ou seja, territ\u00f3rios ou \u201cIgrejas Particulares\u201d confiadas aos cuidados de um bispo. A circunscri\u00e7\u00e3o eclesi\u00e1stica pode ser uma prelazia, uma diocese, arquidiocese, eparquia ou exarcado para fi\u00e9is de ritos espec\u00edficos e tamb\u00e9m circunscri\u00e7\u00f5es que n\u00e3o t\u00eam uma limita\u00e7\u00e3o territorial, como a administra\u00e7\u00e3o apost\u00f3lica pessoal.<\/p>\n\n\n\n<p>De acordo com as informa\u00e7\u00f5es sistematizadas pela Secretaria T\u00e9cnica da Confer\u00eancia Nacional dos Bispos do Brasil (CNBB), as circunscri\u00e7\u00f5es eclesi\u00e1sticas est\u00e3o divididas assim: 217 s\u00e3o dioceses, 45 arquidioceses, 8 prelazias, 3 eparquias, 1 exarcado, 1 rito pr\u00f3prio, 1 ordinariado militar, 1 administra\u00e7\u00e3o apost\u00f3lica pessoal e 1 arquieparquia. Cada uma delas conta com um bispo eleito pelo Papa para administrar o governo pastoral.<\/p>\n\n\n\n<p><\/p>\n\n\n\n<p>Fonte: A12 e CNBB<\/p>\n","protected":false},"excerpt":{"rendered":"<p>Na Igreja Cat\u00f3lica, as&nbsp;confer\u00eancias episcopais&nbsp;apareceram como uma maneira de&nbsp;tornar mais direta e atualizada a comunh\u00e3o dos bispos entre si e com o Papa.&nbsp;Desta forma, a Igreja no Pa\u00eds, junto com outras na\u00e7\u00f5es como&#8230;<\/p>\n","protected":false},"author":2,"featured_media":19033,"comment_status":"open","ping_status":"open","sticky":false,"template":"","format":"standard","meta":[],"categories":[1],"tags":[],"_links":{"self":[{"href":"https:\/\/www.salvatorianas.org.br\/blog\/wp-json\/wp\/v2\/posts\/19031"}],"collection":[{"href":"https:\/\/www.salvatorianas.org.br\/blog\/wp-json\/wp\/v2\/posts"}],"about":[{"href":"https:\/\/www.salvatorianas.org.br\/blog\/wp-json\/wp\/v2\/types\/post"}],"author":[{"embeddable":true,"href":"https:\/\/www.salvatorianas.org.br\/blog\/wp-json\/wp\/v2\/users\/2"}],"replies":[{"embeddable":true,"href":"https:\/\/www.salvatorianas.org.br\/blog\/wp-json\/wp\/v2\/comments?post=19031"}],"version-history":[{"count":2,"href":"https:\/\/www.salvatorianas.org.br\/blog\/wp-json\/wp\/v2\/posts\/19031\/revisions"}],"predecessor-version":[{"id":19035,"href":"https:\/\/www.salvatorianas.org.br\/blog\/wp-json\/wp\/v2\/posts\/19031\/revisions\/19035"}],"wp:featuredmedia":[{"embeddable":true,"href":"https:\/\/www.salvatorianas.org.br\/blog\/wp-json\/wp\/v2\/media\/19033"}],"wp:attachment":[{"href":"https:\/\/www.salvatorianas.org.br\/blog\/wp-json\/wp\/v2\/media?parent=19031"}],"wp:term":[{"taxonomy":"category","embeddable":true,"href":"https:\/\/www.salvatorianas.org.br\/blog\/wp-json\/wp\/v2\/categories?post=19031"},{"taxonomy":"post_tag","embeddable":true,"href":"https:\/\/www.salvatorianas.org.br\/blog\/wp-json\/wp\/v2\/tags?post=19031"}],"curies":[{"name":"wp","href":"https:\/\/api.w.org\/{rel}","templated":true}]}}