{"id":19019,"date":"2022-10-15T01:23:00","date_gmt":"2022-10-15T01:23:00","guid":{"rendered":"https:\/\/www.salvatorianas.org.br\/blog\/?p=19019"},"modified":"2022-10-13T14:28:12","modified_gmt":"2022-10-13T14:28:12","slug":"santa-teresa-de-jesus-virgem-e-doutora-da-igreja","status":"publish","type":"post","link":"https:\/\/www.salvatorianas.org.br\/blog\/santa-teresa-de-jesus-virgem-e-doutora-da-igreja\/","title":{"rendered":"Santa Teresa de Jesus, virgem e doutora da Igreja"},"content":{"rendered":"\n<h3 class=\"wp-block-heading\">Ora\u00e7\u00e3o do dia<\/h3>\n\n\n\n<p>\u00d3 Deus, que pelo vosso Esp\u00edrito fizestes surgir santa Teresa para recordar \u00e0 Igreja o caminho da perfei\u00e7\u00e3o, dai-nos encontrar sempre alimento em sua doutrina celeste e sentir em n\u00f3s o desejo da verdadeira santidade. Por Nosso Senhor Jesus Cristo, Vosso Filho, na unidade do Esp\u00edrito Santo.<\/p>\n\n\n\n<h3 class=\"wp-block-heading\">Leitura &#8211;&nbsp;Ef\u00e9sios 1,15-23<\/h3>\n\n\n\n<p>Leitura da carta de s\u00e3o Paulo aos Ef\u00e9sios.<\/p>\n\n\n\n<p>1 15 Por isso tamb\u00e9m eu, tendo ouvido falar da vossa f\u00e9 no Senhor Jesus, e do amor para com todos os crist\u00e3os,<\/p>\n\n\n\n<p>16 n\u00e3o cesso de dar gra\u00e7as a Deus por v\u00f3s, lembrando-me de v\u00f3s nas minhas ora\u00e7\u00f5es.<\/p>\n\n\n\n<p>17 Rogo ao Deus de nosso Senhor Jesus Cristo, o Pai da gl\u00f3ria, vos d\u00ea um esp\u00edrito de sabedoria que vos revele o conhecimento dele;<\/p>\n\n\n\n<p>18 que ilumine os olhos do vosso cora\u00e7\u00e3o, para que compreendais a que esperan\u00e7a fostes chamados, qu\u00e3o rica e gloriosa \u00e9 a heran\u00e7a que ele reserva aos santos,<\/p>\n\n\n\n<p>19 e qual a suprema grandeza de seu poder para conosco, que abra\u00e7amos a f\u00e9. \u00c9 o mesmo poder extraordin\u00e1rio que<\/p>\n\n\n\n<p>20 ele manifestou na pessoa de Cristo, ressuscitando-o dos mortos e fazendo-o sentar \u00e0 sua direita no c\u00e9u,<\/p>\n\n\n\n<p>21 acima de todo principado, potestade, virtude, domina\u00e7\u00e3o e de todo nome que possa haver neste mundo como no futuro.<\/p>\n\n\n\n<p>22 E sujeitou a seus p\u00e9s todas as coisas, e o constituiu chefe supremo da Igreja,<\/p>\n\n\n\n<p>23 que \u00e9 o seu corpo, o recept\u00e1culo daquele que enche todas as coisas sob todos os aspectos.<\/p>\n\n\n\n<p>Palavra do Senhor.<\/p>\n\n\n\n<h3 class=\"wp-block-heading\">Salmo Responsorial &#8211;&nbsp;8<\/h3>\n\n\n\n<p><strong>V\u00f3s destes o dom\u00ednio ao vosso Filho<\/strong><\/p>\n\n\n\n<p><strong>sobre tudo o que criastes.<\/strong><\/p>\n\n\n\n<p>\u00d3 Senhor nosso Deus, como \u00e9 grande<\/p>\n\n\n\n<p>vosso nome por todo o universo!<\/p>\n\n\n\n<p>Desdobrastes nos c\u00e9us vossa gl\u00f3ria<\/p>\n\n\n\n<p>com grandeza, esplendor, majestade.<\/p>\n\n\n\n<p>O perfeito louvor vos \u00e9 dado<\/p>\n\n\n\n<p>pelos l\u00e1bios dos mais pequeninos.<\/p>\n\n\n\n<p>Contemplando estes c\u00e9us que plasmastes<\/p>\n\n\n\n<p>e formastes com dedos de artista;<\/p>\n\n\n\n<p>vendo a lua e estrelas brilhantes,<\/p>\n\n\n\n<p>perguntamos: \u201cSenhor, que \u00e9 o homem,<\/p>\n\n\n\n<p>para assim vos lembrardes<\/p>\n\n\n\n<p>e o tratardes com tanto carinho?\u201d<\/p>\n\n\n\n<p>Pouco abaixo de Deus o fizestes,<\/p>\n\n\n\n<p>coroando-o de gl\u00f3ria e esplendor;<\/p>\n\n\n\n<p>v\u00f3s lhe destes poder sobre tudo,<\/p>\n\n\n\n<p>vossas obras aos p\u00e9s lhe pusestes.<\/p>\n\n\n\n<h3 class=\"wp-block-heading\">Leitura &#8211;<\/h3>\n\n\n\n<h3 class=\"wp-block-heading\">Evangelho &#8211;&nbsp;Lucas 12,8-12<\/h3>\n\n\n\n<p>Aleluia, aleluia, aleluia.<\/p>\n\n\n\n<p>O Esp\u00edrito Santo, a verdade, de mim ir\u00e1 testemunhar; e v\u00f3s minhas testemunhas sereis em todo lugar (Jo 15,26s).<\/p>\n\n\n\n<p>Proclama\u00e7\u00e3o do Evangelho de Jesus Cristo segundo Lucas.<\/p>\n\n\n\n<p>Naquele tempo, 12 8 disse Jesus: \u201cTodo o que me reconhecer diante dos homens, tamb\u00e9m o Filho do Homem o reconhecer\u00e1 diante dos anjos de Deus;<\/p>\n\n\n\n<p>9 mas quem me negar diante dos homens ser\u00e1 negado diante dos anjos de Deus.<\/p>\n\n\n\n<p>10 Todo aquele que tiver falado contra o Filho do Homem obter\u00e1 perd\u00e3o, mas aquele que tiver blasfemado contra o Esp\u00edrito Santo n\u00e3o alcan\u00e7ar\u00e1 perd\u00e3o.<\/p>\n\n\n\n<p>11 Quando, por\u00e9m, vos levarem \u00e0s sinagogas, perante os magistrados e as autoridades, n\u00e3o vos preocupeis com o que haveis de falar em vossa defesa,<\/p>\n\n\n\n<p>12 porque o Esp\u00edrito Santo vos inspirar\u00e1 naquela hora o que deveis dizer\u201d.<\/p>\n\n\n\n<p>Palavra da Salva\u00e7\u00e3o.<\/p>\n\n\n\n<h3 class=\"wp-block-heading\">Coment\u00e1rio ao Evangelho<\/h3>\n\n\n\n<p>A AJUDA DO ESP\u00cdRITO SANTO<\/p>\n\n\n\n<p>A vida do disc\u00edpulo explica-se como servi\u00e7o total e exclusivo a Jesus e ao Reino anunciado por ele. Sua fun\u00e7\u00e3o \u00e9 a de dar testemunho e levar adiante sua miss\u00e3o, n\u00e3o retrocedendo diante das dificuldades e dos desafios. A gl\u00f3ria do disc\u00edpulo consiste exatamente em poder ser considerado digno de dar a suprema prova de sua f\u00e9: entregar a pr\u00f3pria vida. \u00c9 assim que ele comprova seu amor a Jesus e a sinceridade de sua op\u00e7\u00e3o.<\/p>\n\n\n\n<p>Existem, por\u00e9m, disc\u00edpulos que, quando confrontados por causa de sua f\u00e9, sentem-se incapazes de mostrar-se valorosos. Chegam at\u00e9 mesmo a negar Jesus, declarando desconhec\u00ea-lo, como se n\u00e3o fossem do n\u00famero de seus seguidores. \u00c9 a nega\u00e7\u00e3o da condi\u00e7\u00e3o de disc\u00edpulo e uma forma de desprezo pelo Mestre. Por isso, quando chegar a hora de comparecer diante do Pai, Jesus n\u00e3o os reconhecer\u00e1 como disc\u00edpulos seus. O gesto de renegar Jesus \u00e9 express\u00e3o de falta de f\u00e9.<\/p>\n\n\n\n<p>O Mestre havia garantido que os disc\u00edpulos poderiam contar com a ajuda do Esp\u00edrito Santo, nos momentos de dificuldade. Este seria seu defensor, dando-lhes coragem para enfrentar toda sorte de acusa\u00e7\u00e3o. Quem fraqueja, \u00e9 porque n\u00e3o tem suficiente confian\u00e7a na ajuda prometida pelo Senhor. Pelo contr\u00e1rio, quem confia em Jesus e no Esp\u00edrito prometido, dar\u00e1 seu testemunho de disc\u00edpulo e servidor do Reino.<\/p>\n","protected":false},"excerpt":{"rendered":"<p>Ora\u00e7\u00e3o do dia \u00d3 Deus, que pelo vosso Esp\u00edrito fizestes surgir santa Teresa para recordar \u00e0 Igreja o caminho da perfei\u00e7\u00e3o, dai-nos encontrar sempre alimento em sua doutrina celeste e sentir em n\u00f3s&#8230;<\/p>\n","protected":false},"author":2,"featured_media":19020,"comment_status":"open","ping_status":"open","sticky":false,"template":"","format":"standard","meta":[],"categories":[7],"tags":[],"_links":{"self":[{"href":"https:\/\/www.salvatorianas.org.br\/blog\/wp-json\/wp\/v2\/posts\/19019"}],"collection":[{"href":"https:\/\/www.salvatorianas.org.br\/blog\/wp-json\/wp\/v2\/posts"}],"about":[{"href":"https:\/\/www.salvatorianas.org.br\/blog\/wp-json\/wp\/v2\/types\/post"}],"author":[{"embeddable":true,"href":"https:\/\/www.salvatorianas.org.br\/blog\/wp-json\/wp\/v2\/users\/2"}],"replies":[{"embeddable":true,"href":"https:\/\/www.salvatorianas.org.br\/blog\/wp-json\/wp\/v2\/comments?post=19019"}],"version-history":[{"count":1,"href":"https:\/\/www.salvatorianas.org.br\/blog\/wp-json\/wp\/v2\/posts\/19019\/revisions"}],"predecessor-version":[{"id":19021,"href":"https:\/\/www.salvatorianas.org.br\/blog\/wp-json\/wp\/v2\/posts\/19019\/revisions\/19021"}],"wp:featuredmedia":[{"embeddable":true,"href":"https:\/\/www.salvatorianas.org.br\/blog\/wp-json\/wp\/v2\/media\/19020"}],"wp:attachment":[{"href":"https:\/\/www.salvatorianas.org.br\/blog\/wp-json\/wp\/v2\/media?parent=19019"}],"wp:term":[{"taxonomy":"category","embeddable":true,"href":"https:\/\/www.salvatorianas.org.br\/blog\/wp-json\/wp\/v2\/categories?post=19019"},{"taxonomy":"post_tag","embeddable":true,"href":"https:\/\/www.salvatorianas.org.br\/blog\/wp-json\/wp\/v2\/tags?post=19019"}],"curies":[{"name":"wp","href":"https:\/\/api.w.org\/{rel}","templated":true}]}}