{"id":19016,"date":"2022-10-14T01:22:00","date_gmt":"2022-10-14T01:22:00","guid":{"rendered":"https:\/\/www.salvatorianas.org.br\/blog\/?p=19016"},"modified":"2022-10-13T14:23:35","modified_gmt":"2022-10-13T14:23:35","slug":"sexta-feira-28a-semana-do-tempo-comum","status":"publish","type":"post","link":"https:\/\/www.salvatorianas.org.br\/blog\/sexta-feira-28a-semana-do-tempo-comum\/","title":{"rendered":"Sexta-feira &#8211; 28\u00aa Semana do Tempo Comum"},"content":{"rendered":"\n<h3 class=\"wp-block-heading\">Ora\u00e7\u00e3o do dia<\/h3>\n\n\n\n<p>\u00d3 Deus, sempre nos preceda e acompanhe a vossa gra\u00e7a, para que estejamos sempre atentos ao bem que devemos fazer. Por Nosso Senhor Jesus Cristo, Vosso Filho, na unidade do Esp\u00edrito Santo.<\/p>\n\n\n\n<h3 class=\"wp-block-heading\">Leitura &#8211;&nbsp;Ef\u00e9sios 1,11-14<\/h3>\n\n\n\n<p>Leitura da carta de s\u00e3o Paulo aos Ef\u00e9sios.<\/p>\n\n\n\n<p>1 11 Nele \u00e9 que fomos escolhidos, predestinados segundo o des\u00edgnio daquele que tudo realiza por um ato deliberado de sua vontade,<\/p>\n\n\n\n<p>12 para servirmos \u00e0 celebra\u00e7\u00e3o de sua gl\u00f3ria, n\u00f3s que desde o come\u00e7o voltamos nossas esperan\u00e7as para Cristo.<\/p>\n\n\n\n<p>13 Nele tamb\u00e9m v\u00f3s, depois de terdes ouvido a palavra da verdade, o Evangelho de vossa salva\u00e7\u00e3o no qual tendes crido, fostes selados com o Esp\u00edrito Santo que fora prometido,<\/p>\n\n\n\n<p>14 que \u00e9 o penhor da nossa heran\u00e7a, enquanto esperamos a completa reden\u00e7\u00e3o daqueles que Deus adquiriu para o louvor da sua gl\u00f3ria.<\/p>\n\n\n\n<p>Palavra do Senhor.<\/p>\n\n\n\n<h3 class=\"wp-block-heading\">Salmo Responsorial &#8211;&nbsp;32\/33<\/h3>\n\n\n\n<p><strong>Feliz o povo que o Senhor escolheu por sua heran\u00e7a!<\/strong><\/p>\n\n\n\n<p>\u00d3 justos, alegrai-vos no Senhor!<\/p>\n\n\n\n<p>Aos retos fica bem glorific\u00e1-lo.<\/p>\n\n\n\n<p>Dai gra\u00e7as ao Senhor ao som da harpa,<\/p>\n\n\n\n<p>na lira de dez cordas celebrai-o!<\/p>\n\n\n\n<p>Pois reta \u00e9 a palavra do Senhor,<\/p>\n\n\n\n<p>e tudo o que ele faz merece f\u00e9.<\/p>\n\n\n\n<p>Deus ama o direito e a justi\u00e7a,<\/p>\n\n\n\n<p>transborda em toda a terra a sua gra\u00e7a.<\/p>\n\n\n\n<p>Feliz o povo cujo Deus \u00e9 o Senhor,<\/p>\n\n\n\n<p>e a na\u00e7\u00e3o que escolheu por sua heran\u00e7a!<\/p>\n\n\n\n<p>Dos altos c\u00e9us o Senhor olha e observa;<\/p>\n\n\n\n<p>ele se inclina para olhar todos os homens.<\/p>\n\n\n\n<h3 class=\"wp-block-heading\">Leitura &#8211;<\/h3>\n\n\n\n<h3 class=\"wp-block-heading\">Evangelho &#8211;&nbsp;Lucas 12,1-7<\/h3>\n\n\n\n<p>Aleluia, aleluia, aleluia.<\/p>\n\n\n\n<p>Sobre n\u00f3s venha, Senhor, a vossa gra\u00e7a, da mesma forma que em v\u00f3s n\u00f3s esperamos! (Sl 32,22)<\/p>\n\n\n\n<p>Proclama\u00e7\u00e3o do Evangelho de Jesus Cristo segundo Lucas.<\/p>\n\n\n\n<p>Naquele tempo, 12 1 os homens se tinham reunido aos milhares em torno de Jesus, de modo que se atropelavam uns aos outros. Jesus come\u00e7ou a dizer a seus disc\u00edpulos: \u201cGuardai-vos do fermento dos fariseus, que \u00e9 a hipocrisia.<\/p>\n\n\n\n<p>2 Porque n\u00e3o h\u00e1 nada oculto que n\u00e3o venha a descobrir-se, e nada h\u00e1 escondido que n\u00e3o venha a ser conhecido.<\/p>\n\n\n\n<p>3 Pois o que dissestes \u00e0s escuras ser\u00e1 dito \u00e0 luz; e o que falastes ao ouvido, nos quartos, ser\u00e1 publicado de cima dos telhados.<\/p>\n\n\n\n<p>4 Digo-vos a v\u00f3s, meus amigos: n\u00e3o tenhais medo daqueles que matam o corpo e depois disto nada mais podem fazer.<\/p>\n\n\n\n<p>5 Mostrar-vos-ei a quem deveis temer: temei \u00e0quele que, depois de matar, tem poder de lan\u00e7ar no inferno; sim, eu vo-lo digo: temei a este.<\/p>\n\n\n\n<p>6 N\u00e3o se vendem cinco pardais por dois asses? E, entretanto, nem um s\u00f3 deles passa despercebido diante de Deus.<\/p>\n\n\n\n<p>7 At\u00e9 os cabelos da vossa cabe\u00e7a est\u00e3o todos contados. N\u00e3o temais, pois. Mais valor tendes v\u00f3s do que numerosos pardais\u201d.<\/p>\n\n\n\n<p>Palavra da Salva\u00e7\u00e3o.<\/p>\n\n\n\n<h3 class=\"wp-block-heading\">Coment\u00e1rio ao Evangelho<\/h3>\n\n\n\n<p>N\u00c3O SE DEIXAR CORROMPER<\/p>\n\n\n\n<p>O mau exemplo tem um terr\u00edvel poder contaminador. \u00c9 preciso estar atento para n\u00e3o se deixar levar. Os disc\u00edpulos de Jesus foram alertados a n\u00e3o imitar o procedimento dos fariseus, cuja hipocrisia era bem conhecida.<\/p>\n\n\n\n<p>O Mestre insistiu na inutilidade de viver uma dupla vida, como acontecia com os fariseus, os quais escondiam sua corrup\u00e7\u00e3o interior atr\u00e1s de uma fachada de piedade. Atitude in\u00fatil e rid\u00edcula porque quem engana o seu semelhante, n\u00e3o consegue enganar a Deus. Por outro lado, haveria de chegar a hora em que as coisas escondidas seriam reveladas pelo Pai do C\u00e9u e, ent\u00e3o, apareceria a verdadeira identidade dos fariseus. A hipocrisia, pois, n\u00e3o valia a pena. O exemplo dos fariseus n\u00e3o devia ser seguido. Entretanto, n\u00e3o \u00e9 f\u00e1cil manter dist\u00e2ncia do mau exemplo.<\/p>\n\n\n\n<p>A persegui\u00e7\u00e3o vir\u00e1 na certa! \u00c9 preciso que os disc\u00edpulos superem o medo da morte, tornando-se livres diante dela. S\u00f3 Deus merece ser temido, pois em suas m\u00e3os est\u00e1 a destino eterno de todas as criaturas. Ele \u00e9 o Senhor da vida e da morte. O m\u00e1ximo que os inimigos poder\u00e3o fazer ser\u00e1 tirar a vida f\u00edsica dos disc\u00edpulos. Nada mais!<\/p>\n\n\n\n<p>O disc\u00edpulo permanece sempre atento. Portanto, quando recusa seguir algum mau exemplo \u00e9 porque deseja ser fiel ao Pai.<\/p>\n","protected":false},"excerpt":{"rendered":"<p>Ora\u00e7\u00e3o do dia \u00d3 Deus, sempre nos preceda e acompanhe a vossa gra\u00e7a, para que estejamos sempre atentos ao bem que devemos fazer. Por Nosso Senhor Jesus Cristo, Vosso Filho, na unidade do&#8230;<\/p>\n","protected":false},"author":2,"featured_media":19017,"comment_status":"open","ping_status":"open","sticky":false,"template":"","format":"standard","meta":[],"categories":[7],"tags":[],"_links":{"self":[{"href":"https:\/\/www.salvatorianas.org.br\/blog\/wp-json\/wp\/v2\/posts\/19016"}],"collection":[{"href":"https:\/\/www.salvatorianas.org.br\/blog\/wp-json\/wp\/v2\/posts"}],"about":[{"href":"https:\/\/www.salvatorianas.org.br\/blog\/wp-json\/wp\/v2\/types\/post"}],"author":[{"embeddable":true,"href":"https:\/\/www.salvatorianas.org.br\/blog\/wp-json\/wp\/v2\/users\/2"}],"replies":[{"embeddable":true,"href":"https:\/\/www.salvatorianas.org.br\/blog\/wp-json\/wp\/v2\/comments?post=19016"}],"version-history":[{"count":1,"href":"https:\/\/www.salvatorianas.org.br\/blog\/wp-json\/wp\/v2\/posts\/19016\/revisions"}],"predecessor-version":[{"id":19018,"href":"https:\/\/www.salvatorianas.org.br\/blog\/wp-json\/wp\/v2\/posts\/19016\/revisions\/19018"}],"wp:featuredmedia":[{"embeddable":true,"href":"https:\/\/www.salvatorianas.org.br\/blog\/wp-json\/wp\/v2\/media\/19017"}],"wp:attachment":[{"href":"https:\/\/www.salvatorianas.org.br\/blog\/wp-json\/wp\/v2\/media?parent=19016"}],"wp:term":[{"taxonomy":"category","embeddable":true,"href":"https:\/\/www.salvatorianas.org.br\/blog\/wp-json\/wp\/v2\/categories?post=19016"},{"taxonomy":"post_tag","embeddable":true,"href":"https:\/\/www.salvatorianas.org.br\/blog\/wp-json\/wp\/v2\/tags?post=19016"}],"curies":[{"name":"wp","href":"https:\/\/api.w.org\/{rel}","templated":true}]}}