{"id":19010,"date":"2022-10-12T12:33:46","date_gmt":"2022-10-12T12:33:46","guid":{"rendered":"https:\/\/www.salvatorianas.org.br\/blog\/?p=19010"},"modified":"2022-10-12T12:33:48","modified_gmt":"2022-10-12T12:33:48","slug":"a-mensagem-de-aparecida","status":"publish","type":"post","link":"https:\/\/www.salvatorianas.org.br\/blog\/a-mensagem-de-aparecida\/","title":{"rendered":"A mensagem de Aparecida"},"content":{"rendered":"\n<p><strong>N\u00e3o h\u00e1 vis\u00f5es<\/strong>\u00a0nem palavras da\u00a0<strong>Virgem de Aparecida<\/strong>. Mas, h\u00e1 uma\u00a0<strong>mensagem bem clara<\/strong>, que brota da pr\u00f3pria Imagem e do\u00a0<strong>contexto hist\u00f3rico em que ela apareceu<\/strong>\u00a0no rio Para\u00edba.\u00a0<\/p>\n\n\n\n<p><strong>1.MARIA APARECIDA BROTA DAS \u00c1GUAS:<\/strong>&nbsp;a \u00e1gua \u00e9 elemento de vida e de purifica\u00e7\u00e3o. Ela nos lembra a import\u00e2ncia do nosso batismo e da confiss\u00e3o, como purifica\u00e7\u00e3o e perd\u00e3o.<\/p>\n\n\n\n<p><strong>2.MARIA APARECIDA NOS CONVIDA A SER IGREJA:<\/strong>&nbsp;foi pescada e colocada dentro de uma barca. A barca \u00e9 o s\u00edmbolo evang\u00e9lico da Igreja de Jesus. Ela nos convida a viver dentro da Igreja, como participantes fi\u00e9is e ativos.<\/p>\n\n\n\n<p><strong>3.MARIA APARECIDA \u00c9 SOLID\u00c1RIA COM OS POBRES E AFLITOS:<\/strong>&nbsp;foi pescada por 3 pescadores pobres e trabalhadores. A pescaria milagrosa os liberta da amea\u00e7a dos poderosos. E as casas desses pescadores tornam-se o primeiro templo de nossa Senhora Aparecida.<\/p>\n\n\n\n<p><strong>4.MARIA APARECIDA \u00c9 SOLID\u00c1RIA COM OS NEGROS:<\/strong>&nbsp;a cor negra da imagem traduz a solidariedade de Maria com o povo negro, t\u00e3o injustamente escravizado. Sua cor denuncia o pecado do preconceito racial e anuncia a esperan\u00e7a de liberta\u00e7\u00e3o.<\/p>\n\n\n\n<p><strong>5.MARIA APARECIDA NOS TRAZ JESUS:<\/strong>&nbsp;a imagem pequenina \u00e9 uma escultura da Imaculada Concei\u00e7\u00e3o. Ela est\u00e1 gr\u00e1vida, porque a miss\u00e3o de Maria \u00e9 oferecernos Jesus, fruto bendito do seu ventre.<\/p>\n\n\n\n<p><strong>6.MARIA APARECIDA NOS RE\u00daNE:<\/strong>&nbsp;a cabe\u00e7a vem separada do corpo. Como Maria \u00e9 sinal e tipo da Igreja, tal separa\u00e7\u00e3o representa simbolicamente o Povo de Deus como corpo e o pr\u00f3prio Cristo, como Cabe\u00e7a de uma nova humanidade.<\/p>\n\n\n\n<p><strong>7.MARIA APARECIDA NOS CONVIDA \u00c0 ORA\u00c7\u00c3O:<\/strong>&nbsp;tem as m\u00e3os postas em ora\u00e7\u00e3o, revelando seu papel de intercessora junto a Deus por n\u00f3s e convidando-nos a nos unir a ela em ora\u00e7\u00e3o.<\/p>\n\n\n\n<p><strong>8.MARIA APARECIDA NOS ENSINA A SER HUMILDES:<\/strong>&nbsp;a imagem pequenina de 36 cm apenas quase que se esconde dentro da imensa Bas\u00edlica. \u00c9 preciso ser humilde para que o Senhor possa fazer grandes coisas em nossas vidas.<\/p>\n\n\n\n<p><strong>9.MARIA APARECIDA \u00c9 ESPERAN\u00c7A DE UNIDADE:<\/strong>&nbsp;partida em mais de 200 peda\u00e7os, seu corpo foi restaurado por m\u00e3os carinhosas e sua unidade foi refeita. Ela nos mostra que sempre \u00e9 poss\u00edvel reconstruir a unidade dentro e fora de n\u00f3s, por meio do carinho, da reconcilia\u00e7\u00e3o e da paci\u00eancia.<\/p>\n\n\n\n<p><strong>10.MARIA APARECIDA \u00c9 O SORRISO DE DEUS PARA N\u00d3S:<\/strong>&nbsp;os l\u00e1bios da imagem est\u00e3o entreabertos num doce sorriso. \u00c9 um sorriso de bondade maternal, que alimenta nossa confian\u00e7a na miseric\u00f3rdia de Deus para conosco.<\/p>\n\n\n\n<p>\u00a0<strong>Consagra\u00e7\u00e3o a Nossa Senhora\u00a0Aparecida<\/strong><\/p>\n\n\n\n<p><em>\u00d3 Maria Sant\u00edssima,&nbsp;<br>pelos m\u00e9ritos de Nosso Senhor Jesus Cristo,<br>em vossa querida imagem de Aparecida,<br>espalhais in\u00fameros benef\u00edcios sobre todo o Brasil.<\/em><\/p>\n\n\n\n<p><em>Eu, embora indigno de pertencer&nbsp;<br>ao n\u00famero de vossos filhos e filhas,<br>mas cheio do desejo de participar&nbsp;dos benef\u00edcios de vossa miseric\u00f3rdia,<br>prostrado a vossos p\u00e9s,&nbsp;consagro-vos o meu entendimento,<br>para que sempre pense no amor que mereceis.<\/em><\/p>\n\n\n\n<p><em>Consagro-vos a minha l\u00edngua,<br>para que sempre vos louve e propague a vossa devo\u00e7\u00e3o;<br>consagro-vos o meu cora\u00e7\u00e3o, para que, depois de Deus,<br>vos ame sobre todas as coisas.<\/em><\/p>\n\n\n\n<p><em>Recebei-me, \u00f3 Rainha incompar\u00e1vel,<br>v\u00f3s que o Cristo crucificado deu-nos por M\u00e3e,<br>no ditoso n\u00famero de vossos filhos e filhas;<br>acolhei-me debaixo de vossa prote\u00e7\u00e3o;<br>socorrei-me em todas&nbsp;as minhas necessidades,<br>espirituais e temporais,&nbsp;sobretudo na hora de minha morte.<\/em><\/p>\n\n\n\n<p><em>Aben\u00e7oai-me, \u00f3 celestial cooperadora,<br>e com vossa poderosa intercess\u00e3o,<br>fortalecei-me em minha fraqueza,<br>a fim de que,&nbsp;servindo-vos fielmente nesta vida,<br>possa louvar-vos, amar-vos&nbsp;e dar-vos gra\u00e7as no c\u00e9u,<br>por toda eternidade.<\/em><\/p>\n\n\n\n<p><em>Assim seja!<\/em><\/p>\n\n\n\n<p><\/p>\n\n\n\n<p>Fonte: A12<\/p>\n","protected":false},"excerpt":{"rendered":"<p>N\u00e3o h\u00e1 vis\u00f5es\u00a0nem palavras da\u00a0Virgem de Aparecida. Mas, h\u00e1 uma\u00a0mensagem bem clara, que brota da pr\u00f3pria Imagem e do\u00a0contexto hist\u00f3rico em que ela apareceu\u00a0no rio Para\u00edba.\u00a0 1.MARIA APARECIDA BROTA DAS \u00c1GUAS:&nbsp;a \u00e1gua \u00e9&#8230;<\/p>\n","protected":false},"author":2,"featured_media":19011,"comment_status":"open","ping_status":"open","sticky":false,"template":"","format":"standard","meta":[],"categories":[1],"tags":[],"_links":{"self":[{"href":"https:\/\/www.salvatorianas.org.br\/blog\/wp-json\/wp\/v2\/posts\/19010"}],"collection":[{"href":"https:\/\/www.salvatorianas.org.br\/blog\/wp-json\/wp\/v2\/posts"}],"about":[{"href":"https:\/\/www.salvatorianas.org.br\/blog\/wp-json\/wp\/v2\/types\/post"}],"author":[{"embeddable":true,"href":"https:\/\/www.salvatorianas.org.br\/blog\/wp-json\/wp\/v2\/users\/2"}],"replies":[{"embeddable":true,"href":"https:\/\/www.salvatorianas.org.br\/blog\/wp-json\/wp\/v2\/comments?post=19010"}],"version-history":[{"count":1,"href":"https:\/\/www.salvatorianas.org.br\/blog\/wp-json\/wp\/v2\/posts\/19010\/revisions"}],"predecessor-version":[{"id":19012,"href":"https:\/\/www.salvatorianas.org.br\/blog\/wp-json\/wp\/v2\/posts\/19010\/revisions\/19012"}],"wp:featuredmedia":[{"embeddable":true,"href":"https:\/\/www.salvatorianas.org.br\/blog\/wp-json\/wp\/v2\/media\/19011"}],"wp:attachment":[{"href":"https:\/\/www.salvatorianas.org.br\/blog\/wp-json\/wp\/v2\/media?parent=19010"}],"wp:term":[{"taxonomy":"category","embeddable":true,"href":"https:\/\/www.salvatorianas.org.br\/blog\/wp-json\/wp\/v2\/categories?post=19010"},{"taxonomy":"post_tag","embeddable":true,"href":"https:\/\/www.salvatorianas.org.br\/blog\/wp-json\/wp\/v2\/tags?post=19010"}],"curies":[{"name":"wp","href":"https:\/\/api.w.org\/{rel}","templated":true}]}}