{"id":18984,"date":"2022-10-08T12:46:00","date_gmt":"2022-10-08T12:46:00","guid":{"rendered":"https:\/\/www.salvatorianas.org.br\/blog\/?p=18984"},"modified":"2022-10-10T12:51:52","modified_gmt":"2022-10-10T12:51:52","slug":"sabado-27a-semana-do-tempo-comum","status":"publish","type":"post","link":"https:\/\/www.salvatorianas.org.br\/blog\/sabado-27a-semana-do-tempo-comum\/","title":{"rendered":"S\u00e1bado &#8211; 27\u00aa Semana do Tempo Comum"},"content":{"rendered":"\n<h3 class=\"wp-block-heading\">Ora\u00e7\u00e3o do dia<\/h3>\n\n\n\n<p>\u00d3 Deus eterno e todo-poderoso, que nos concedeis, no vosso imenso amor de Pai, mais do que merecemos e pedimos, derramai sobre n\u00f3s a nossa miseric\u00f3rdia, perdoando o que nos pesa na consci\u00eancia e dando-nos mais do que ousamos pedir. Por Nosso Senhor Jesus Cristo, Vosso Filho, na unidade do Esp\u00edrito Santo.<\/p>\n\n\n\n<h3 class=\"wp-block-heading\">Leitura &#8211;&nbsp;G\u00e1latas 3,22-29<\/h3>\n\n\n\n<p>Leitura da carta de s\u00e3o Paulo aos G\u00e1latas.<\/p>\n\n\n\n<p>Irm\u00e3os, 3 22 a Escritura encerrou tudo sob o imp\u00e9rio do pecado, para que a promessa mediante a f\u00e9 em Jesus Cristo fosse dada aos que creem.<\/p>\n\n\n\n<p>23 Antes que viesse a f\u00e9, est\u00e1vamos encerrados sob a vigil\u00e2ncia de uma lei, esperando a revela\u00e7\u00e3o da f\u00e9.<\/p>\n\n\n\n<p>24 Assim a lei se nos tornou pedagogo encarregado de levar-nos a Cristo, para sermos justificados pela f\u00e9.<\/p>\n\n\n\n<p>25 Mas, depois que veio a f\u00e9, j\u00e1 n\u00e3o dependemos de pedagogo,<\/p>\n\n\n\n<p>26 porque todos sois filhos de Deus pela f\u00e9 em Jesus Cristo.<\/p>\n\n\n\n<p>27 Todos v\u00f3s que fostes batizados em Cristo, vos revestistes de Cristo.<\/p>\n\n\n\n<p>28 J\u00e1 n\u00e3o h\u00e1 judeu nem grego, nem escravo nem livre, nem homem nem mulher, pois todos v\u00f3s sois um em Cristo Jesus.<\/p>\n\n\n\n<p>29 Ora, se sois de Cristo, ent\u00e3o sois verdadeiramente a descend\u00eancia de Abra\u00e3o, herdeiros segundo a promessa.<\/p>\n\n\n\n<p>Palavra do Senhor.<\/p>\n\n\n\n<h3 class=\"wp-block-heading\">Salmo Responsorial &#8211;&nbsp;104\/105<\/h3>\n\n\n\n<p><strong>O Senhor se lembra sempre da alian\u00e7a!<\/strong><\/p>\n\n\n\n<p>Cantai, entoai salmos para ele,<\/p>\n\n\n\n<p>publicai todas as suas maravilhas!<\/p>\n\n\n\n<p>Gloriai-vos em seu nome, que \u00e9 santo,<\/p>\n\n\n\n<p>exulte o cora\u00e7\u00e3o que busca a Deus!<\/p>\n\n\n\n<p>Procurai o Senhor Deus e seu poder,<\/p>\n\n\n\n<p>buscai constantemente a sua face!<\/p>\n\n\n\n<p>Lembrai as maravilhas que ele fez,<\/p>\n\n\n\n<p>seus prod\u00edgios e as palavras de seus l\u00e1bios!<\/p>\n\n\n\n<p>Descendentes de Abra\u00e3o, seu servidor,<\/p>\n\n\n\n<p>e filhos de Jac\u00f3, seu escolhido,<\/p>\n\n\n\n<p>ele mesmo, o Senhor, \u00e9 nosso Deus,<\/p>\n\n\n\n<p>vigoram suas leis em toda a terra.<\/p>\n\n\n\n<h3 class=\"wp-block-heading\">Leitura &#8211;<\/h3>\n\n\n\n<h3 class=\"wp-block-heading\">Evangelho &#8211;&nbsp;Lucas 11,27-28<\/h3>\n\n\n\n<p>Aleluia, aleluia, aleluia.<\/p>\n\n\n\n<p>Feliz quem ouve e observa a palavra de Deus! (Lc 11,28)<\/p>\n\n\n\n<p>Proclama\u00e7\u00e3o do Evangelho de Jesus Cristo segundo Lucas.<\/p>\n\n\n\n<p>Naquele tempo, 11 27 enquanto ele assim falava, uma mulher levantou a voz do meio do povo e lhe disse: &#8220;Bem-aventurado o ventre que te trouxe, e os peitos que te amamentaram!&#8221;<\/p>\n\n\n\n<p>28 Mas Jesus replicou: &#8220;Antes bem-aventurados aqueles que ouvem a palavra de Deus e a observam!&#8221;<\/p>\n\n\n\n<p>Palavra da Salva\u00e7\u00e3o.<\/p>\n\n\n\n<h3 class=\"wp-block-heading\">Coment\u00e1rio ao Evangelho<\/h3>\n\n\n\n<p>FELIZ QUEM PRATICA A PALAVRA<\/p>\n\n\n\n<p>Uma mulher, exaltando publicamente a m\u00e3e de Jesus, fez-se porta-voz do sentimento da multid\u00e3o. Deveria ser magn\u00edfica a criatura que deu \u00e0 luz um ser t\u00e3o extraordin\u00e1rio como era Jesus. Seus prod\u00edgios estavam a\u00ed para demonstrar quem ele era!<\/p>\n\n\n\n<p>Entretanto, Jesus a corrigiu: mais digno de louvor \u00e9 quem se torna disc\u00edpulo do Reino, ou seja, ouve a palavra de Deus e pauta sua vida por ela.<\/p>\n\n\n\n<p>Evidentemente, a m\u00e3e de Jesus n\u00e3o estava exclu\u00edda desta categoria. Ela foi a humilde serva que se colocou toda \u00e0 disposi\u00e7\u00e3o do Pai. Ser m\u00e3e do Filho de Deus resultava de sua condi\u00e7\u00e3o de mulher obediente \u00e0 vontade divina. A m\u00e3e era bem-aventurada por se ter feito disc\u00edpula.<\/p>\n\n\n\n<p>Proclamando a bem-aventuran\u00e7a do discipulado, Jesus convidava a multid\u00e3o a se fazer disc\u00edpula. Seria muito pouco deter-se na exalta\u00e7\u00e3o da m\u00e3e, sem se tornar disc\u00edpulo do Filho. Isto n\u00e3o passaria de uma constata\u00e7\u00e3o superficial, se n\u00e3o resultasse numa op\u00e7\u00e3o radical pelo Reino anunciado por Jesus. O que se d\u00e1, quando a Palavra de Deus \u00e9 ouvida e praticada. Essa \u00e9 a maior experi\u00eancia de felicidade que um ser humano pode fazer. Felicidade por ter alicer\u00e7ado sua vida em fundamentos s\u00f3lidos! Felicidade por ter encontrado o verdadeiro sentido da vida humana!<\/p>\n","protected":false},"excerpt":{"rendered":"<p>Ora\u00e7\u00e3o do dia \u00d3 Deus eterno e todo-poderoso, que nos concedeis, no vosso imenso amor de Pai, mais do que merecemos e pedimos, derramai sobre n\u00f3s a nossa miseric\u00f3rdia, perdoando o que nos&#8230;<\/p>\n","protected":false},"author":2,"featured_media":18985,"comment_status":"open","ping_status":"open","sticky":false,"template":"","format":"standard","meta":[],"categories":[7],"tags":[],"_links":{"self":[{"href":"https:\/\/www.salvatorianas.org.br\/blog\/wp-json\/wp\/v2\/posts\/18984"}],"collection":[{"href":"https:\/\/www.salvatorianas.org.br\/blog\/wp-json\/wp\/v2\/posts"}],"about":[{"href":"https:\/\/www.salvatorianas.org.br\/blog\/wp-json\/wp\/v2\/types\/post"}],"author":[{"embeddable":true,"href":"https:\/\/www.salvatorianas.org.br\/blog\/wp-json\/wp\/v2\/users\/2"}],"replies":[{"embeddable":true,"href":"https:\/\/www.salvatorianas.org.br\/blog\/wp-json\/wp\/v2\/comments?post=18984"}],"version-history":[{"count":1,"href":"https:\/\/www.salvatorianas.org.br\/blog\/wp-json\/wp\/v2\/posts\/18984\/revisions"}],"predecessor-version":[{"id":18986,"href":"https:\/\/www.salvatorianas.org.br\/blog\/wp-json\/wp\/v2\/posts\/18984\/revisions\/18986"}],"wp:featuredmedia":[{"embeddable":true,"href":"https:\/\/www.salvatorianas.org.br\/blog\/wp-json\/wp\/v2\/media\/18985"}],"wp:attachment":[{"href":"https:\/\/www.salvatorianas.org.br\/blog\/wp-json\/wp\/v2\/media?parent=18984"}],"wp:term":[{"taxonomy":"category","embeddable":true,"href":"https:\/\/www.salvatorianas.org.br\/blog\/wp-json\/wp\/v2\/categories?post=18984"},{"taxonomy":"post_tag","embeddable":true,"href":"https:\/\/www.salvatorianas.org.br\/blog\/wp-json\/wp\/v2\/tags?post=18984"}],"curies":[{"name":"wp","href":"https:\/\/api.w.org\/{rel}","templated":true}]}}