{"id":1898,"date":"2015-08-18T00:00:00","date_gmt":"2015-08-18T00:00:00","guid":{"rendered":"https:\/\/www.salvatorianas.org.br\/blog\/vida-religiosa-em-peregrinacao-no-santuario-santa-paulina\/"},"modified":"2015-08-18T00:00:00","modified_gmt":"2015-08-18T00:00:00","slug":"vida-religiosa-em-peregrinacao-no-santuario-santa-paulina","status":"publish","type":"post","link":"https:\/\/www.salvatorianas.org.br\/blog\/vida-religiosa-em-peregrinacao-no-santuario-santa-paulina\/","title":{"rendered":"Vida Religiosa em peregrina\u00e7\u00e3o no Santu\u00e1rio Santa Paulina"},"content":{"rendered":"<p style=\"text-align: justify;\">[imagem1] No &uacute;ltimo domingo, dia 16 de agosto de 2015,&nbsp;a Vida Religiosa Consagrada do Regional Santa Catarina celebrou o dom da voca&ccedil;&atilde;o religiosa no Santu&aacute;rio de Santa Paulina.<\/p>\n<p style=\"text-align: justify;\">Foram mais de 500 religiosos dos diversos n&uacute;cleos do regional, que em caravanas, peregrinaram para Nova Trento\/SC.<\/p>\n<p style=\"text-align: justify;\">Tivemos a celebra&ccedil;&atilde;o eucar&iacute;stica presidida por Dom Irineu Andreassa; na sequ&ecirc;ncia ouvimos a palavra do Coordenador, Ir. Pl&aacute;cio Jos&eacute; Bohn FSC; e participamos do lan&ccedil;amento do livro &ldquo;A Vida Religiosa Consagrada em Processo de Transforma&ccedil;&atilde;o&rdquo; pelo Pe. Thomaz Hughes, SDV. O livro foi constru&iacute;do pela Equipe Interdisciplinar da CRB Nacional e outros autores convidados. <a href=\"http:\/\/www.crbnacional.org.br\/site\/index.php\/noticias\/destaque\/2113-crb-lanca-livro-vida-religiosa-consagrada-em-processo-de-transformacao\">Confira!<\/a><\/p>\n<p style=\"text-align: justify;\">Pe. Thomaz foi muito prof&eacute;tico em sua fala e animou a todos &agrave; leitura do livro, o qual &eacute; constitu&iacute;do por artigos com temas e autores diversos, o que facilita uma leitura n&atilde;o linear. &ldquo;Somos convidados a descobrir novas pistas para que o futuro seja cada vez mais fecundo&rdquo;, afirmou.<\/p>\n<p style=\"text-align: justify;\">[imagem10]<\/p>\n<p style=\"text-align: justify;\">A programa&ccedil;&atilde;o contou tamb&eacute;m com um painel de <em>testemunhos de alegrias da Vida Consagrada<\/em>. Foi um momento rico de mem&oacute;ria e partilha do rosto da vida consagrada no regional em suas diversas experi&ecirc;ncias de vida em miss&atilde;o:<\/p>\n<ul>\n<li style=\"text-align: justify;\">Em nome das Diretorias: Ir. Teresinha Antonia Sotopietra, CF<\/li>\n<\/ul>\n<p>[imagem2]<\/p>\n<ul style=\"text-align: justify;\">\n<li>Pastoral da Educa&ccedil;&atilde;o &ndash; Ir. Adelaide Marcelino Pereira, IDP<\/li>\n<\/ul>\n<p>[imagem3]<\/p>\n<ul style=\"text-align: justify;\">\n<li>Pastoral da Sa&uacute;de: Ir. Neusa Lucio Luz, FMMA<\/li>\n<\/ul>\n<p>[imagem4]<\/p>\n<ol style=\"text-align: justify;\">\n<li>Vida Religiosa Jovem: Ir. Vanderlei Kuhn, FMS<\/li>\n<\/ol>\n<p>[imagem5]<\/p>\n<ul style=\"text-align: justify;\">\n<li>Rede Um Grito pela Vida: Ir. Raquel Travessini, SDS<\/li>\n<\/ul>\n<p>[imagem6]<\/p>\n<ul style=\"text-align: justify;\">\n<li>Vida Religiosa Inserida e Solid&aacute;ria &ndash; Ir. Adirce Ana de Sousa, FE<\/li>\n<\/ul>\n<p>[imagem7]<\/p>\n<p style=\"text-align: justify;\">Sabemos que foi uma pequena amostra, pois com certeza mais vida est&aacute; sendo fecundada em outros espa&ccedil;os apost&oacute;licos. Por tudo isso somos profundamente agradecidas a Deus.<\/p>\n<p style=\"text-align: justify;\">A presen&ccedil;a das Irm&atilde;s Salvatorianas no evento foi significativa e motivo de muita alegria. Est&aacute;vamos em 28 irm&atilde;s presentes, vindas nas diversas caravanas dos n&uacute;cleos do Estado.<\/p>\n<p style=\"text-align: justify;\">[imagem11] &nbsp;[imagem12] &nbsp;[imagem13] &nbsp;[imagem14] &nbsp;[imagem15]<\/p>\n<p style=\"text-align: justify;\">O santu&aacute;rio e seu entorno exalam o testemunho de Santa Paulina que soube viver sua consagra&ccedil;&atilde;o a Deus com significado e compromisso com o Reino de Deus. Santa Paulina, rogai pela Vida Religiosa Consagrada!<\/p>\n<p style=\"text-align: justify;\">&nbsp;Confira mais imagens na galeria abaixo!<\/p>\n<p style=\"text-align: justify;\">&nbsp;<\/p>\n","protected":false},"excerpt":{"rendered":"<p>[imagem1] No &uacute;ltimo domingo, dia 16 de agosto de 2015,&nbsp;a Vida Religiosa Consagrada do Regional Santa Catarina celebrou o dom da voca&ccedil;&atilde;o religiosa no Santu&aacute;rio de Santa Paulina. Foram mais de 500 religiosos&#8230;<\/p>\n","protected":false},"author":1,"featured_media":2213,"comment_status":"open","ping_status":"open","sticky":false,"template":"","format":"standard","meta":[],"categories":[1],"tags":[],"_links":{"self":[{"href":"https:\/\/www.salvatorianas.org.br\/blog\/wp-json\/wp\/v2\/posts\/1898"}],"collection":[{"href":"https:\/\/www.salvatorianas.org.br\/blog\/wp-json\/wp\/v2\/posts"}],"about":[{"href":"https:\/\/www.salvatorianas.org.br\/blog\/wp-json\/wp\/v2\/types\/post"}],"author":[{"embeddable":true,"href":"https:\/\/www.salvatorianas.org.br\/blog\/wp-json\/wp\/v2\/users\/1"}],"replies":[{"embeddable":true,"href":"https:\/\/www.salvatorianas.org.br\/blog\/wp-json\/wp\/v2\/comments?post=1898"}],"version-history":[{"count":0,"href":"https:\/\/www.salvatorianas.org.br\/blog\/wp-json\/wp\/v2\/posts\/1898\/revisions"}],"wp:featuredmedia":[{"embeddable":true,"href":"https:\/\/www.salvatorianas.org.br\/blog\/wp-json\/wp\/v2\/media\/2213"}],"wp:attachment":[{"href":"https:\/\/www.salvatorianas.org.br\/blog\/wp-json\/wp\/v2\/media?parent=1898"}],"wp:term":[{"taxonomy":"category","embeddable":true,"href":"https:\/\/www.salvatorianas.org.br\/blog\/wp-json\/wp\/v2\/categories?post=1898"},{"taxonomy":"post_tag","embeddable":true,"href":"https:\/\/www.salvatorianas.org.br\/blog\/wp-json\/wp\/v2\/tags?post=1898"}],"curies":[{"name":"wp","href":"https:\/\/api.w.org\/{rel}","templated":true}]}}