{"id":18975,"date":"2022-10-01T12:32:00","date_gmt":"2022-10-01T12:32:00","guid":{"rendered":"https:\/\/www.salvatorianas.org.br\/blog\/?p=18975"},"modified":"2022-10-07T12:34:00","modified_gmt":"2022-10-07T12:34:00","slug":"santa-teresinha-do-menino-jesus-virgem-e-doutora-da-igreja","status":"publish","type":"post","link":"https:\/\/www.salvatorianas.org.br\/blog\/santa-teresinha-do-menino-jesus-virgem-e-doutora-da-igreja\/","title":{"rendered":"Santa Teresinha do Menino Jesus, virgem e doutora da Igreja"},"content":{"rendered":"\n<p><strong>Ora\u00e7\u00e3o do dia<\/strong><\/p>\n\n\n\n<p>\u00d3 Deus, que preparais o vosso reino para os pequenos e humildes, dai-nos seguir confiantes o caminho de Santa Teresinha, para que, por sua intercess\u00e3o, nos seja revelada a vossa gl\u00f3ria. Por nosso Senhor Jesus Cristo, vosso Filho, na unidade do Esp\u00edrito Santo.<\/p>\n\n\n\n<p><strong>Primeira Leitura (J\u00f3 42,1-3.5-6.12-16)<\/strong><\/p>\n\n\n\n<p>Leitura do Livro de J\u00f3.<\/p>\n\n\n\n<p><strong>1<\/strong>J\u00f3 respondeu ao Senhor, dizendo:&nbsp;<strong>2<\/strong>\u201cReconhe\u00e7o que podes tudo e que para ti nenhum pensamento \u00e9 oculto. \u2014&nbsp;<strong>3<\/strong>Quem \u00e9 esse que ofusca a Provid\u00eancia, sem nada entender? \u2014 Falei, pois, de coisas que n\u00e3o entendia, de maravilhas que ultrapassam a minha compreens\u00e3o.&nbsp;<strong>5<\/strong>Conhecia o Senhor apenas por ouvir falar, mas, agora, eu o vejo com meus olhos.&nbsp;<strong>6<\/strong>Por isso me retrato e fa\u00e7o penit\u00eancia no p\u00f3 e na cinza\u201d.<\/p>\n\n\n\n<p><strong>12<\/strong>O Senhor aben\u00e7oou a J\u00f3 no fim de sua vida mais do que no princ\u00edpio; ele possu\u00eda agora catorze mil ovelhas, seis mil camelos, mil juntas de bois e mil jumentas.<\/p>\n\n\n\n<p><strong>13<\/strong>Teve outros sete filhos e tr\u00eas filhas:&nbsp;<strong>14<\/strong>a primeira chamava-se \u201cRola\u201d, a segunda \u201cC\u00e1ssia\u201d, e a terceira \u201cAzeviche\u201d.&nbsp;<strong>15<\/strong>N\u00e3o havia em toda a terra mulheres mais belas que as filhas de J\u00f3. Seu pai lhes destinou uma parte da heran\u00e7a, entre os seus irm\u00e3os.&nbsp;<strong>16<\/strong>Depois desses acontecimentos, J\u00f3 viveu cento e quarenta anos, e viu seus filhos e os filhos de seus filhos at\u00e9 a quarta gera\u00e7\u00e3o. E J\u00f3 morreu velho e repleto de anos.<\/p>\n\n\n\n<p>&#8211; Palavra do Senhor.<\/p>\n\n\n\n<p>&#8211; Gra\u00e7as a Deus.<\/p>\n\n\n\n<p><strong>Respons\u00f3rio (Sl 118)<\/strong><\/p>\n\n\n\n<p>\u2014 Fazei brilhar vosso semblante ao vosso servo e ensinai-me vossas leis e mandamentos.<\/p>\n\n\n\n<p><strong>\u2014 Fazei brilhar vosso semblante ao vosso servo e ensinai-me vossas leis e mandamentos.<\/strong><\/p>\n\n\n\n<p>\u2014 Dai-me bom senso, retid\u00e3o, sabedoria, pois tenho f\u00e9 nos vossos santos mandamentos!<\/p>\n\n\n\n<p>\u2014 Para mim foi muito bom ser humilhado, porque assim eu aprendi vossa vontade!<\/p>\n\n\n\n<p>\u2014 Sei que os vossos julgamentos s\u00e3o corretos, e com justi\u00e7a me provastes, \u00f3 Senhor!<\/p>\n\n\n\n<p>\u2014 Porque mandastes, tudo existe at\u00e9 agora; todas as coisas, \u00f3 Senhor, vos obedecem!<\/p>\n\n\n\n<p>\u2014 Sou vosso servo: concedei-me intelig\u00eancia, para que eu possa compreender vossa Alian\u00e7a!<\/p>\n\n\n\n<p>\u2014 Vossa palavra, ao revelar-se, me ilumina, ela d\u00e1 sabedoria aos pequeninos.<\/p>\n\n\n\n<p><strong>Evangelho (Lc 10,17-24)<\/strong><\/p>\n\n\n\n<p>\u2014 O Senhor esteja convosco.<\/p>\n\n\n\n<p><strong>\u2014 Ele est\u00e1 no meio de n\u00f3s.<\/strong><\/p>\n\n\n\n<p>\u2014 Proclama\u00e7\u00e3o do Evangelho de Jesus Cristo&nbsp;<strong>+<\/strong>&nbsp;segundo Lucas.<\/p>\n\n\n\n<p><strong>\u2014 Gl\u00f3ria a v\u00f3s, Senhor.<\/strong><\/p>\n\n\n\n<p>Naquele tempo,&nbsp;<strong>17<\/strong>os setenta e dois voltaram muito contentes, dizendo: \u201cSenhor, at\u00e9 os dem\u00f4nios nos obedeceram por causa do teu nome\u201d.<\/p>\n\n\n\n<p><strong>18<\/strong>Jesus respondeu: \u201cEu vi Satan\u00e1s cair do c\u00e9u, como um rel\u00e2mpago.&nbsp;<strong>19<\/strong>Eu vos dei o poder de pisar em cima de cobras e escorpi\u00f5es e sobre toda a for\u00e7a do inimigo. E nada vos poder\u00e1 fazer mal.&nbsp;<strong>20<\/strong>Contudo, n\u00e3o vos alegreis porque os esp\u00edritos vos obedecem. Antes, ficai alegres porque vossos nomes est\u00e3o escritos no c\u00e9u\u201d.<\/p>\n\n\n\n<p><strong>21<\/strong>Naquele momento, Jesus exultou no Esp\u00edrito Santo e disse: \u201cEu te louvo, Pai, Senhor do c\u00e9u e da terra, porque escondeste essas coisas aos s\u00e1bios e inteligentes, e as revelaste aos pequeninos. Sim, Pai, porque assim foi do teu agrado.<\/p>\n\n\n\n<p><strong>22<\/strong>Tudo me foi entregue pelo meu Pai. Ningu\u00e9m conhece quem \u00e9 o Filho, a n\u00e3o ser o Pai; e ningu\u00e9m conhece quem \u00e9 o Pai, a n\u00e3o ser o Filho e aquele a quem o Filho o quiser revelar\u201d.<\/p>\n\n\n\n<p><strong>23<\/strong>Jesus voltou-se para os disc\u00edpulos e disse-lhes em particular: \u201cFelizes os olhos que veem o que v\u00f3s vedes!&nbsp;<strong>24<\/strong>Pois eu vos digo que muitos profetas e reis quiseram ver o que estais vendo, e n\u00e3o puderam ver; quiseram ouvir o que estais ouvindo, e n\u00e3o puderam ouvir\u201d.<\/p>\n\n\n\n<p>\u2014 Palavra da Salva\u00e7\u00e3o.<\/p>\n\n\n\n<p>\u2014 Gl\u00f3ria a v\u00f3s, Senhor.<\/p>\n","protected":false},"excerpt":{"rendered":"<p>Ora\u00e7\u00e3o do dia \u00d3 Deus, que preparais o vosso reino para os pequenos e humildes, dai-nos seguir confiantes o caminho de Santa Teresinha, para que, por sua intercess\u00e3o, nos seja revelada a vossa&#8230;<\/p>\n","protected":false},"author":2,"featured_media":18976,"comment_status":"open","ping_status":"open","sticky":false,"template":"","format":"standard","meta":[],"categories":[7],"tags":[],"_links":{"self":[{"href":"https:\/\/www.salvatorianas.org.br\/blog\/wp-json\/wp\/v2\/posts\/18975"}],"collection":[{"href":"https:\/\/www.salvatorianas.org.br\/blog\/wp-json\/wp\/v2\/posts"}],"about":[{"href":"https:\/\/www.salvatorianas.org.br\/blog\/wp-json\/wp\/v2\/types\/post"}],"author":[{"embeddable":true,"href":"https:\/\/www.salvatorianas.org.br\/blog\/wp-json\/wp\/v2\/users\/2"}],"replies":[{"embeddable":true,"href":"https:\/\/www.salvatorianas.org.br\/blog\/wp-json\/wp\/v2\/comments?post=18975"}],"version-history":[{"count":1,"href":"https:\/\/www.salvatorianas.org.br\/blog\/wp-json\/wp\/v2\/posts\/18975\/revisions"}],"predecessor-version":[{"id":18977,"href":"https:\/\/www.salvatorianas.org.br\/blog\/wp-json\/wp\/v2\/posts\/18975\/revisions\/18977"}],"wp:featuredmedia":[{"embeddable":true,"href":"https:\/\/www.salvatorianas.org.br\/blog\/wp-json\/wp\/v2\/media\/18976"}],"wp:attachment":[{"href":"https:\/\/www.salvatorianas.org.br\/blog\/wp-json\/wp\/v2\/media?parent=18975"}],"wp:term":[{"taxonomy":"category","embeddable":true,"href":"https:\/\/www.salvatorianas.org.br\/blog\/wp-json\/wp\/v2\/categories?post=18975"},{"taxonomy":"post_tag","embeddable":true,"href":"https:\/\/www.salvatorianas.org.br\/blog\/wp-json\/wp\/v2\/tags?post=18975"}],"curies":[{"name":"wp","href":"https:\/\/api.w.org\/{rel}","templated":true}]}}