{"id":18970,"date":"2022-10-02T12:21:00","date_gmt":"2022-10-02T12:21:00","guid":{"rendered":"https:\/\/www.salvatorianas.org.br\/blog\/?p=18970"},"modified":"2022-10-07T12:24:34","modified_gmt":"2022-10-07T12:24:34","slug":"27o-domingo-do-tempo-comum","status":"publish","type":"post","link":"https:\/\/www.salvatorianas.org.br\/blog\/27o-domingo-do-tempo-comum\/","title":{"rendered":"27\u00ba Domingo do Tempo Comum"},"content":{"rendered":"\n<p><strong>Ora\u00e7\u00e3o do dia<\/strong><\/p>\n\n\n\n<p>\u00d3 Deus eterno e todo-poderoso, que nos concedeis, no vosso imenso amor de Pai, mais do que merecemos e pedimos, derramai sobre n\u00f3s a vossa miseric\u00f3rdia, perdoando o que nos pesa na consci\u00eancia e dando-nos mais do que ousamos pedir. Por nosso Senhor Jesus Cristo, vosso Filho, na unidade do Esp\u00edrito Santo.<\/p>\n\n\n\n<p><strong>Primeira Leitura (Hab 1,2-3;2,2-4)<\/strong><\/p>\n\n\n\n<p>Leitura da Profecia de Habacuc:<\/p>\n\n\n\n<p><strong>2<\/strong>Senhor, at\u00e9 quando chamarei, sem me atenderes? At\u00e9 quando devo gritar a ti: \u201cViol\u00eancia!\u201d, sem me socorreres?<strong>3<\/strong>Por que me fazes ver iniquidades, quando tu mesmo v\u00eas a maldade? Destrui\u00e7\u00f5es e prepot\u00eancia est\u00e3o \u00e0 minha frente; reina a discuss\u00e3o, surge a disc\u00f3rdia.<\/p>\n\n\n\n<p><strong>2,2<\/strong>Respondeu-me o Senhor, dizendo: \u201cEscreve esta vis\u00e3o, estende seus dizeres sobre t\u00e1buas, para que possa ser lida com facilidade.&nbsp;<strong>3<\/strong>A vis\u00e3o refere-se a um prazo definido, mas tende para um desfecho, e n\u00e3o falhar\u00e1; se demorar, espera, pois ela vir\u00e1 com certeza, e n\u00e3o tardar\u00e1.&nbsp;<strong>4<\/strong>Quem n\u00e3o \u00e9 correto, vai morrer, mas o justo viver\u00e1 por sua f\u00e9\u201d.<\/p>\n\n\n\n<p>&#8211; Palavra do Senhor.<\/p>\n\n\n\n<p>&#8211; Gra\u00e7as a Deus.<\/p>\n\n\n\n<p><strong>Respons\u00f3rio (Sl 94)<\/strong><\/p>\n\n\n\n<p>\u2014 N\u00e3o fecheis o cora\u00e7\u00e3o; ouvi vosso Deus!<\/p>\n\n\n\n<p><strong>\u2014 N\u00e3o fecheis o cora\u00e7\u00e3o; ouvi vosso Deus!<\/strong><\/p>\n\n\n\n<p>\u2014 Vinde, exultemos de alegria no Senhor,\/ aclamemos o Rochedo que nos salva!\/ Ao seu encontro caminhemos com louvores,\/ e com cantos de alegria o celebremos!<\/p>\n\n\n\n<p>\u2014 Vinde, adoremos e prostremo-nos por terra,\/ e ajoelhemos ante o Deus que nos criou!\/ Porque ele \u00e9 o nosso Deus, nosso Pastor,\/ e n\u00f3s somos o seu povo e seu rebanho,\/ as ovelhas que conduz com sua m\u00e3o.<\/p>\n\n\n\n<p>\u2014 Oxal\u00e1 ouv\u00edsseis hoje a sua voz:\/ \u201cN\u00e3o fecheis os cora\u00e7\u00f5es como em Meriba,\/ como em Massa, no deserto, aquele dia,\/ em que outrora vossos pais me provocaram,\/ apesar de terem visto as minhas obras\u201d.<\/p>\n\n\n\n<p><strong>Segunda Leitura (2Tm 1,6-8.13-14)<\/strong><\/p>\n\n\n\n<p>Leitura da Segunda Carta de S\u00e3o Paulo a Tim\u00f3teo:<\/p>\n\n\n\n<p>Car\u00edssimo:&nbsp;<strong>6<\/strong>Exorto-te a reavivar a chama do dom de Deus que recebeste pela imposi\u00e7\u00e3o das minhas m\u00e3os.&nbsp;<strong>7<\/strong>Pois Deus n\u00e3o nos deu um esp\u00edrito de timidez, mas de fortaleza, de amor e sobriedade.<\/p>\n\n\n\n<p><strong>8<\/strong>N\u00e3o te envergonhes do testemunho de Nosso Senhor nem de mim, seu prisioneiro, mas sofre comigo pelo Evangelho, fortificado pelo poder de Deus.&nbsp;<strong>13<\/strong>Usa um comp\u00eandio das palavras sadias que de mim ouviste em mat\u00e9ria de f\u00e9 e de amor em Cristo Jesus.&nbsp;<strong>14<\/strong>Guarda o precioso dep\u00f3sito, com a ajuda do Esp\u00edrito Santo, que habita em n\u00f3s.<\/p>\n\n\n\n<p>&#8211; Palavra do Senhor.<\/p>\n\n\n\n<p>&#8211; Gra\u00e7as a Deus.<\/p>\n\n\n\n<p><strong>An\u00fancio do Evangelho (Lc 17,5-10)<\/strong><br><br><strong>\u2014 Aleluia, Aleluia, Aleluia.<\/strong><\/p>\n\n\n\n<p>\u2014 A Palavra do Senhor permanece para sempre; e esta \u00e9 a Palavra que vos foi anunciada (1Pd 1,25)<\/p>\n\n\n\n<p>\u2014&nbsp;Proclama\u00e7\u00e3o do Evangelho de&nbsp;Jesus Cristo&nbsp;<strong>+<\/strong>&nbsp;segundo Lucas.<\/p>\n\n\n\n<p><strong>\u2014&nbsp;Gl\u00f3ria a v\u00f3s, Senhor.<\/strong><\/p>\n\n\n\n<p>Naquele tempo,&nbsp;<strong>5<\/strong>os ap\u00f3stolos disseram ao Senhor: \u201cAumenta a nossa f\u00e9!\u201d<\/p>\n\n\n\n<p><strong>6<\/strong>O Senhor respondeu: \u201cSe v\u00f3s tiv\u00e9sseis f\u00e9, mesmo pequena como um gr\u00e3o de mostarda, poder\u00edeis dizer a esta amoreira: \u2018Arranca-te daqui e planta-te no mar\u2019, e ela vos obedeceria.<\/p>\n\n\n\n<p><strong>7<\/strong>Se algum de v\u00f3s tem um empregado que trabalha a terra ou cuida dos animais, por acaso vai dizer-lhe, quando ele volta do campo: \u2018Vem depressa para a mesa?\u2019&nbsp;<strong>8<\/strong>Pelo contr\u00e1rio, n\u00e3o vai dizer ao empregado: \u2018Prepara-me o jantar, cinge-te e serve-me, enquanto eu como e bebo; depois disso tu poder\u00e1s comer e beber?\u2019&nbsp;<strong>9<\/strong>Ser\u00e1 que vai agradecer ao empregado, porque fez o que lhe havia mandado?<\/p>\n\n\n\n<p><strong>10<\/strong>Assim tamb\u00e9m v\u00f3s: quando tiverdes feito tudo o que vos mandaram, dizei: \u2018Somos servos in\u00fateis; fizemos o que dev\u00edamos fazer\u2019\u201d.<\/p>\n\n\n\n<p>\u2014 Palavra da Salva\u00e7\u00e3o.<\/p>\n\n\n\n<p>\u2014 Gl\u00f3ria a v\u00f3s, Senhor.<\/p>\n","protected":false},"excerpt":{"rendered":"<p>Ora\u00e7\u00e3o do dia \u00d3 Deus eterno e todo-poderoso, que nos concedeis, no vosso imenso amor de Pai, mais do que merecemos e pedimos, derramai sobre n\u00f3s a vossa miseric\u00f3rdia, perdoando o que nos&#8230;<\/p>\n","protected":false},"author":2,"featured_media":18971,"comment_status":"open","ping_status":"open","sticky":false,"template":"","format":"standard","meta":[],"categories":[7],"tags":[],"_links":{"self":[{"href":"https:\/\/www.salvatorianas.org.br\/blog\/wp-json\/wp\/v2\/posts\/18970"}],"collection":[{"href":"https:\/\/www.salvatorianas.org.br\/blog\/wp-json\/wp\/v2\/posts"}],"about":[{"href":"https:\/\/www.salvatorianas.org.br\/blog\/wp-json\/wp\/v2\/types\/post"}],"author":[{"embeddable":true,"href":"https:\/\/www.salvatorianas.org.br\/blog\/wp-json\/wp\/v2\/users\/2"}],"replies":[{"embeddable":true,"href":"https:\/\/www.salvatorianas.org.br\/blog\/wp-json\/wp\/v2\/comments?post=18970"}],"version-history":[{"count":1,"href":"https:\/\/www.salvatorianas.org.br\/blog\/wp-json\/wp\/v2\/posts\/18970\/revisions"}],"predecessor-version":[{"id":18972,"href":"https:\/\/www.salvatorianas.org.br\/blog\/wp-json\/wp\/v2\/posts\/18970\/revisions\/18972"}],"wp:featuredmedia":[{"embeddable":true,"href":"https:\/\/www.salvatorianas.org.br\/blog\/wp-json\/wp\/v2\/media\/18971"}],"wp:attachment":[{"href":"https:\/\/www.salvatorianas.org.br\/blog\/wp-json\/wp\/v2\/media?parent=18970"}],"wp:term":[{"taxonomy":"category","embeddable":true,"href":"https:\/\/www.salvatorianas.org.br\/blog\/wp-json\/wp\/v2\/categories?post=18970"},{"taxonomy":"post_tag","embeddable":true,"href":"https:\/\/www.salvatorianas.org.br\/blog\/wp-json\/wp\/v2\/tags?post=18970"}],"curies":[{"name":"wp","href":"https:\/\/api.w.org\/{rel}","templated":true}]}}