{"id":18967,"date":"2022-10-03T12:14:00","date_gmt":"2022-10-03T12:14:00","guid":{"rendered":"https:\/\/www.salvatorianas.org.br\/blog\/?p=18967"},"modified":"2022-10-07T12:20:55","modified_gmt":"2022-10-07T12:20:55","slug":"santos-andre-de-soveral-ambrosio-francisco-presbs-e-companheiros-martires","status":"publish","type":"post","link":"https:\/\/www.salvatorianas.org.br\/blog\/santos-andre-de-soveral-ambrosio-francisco-presbs-e-companheiros-martires\/","title":{"rendered":"Santos Andr\u00e9 de Soveral, Ambr\u00f3sio Francisco, Presbs. e companheiros m\u00e1rtires"},"content":{"rendered":"\n<p><strong>Ora\u00e7\u00e3o do dia<\/strong><\/p>\n\n\n\n<p>Deus de miseric\u00f3rdia, aumentai em n\u00f3s a f\u00e9 que, conservada \u00e0 custa do pr\u00f3prio sangue, glorificou vossos m\u00e1rtires santos Andr\u00e9, Ambr\u00f3sio e companheiros. Dai-nos tamb\u00e9m ser santificados pela viv\u00eancia da mesma f\u00e9. Por nosso Senhor Jesus Cristo, vosso Filho, na unidade do Esp\u00edrito Santo.<\/p>\n\n\n\n<p><strong>Primeira Leitura (Gl 1, 6-12)<\/strong><\/p>\n\n\n\n<p>Leitura da Carta de S\u00e3o Paulo aos G\u00e1latas<\/p>\n\n\n\n<p>Irm\u00e3os,&nbsp;<sup>6<\/sup>admiro-me de terdes abandonado t\u00e3o depressa aquele que vos chamou, na gra\u00e7a de Cristo, e de terdes passado para um outro evangelho.&nbsp;<sup>7<\/sup>N\u00e3o que haja outro evangelho, mas algumas pessoas vos est\u00e3o perturbando e querendo mudar o evangelho de Cristo.&nbsp;<sup>8<\/sup>Pois bem, mesmo que n\u00f3s ou um anjo vindo do c\u00e9u vos pregasse um evangelho diferente daquele que vos pregamos, seja excomungado.&nbsp;<sup>9<\/sup>Como j\u00e1 dissemos e agora repito: Se algu\u00e9m vos pregar um evangelho diferente daquele que recebestes, seja excomungado.&nbsp;<sup>10<\/sup>Ser\u00e1 que eu estou buscando a aprova\u00e7\u00e3o dos homens ou a aprova\u00e7\u00e3o de Deus? Ou estou procurando agradar aos homens? Se eu ainda estivesse preocupado em agradar aos homens, n\u00e3o seria servo de Cristo.&nbsp;<sup>11<\/sup>Irm\u00e3os, asseguro-vos que o evangelho pregado por mim n\u00e3o \u00e9 conforme a crit\u00e9rios humanos.&nbsp;<sup>12<\/sup>Com efeito, n\u00e3o o recebi nem aprendi de homem algum, mas por revela\u00e7\u00e3o de Jesus Cristo.<\/p>\n\n\n\n<p>\u2014 Palavra do Senhor.<\/p>\n\n\n\n<p><strong>\u2014 Gra\u00e7as a Deus.<\/strong><\/p>\n\n\n\n<p><strong>Salmo Responsorial: Salmo 110<\/strong><\/p>\n\n\n\n<p>\u2013 O Senhor se lembra sempre da Alian\u00e7a.<\/p>\n\n\n\n<p><strong>\u2013 O Senhor se lembra sempre da Alian\u00e7a.<\/strong><\/p>\n\n\n\n<ol><li>Eu agrade\u00e7o a Deus de todo o cora\u00e7\u00e3o \/ junto com todos os seus justos reunidos! \/ Que grandiosas s\u00e3o as obras do Senhor, \/ elas merecem todo o amor e admira\u00e7\u00e3o!\u00a0<strong>R.<\/strong><\/li><li>Suas obras s\u00e3o verdade e s\u00e3o justi\u00e7a, \/ seus preceitos, todos eles, s\u00e3o est\u00e1veis, \/ confirmados para sempre e pelos s\u00e9culos, \/ realizados na verdade e retid\u00e3o.\u00a0<strong>R.<\/strong><\/li><li>Enviou liberta\u00e7\u00e3o para o seu povo, \/ confirmou sua Alian\u00e7a para sempre. \/ Seu nome \u00e9 santo e \u00e9 digno de respeito. \/ Permane\u00e7a eternamente o seu louvor.\u00a0<strong>R.<\/strong><\/li><\/ol>\n\n\n\n<p><strong>Evangelho&nbsp;(Lc 10,25-37)<\/strong><\/p>\n\n\n\n<p><strong>\u2014&nbsp;Aleluia, aleluia, aleluia.<\/strong><\/p>\n\n\n\n<p>\u2014&nbsp;Eu vos dou novo preceito: que uns aos outros vos ameis, como eu vos tenho amado.&nbsp;(Jo 13,34)<\/p>\n\n\n\n<p>\u2014&nbsp;Proclama\u00e7\u00e3o do Evangelho de Jesus&nbsp;Cristo&nbsp;<strong>+<\/strong>&nbsp;segundo Lucas.<\/p>\n\n\n\n<p><strong>\u2014&nbsp;Gl\u00f3ria a v\u00f3s, Senhor.<\/strong><\/p>\n\n\n\n<p>Naquele tempo,&nbsp;<strong>25<\/strong>um mestre da Lei se levantou e, querendo p\u00f4r Jesus em dificuldade, perguntou: \u201cMestre, que devo fazer para receber em heran\u00e7a a vida eterna?\u201d&nbsp;<strong>26<\/strong>Jesus lhe disse: \u201cQue est\u00e1 escrito na Lei? Como l\u00eas?\u201d&nbsp;<strong>27<\/strong>Ele ent\u00e3o respondeu: \u201cAmar\u00e1s o Senhor, teu Deus, de todo o teu cora\u00e7\u00e3o e com toda a tua alma, com toda a tua for\u00e7a e com toda a tua intelig\u00eancia; e a teu pr\u00f3ximo como a ti mesmo!\u201d&nbsp;<strong>28<\/strong>Jesus lhe disse: \u201cTu respondeste corretamente. Faze isso e viver\u00e1s\u201d.&nbsp;<strong>29<\/strong>Ele, por\u00e9m, querendo justificar-se, disse a Jesus: \u201cE quem \u00e9 o meu pr\u00f3ximo?\u201d&nbsp;<strong>30<\/strong>Jesus respondeu: \u201cCerto homem descia de Jerusal\u00e9m para Jeric\u00f3 e caiu nas m\u00e3os de assaltantes. Estes arrancaram-lhe tudo, espancaram-no, e foram-se embora deixando-o quase morto.&nbsp;<strong>31<\/strong>Por acaso, um sacerdote estava descendo por aquele caminho. Quando viu o homem, seguiu adiante, pelo outro lado.&nbsp;<strong>32<\/strong>O mesmo aconteceu com um levita: chegou ao lugar, viu o homem e seguiu adiante, pelo outro lado.&nbsp;<strong>33<\/strong>Mas&nbsp;um samaritano que estava viajando,&nbsp;chegou perto dele, viu e sentiu compaix\u00e3o.&nbsp;<strong>34<\/strong>Aproximou-se dele e fez curativos, derramando \u00f3leo e vinho nas feridas. Depois colocou o homem em seu pr\u00f3prio animal e levou-o a uma pens\u00e3o, onde cuidou dele.&nbsp;<strong>35<\/strong>No dia seguinte, pegou duas moedas de prata e entregou-as ao dono da pens\u00e3o, recomendando: \u201cToma conta dele! Quando eu voltar, vou pagar o que tiveres gasto a mais\u201d. E Jesus perguntou:&nbsp;<strong>36<\/strong>\u201cNa tua opini\u00e3o, qual dos tr\u00eas foi o pr\u00f3ximo do homem que caiu nas m\u00e3os dos assaltantes?\u201d&nbsp;<strong>37<\/strong>Ele respondeu: \u201cAquele que usou de miseric\u00f3rdia&nbsp;para com ele\u201d. Ent\u00e3o Jesus lhe disse:&nbsp;\u201cVai e faze a mesma coisa\u201d.<\/p>\n\n\n\n<p>\u2014 Palavra da Salva\u00e7\u00e3o.<\/p>\n\n\n\n<p>\u2014 Gl\u00f3ria a v\u00f3s, Senhor.<\/p>\n\n\n\n<p><\/p>\n","protected":false},"excerpt":{"rendered":"<p>Ora\u00e7\u00e3o do dia Deus de miseric\u00f3rdia, aumentai em n\u00f3s a f\u00e9 que, conservada \u00e0 custa do pr\u00f3prio sangue, glorificou vossos m\u00e1rtires santos Andr\u00e9, Ambr\u00f3sio e companheiros. Dai-nos tamb\u00e9m ser santificados pela viv\u00eancia da&#8230;<\/p>\n","protected":false},"author":2,"featured_media":18968,"comment_status":"open","ping_status":"open","sticky":false,"template":"","format":"standard","meta":[],"categories":[7],"tags":[],"_links":{"self":[{"href":"https:\/\/www.salvatorianas.org.br\/blog\/wp-json\/wp\/v2\/posts\/18967"}],"collection":[{"href":"https:\/\/www.salvatorianas.org.br\/blog\/wp-json\/wp\/v2\/posts"}],"about":[{"href":"https:\/\/www.salvatorianas.org.br\/blog\/wp-json\/wp\/v2\/types\/post"}],"author":[{"embeddable":true,"href":"https:\/\/www.salvatorianas.org.br\/blog\/wp-json\/wp\/v2\/users\/2"}],"replies":[{"embeddable":true,"href":"https:\/\/www.salvatorianas.org.br\/blog\/wp-json\/wp\/v2\/comments?post=18967"}],"version-history":[{"count":1,"href":"https:\/\/www.salvatorianas.org.br\/blog\/wp-json\/wp\/v2\/posts\/18967\/revisions"}],"predecessor-version":[{"id":18969,"href":"https:\/\/www.salvatorianas.org.br\/blog\/wp-json\/wp\/v2\/posts\/18967\/revisions\/18969"}],"wp:featuredmedia":[{"embeddable":true,"href":"https:\/\/www.salvatorianas.org.br\/blog\/wp-json\/wp\/v2\/media\/18968"}],"wp:attachment":[{"href":"https:\/\/www.salvatorianas.org.br\/blog\/wp-json\/wp\/v2\/media?parent=18967"}],"wp:term":[{"taxonomy":"category","embeddable":true,"href":"https:\/\/www.salvatorianas.org.br\/blog\/wp-json\/wp\/v2\/categories?post=18967"},{"taxonomy":"post_tag","embeddable":true,"href":"https:\/\/www.salvatorianas.org.br\/blog\/wp-json\/wp\/v2\/tags?post=18967"}],"curies":[{"name":"wp","href":"https:\/\/api.w.org\/{rel}","templated":true}]}}