{"id":18964,"date":"2022-10-04T12:12:00","date_gmt":"2022-10-04T12:12:00","guid":{"rendered":"https:\/\/www.salvatorianas.org.br\/blog\/?p=18964"},"modified":"2022-10-07T12:13:15","modified_gmt":"2022-10-07T12:13:15","slug":"sao-francisco-de-assis-2","status":"publish","type":"post","link":"https:\/\/www.salvatorianas.org.br\/blog\/sao-francisco-de-assis-2\/","title":{"rendered":"S\u00e3o Francisco de Assis"},"content":{"rendered":"\n<h3 class=\"wp-block-heading\">Ora\u00e7\u00e3o do dia<\/h3>\n\n\n\n<p>\u00d3 Deus, que fizestes s\u00e3o Francisco de Assis assemelhar-se ao Cristo por uma vida de humildade e pobreza, concedei que, trilhando o mesmo caminho, sigamos fielmente o vosso filho, unindo-nos convosco na perfeita alegria. Por nosso Senhor Jesus Cristo, Vosso Filho, na unidade do Esp\u00edrito Santo.<\/p>\n\n\n\n<h3 class=\"wp-block-heading\">Leitura &#8211;&nbsp;G\u00e1latas 1,13-23<\/h3>\n\n\n\n<p>Leitura da carta de s\u00e3o Paulo aos G\u00e1latas.<\/p>\n\n\n\n<p>1 13 Certamente ouvistes falar de como outrora eu vivia no juda\u00edsmo, com que excesso perseguia a Igreja de Deus e a assolava;<\/p>\n\n\n\n<p>14 avantajava-me no juda\u00edsmo a muitos dos meus companheiros de idade e na\u00e7\u00e3o, extremamente zeloso das tradi\u00e7\u00f5es de meus pais.<\/p>\n\n\n\n<p>15 Mas, quando aprouve \u00e0quele que me reservou desde o seio de minha m\u00e3e e me chamou pela sua gra\u00e7a,<\/p>\n\n\n\n<p>16 para revelar seu Filho em minha pessoa, a fim de que eu o tornasse conhecido entre os gentios, imediatamente, sem consultar a ningu\u00e9m,<\/p>\n\n\n\n<p>17 sem ir a Jerusal\u00e9m para ver os que eram ap\u00f3stolos antes de mim, parti para a Ar\u00e1bia; de l\u00e1 regressei a Damasco.<\/p>\n\n\n\n<p>18 Tr\u00eas anos depois subi a Jerusal\u00e9m para conhecer Cefas, e fiquei com ele quinze dias.<\/p>\n\n\n\n<p>19 Dos outros ap\u00f3stolos n\u00e3o vi mais nenhum, a n\u00e3o ser Tiago, irm\u00e3o do Senhor.<\/p>\n\n\n\n<p>20 Isto que vos escrevo &#8211; Deus me \u00e9 testemunha -, n\u00e3o o estou inventando.<\/p>\n\n\n\n<p>21 Em seguida, fui para as regi\u00f5es da S\u00edria e da Cil\u00edcia.<\/p>\n\n\n\n<p>22 Eu era ainda pessoalmente desconhecido das comunidades crist\u00e3s da Jud\u00e9ia;<\/p>\n\n\n\n<p>23 tinham elas apenas ouvido dizer: \u201cAquele que antes nos perseguia, agora prega a f\u00e9 que outrora combatia\u201d.<\/p>\n\n\n\n<p>24E glorificavam a Deus por minha causa.<\/p>\n\n\n\n<p>Palavra do Senhor.<\/p>\n\n\n\n<h3 class=\"wp-block-heading\">Salmo Responsorial &#8211;&nbsp;138\/139<\/h3>\n\n\n\n<p><strong>Conduzi-me no caminho para a vida, \u00f3 Senhor!<\/strong><\/p>\n\n\n\n<p>Senhor, v\u00f3s me sondais e conheceis,<\/p>\n\n\n\n<p>sabeis quando me sento ou me levanto;<\/p>\n\n\n\n<p>de longe penetrais meus pensamentos,<\/p>\n\n\n\n<p>percebeis quando me deito e quando eu ando,<\/p>\n\n\n\n<p>os meus caminhos vos s\u00e3o todos conhecidos.<\/p>\n\n\n\n<p>Fostes v\u00f3s que me formastes as entranhas,<\/p>\n\n\n\n<p>e no seio de minha m\u00e3e v\u00f3s me tecestes.<\/p>\n\n\n\n<p>Eu vos louvo e vos dou gra\u00e7as, \u00f3 Senhor,<\/p>\n\n\n\n<p>porque de modo admir\u00e1vel me formastes!<\/p>\n\n\n\n<p>Que prod\u00edgio e maravilha as vossas obras!<\/p>\n\n\n\n<p>At\u00e9 o mais \u00edntimo, Senhor, me conheceis;<\/p>\n\n\n\n<p>nenhuma sequer de minhas fibras ignor\u00e1veis;<\/p>\n\n\n\n<p>quando eu era modelado ocultamente,<\/p>\n\n\n\n<p>era formado nas entranhas subterr\u00e2neas.<\/p>\n\n\n\n<h3 class=\"wp-block-heading\">Leitura &#8211;<\/h3>\n\n\n\n<h3 class=\"wp-block-heading\">Evangelho &#8211;&nbsp;Lucas 10,38-42<\/h3>\n\n\n\n<p>Aleluia, aleluia, aleluia.<\/p>\n\n\n\n<p>Feliz quem ouve e observa a palavra de Deus! (Lc 11,27)<\/p>\n\n\n\n<p>Proclama\u00e7\u00e3o do Evangelho de Jesus Cristo segundo Lucas.<\/p>\n\n\n\n<p>Naquele tempo, 10 38 estando Jesus em viagem, entrou numa aldeia, onde uma mulher, chamada Marta, o recebeu em sua casa.<\/p>\n\n\n\n<p>39 Tinha ela uma irm\u00e3 por nome Maria, que se assentou aos p\u00e9s do Senhor para ouvi-lo falar.<\/p>\n\n\n\n<p>40 Marta, toda preocupada na lida da casa, veio a Jesus e disse: \u201cSenhor, n\u00e3o te importas que minha irm\u00e3 me deixe s\u00f3 a servir? Dize-lhe que me ajude\u201d.<\/p>\n\n\n\n<p>41 Respondeu-lhe o Senhor: \u201cMarta, Marta, andas muito inquieta e te preocupas com muitas coisas;<\/p>\n\n\n\n<p>42 no entanto, uma s\u00f3 coisa \u00e9 necess\u00e1ria; Maria escolheu a boa parte, que lhe n\u00e3o ser\u00e1 tirada\u201d.<\/p>\n\n\n\n<p>Palavra da Salva\u00e7\u00e3o.<\/p>\n\n\n\n<h3 class=\"wp-block-heading\">Coment\u00e1rio ao Evangelho<\/h3>\n\n\n\n<p>UMA S\u00d3 COISA \u00c9 NECESS\u00c1RIA<\/p>\n\n\n\n<p>A passagem de Jesus pela casa de uma fam\u00edlia amiga permitiu-lhe experimentar o carinho e o afeto de duas pessoas queridas. Cada uma, a seu modo, expressou sua admira\u00e7\u00e3o pelo Mestre. Maria, sentada aos p\u00e9s do Senhor, p\u00f4s-se a escut\u00e1-lo. Marta, por sua vez, tomou a iniciativa de providenciar comida para o h\u00f3spede ilustre.<\/p>\n\n\n\n<p>Em geral, tende-se a contrapor as duas iniciativas, dizendo que Maria escolheu a contempla\u00e7\u00e3o e Marta a a\u00e7\u00e3o. E, pelo fato de Marta ter sido advertida por sua inquieta\u00e7\u00e3o e Maria ter sido louvada por ter escolhido a melhor parte, pensa-se que Jesus tivesse privilegiado a contempla\u00e7\u00e3o em detrimento da a\u00e7\u00e3o.<\/p>\n\n\n\n<p>A censura do Mestre, dirigida a Marta, n\u00e3o desmerecia sua a\u00e7\u00e3o. Apenas mostrou o vazio da a\u00e7\u00e3o que n\u00e3o brota da escuta da Palavra. Ou seja, \u00e9 nessa escuta que o disc\u00edpulo encontra inspira\u00e7\u00e3o para agir.<\/p>\n\n\n\n<p>Maria encarnou a figura do disc\u00edpulo. Antes de lan\u00e7ar-se ao servi\u00e7o, ela se fez ouvinte da Palavra. S\u00f3 depois, guiada por ela, saberia como servir mais e melhor.<\/p>\n\n\n\n<p>&#8220;A melhor parte&#8221;, portanto, significa o modo mais correto de agir, a maneira mais adequada de tornar-se servidora do Reino.<\/p>\n\n\n\n<p>O pr\u00f3prio Jesus fazia sua a\u00e7\u00e3o ser precedida da ora\u00e7\u00e3o. Nos longos momentos passados em contempla\u00e7\u00e3o e escuta, ele intu\u00eda a vontade do Pai.<\/p>\n","protected":false},"excerpt":{"rendered":"<p>Ora\u00e7\u00e3o do dia \u00d3 Deus, que fizestes s\u00e3o Francisco de Assis assemelhar-se ao Cristo por uma vida de humildade e pobreza, concedei que, trilhando o mesmo caminho, sigamos fielmente o vosso filho, unindo-nos&#8230;<\/p>\n","protected":false},"author":2,"featured_media":18965,"comment_status":"open","ping_status":"open","sticky":false,"template":"","format":"standard","meta":[],"categories":[7],"tags":[],"_links":{"self":[{"href":"https:\/\/www.salvatorianas.org.br\/blog\/wp-json\/wp\/v2\/posts\/18964"}],"collection":[{"href":"https:\/\/www.salvatorianas.org.br\/blog\/wp-json\/wp\/v2\/posts"}],"about":[{"href":"https:\/\/www.salvatorianas.org.br\/blog\/wp-json\/wp\/v2\/types\/post"}],"author":[{"embeddable":true,"href":"https:\/\/www.salvatorianas.org.br\/blog\/wp-json\/wp\/v2\/users\/2"}],"replies":[{"embeddable":true,"href":"https:\/\/www.salvatorianas.org.br\/blog\/wp-json\/wp\/v2\/comments?post=18964"}],"version-history":[{"count":1,"href":"https:\/\/www.salvatorianas.org.br\/blog\/wp-json\/wp\/v2\/posts\/18964\/revisions"}],"predecessor-version":[{"id":18966,"href":"https:\/\/www.salvatorianas.org.br\/blog\/wp-json\/wp\/v2\/posts\/18964\/revisions\/18966"}],"wp:featuredmedia":[{"embeddable":true,"href":"https:\/\/www.salvatorianas.org.br\/blog\/wp-json\/wp\/v2\/media\/18965"}],"wp:attachment":[{"href":"https:\/\/www.salvatorianas.org.br\/blog\/wp-json\/wp\/v2\/media?parent=18964"}],"wp:term":[{"taxonomy":"category","embeddable":true,"href":"https:\/\/www.salvatorianas.org.br\/blog\/wp-json\/wp\/v2\/categories?post=18964"},{"taxonomy":"post_tag","embeddable":true,"href":"https:\/\/www.salvatorianas.org.br\/blog\/wp-json\/wp\/v2\/tags?post=18964"}],"curies":[{"name":"wp","href":"https:\/\/api.w.org\/{rel}","templated":true}]}}