{"id":18944,"date":"2022-10-03T21:06:39","date_gmt":"2022-10-03T21:06:39","guid":{"rendered":"https:\/\/www.salvatorianas.org.br\/blog\/?p=18944"},"modified":"2022-10-03T21:06:56","modified_gmt":"2022-10-03T21:06:56","slug":"retiro-espiritual-postulinter","status":"publish","type":"post","link":"https:\/\/www.salvatorianas.org.br\/blog\/retiro-espiritual-postulinter\/","title":{"rendered":"Retiro Espiritual &#8211; Postulinter"},"content":{"rendered":"\n<p>Nos dias 01 e 02 de outubro, na Casa de Encontros dos Saletinos, em Curitiba\/PR, aconteceu o Retiro Espiritual com jovens formandos, concluindo a cainhada de encontros organizados pela CRB \u2013 Paran\u00e1. O retiro foi orientado pela Irm\u00e3 Maria Cacilda Degaspare, RSA e teve como tema: \u201cDiscernimento Vocacional\u201d.<\/p>\n\n\n\n<p>Este foi um tempo oportuno, pois neste per\u00edodo muitos formandos e formandas est\u00e3o discernindo sobre os pr\u00f3ximos passos da sua caminhada formativa e construindo seu projeto de vida. Foram dois dias repletos de ora\u00e7\u00e3o, fraternidade, comunh\u00e3o e gra\u00e7as.<\/p>\n\n\n\n<p>\u201cCaminheiro, voc\u00ea sabe, n\u00e3o existe caminho. Passo a passo, pouco a pouco e o caminho se faz.\u201d<\/p>\n\n\n\n<figure class=\"wp-block-image size-large\"><img decoding=\"async\" loading=\"lazy\" width=\"1024\" height=\"768\" src=\"https:\/\/www.salvatorianas.org.br\/blog\/wp-content\/uploads\/2022\/10\/02-1024x768.jpeg\" alt=\"\" class=\"wp-image-18945\" srcset=\"https:\/\/www.salvatorianas.org.br\/blog\/wp-content\/uploads\/2022\/10\/02-1024x768.jpeg 1024w, https:\/\/www.salvatorianas.org.br\/blog\/wp-content\/uploads\/2022\/10\/02-300x225.jpeg 300w, https:\/\/www.salvatorianas.org.br\/blog\/wp-content\/uploads\/2022\/10\/02-768x576.jpeg 768w, https:\/\/www.salvatorianas.org.br\/blog\/wp-content\/uploads\/2022\/10\/02-1536x1152.jpeg 1536w, https:\/\/www.salvatorianas.org.br\/blog\/wp-content\/uploads\/2022\/10\/02.jpeg 1600w\" sizes=\"(max-width: 1024px) 100vw, 1024px\" \/><\/figure>\n\n\n\n<figure class=\"wp-block-image size-large\"><img decoding=\"async\" loading=\"lazy\" width=\"1024\" height=\"768\" src=\"https:\/\/www.salvatorianas.org.br\/blog\/wp-content\/uploads\/2022\/10\/05-1024x768.jpeg\" alt=\"\" class=\"wp-image-18946\" srcset=\"https:\/\/www.salvatorianas.org.br\/blog\/wp-content\/uploads\/2022\/10\/05-1024x768.jpeg 1024w, https:\/\/www.salvatorianas.org.br\/blog\/wp-content\/uploads\/2022\/10\/05-300x225.jpeg 300w, https:\/\/www.salvatorianas.org.br\/blog\/wp-content\/uploads\/2022\/10\/05-768x576.jpeg 768w, https:\/\/www.salvatorianas.org.br\/blog\/wp-content\/uploads\/2022\/10\/05-1536x1152.jpeg 1536w, https:\/\/www.salvatorianas.org.br\/blog\/wp-content\/uploads\/2022\/10\/05.jpeg 1600w\" sizes=\"(max-width: 1024px) 100vw, 1024px\" \/><\/figure>\n\n\n\n<figure class=\"wp-block-image size-large\"><img decoding=\"async\" loading=\"lazy\" width=\"1024\" height=\"768\" src=\"https:\/\/www.salvatorianas.org.br\/blog\/wp-content\/uploads\/2022\/10\/03-1024x768.jpeg\" alt=\"\" class=\"wp-image-18947\" srcset=\"https:\/\/www.salvatorianas.org.br\/blog\/wp-content\/uploads\/2022\/10\/03-1024x768.jpeg 1024w, https:\/\/www.salvatorianas.org.br\/blog\/wp-content\/uploads\/2022\/10\/03-300x225.jpeg 300w, https:\/\/www.salvatorianas.org.br\/blog\/wp-content\/uploads\/2022\/10\/03-768x576.jpeg 768w, https:\/\/www.salvatorianas.org.br\/blog\/wp-content\/uploads\/2022\/10\/03-1536x1152.jpeg 1536w, https:\/\/www.salvatorianas.org.br\/blog\/wp-content\/uploads\/2022\/10\/03.jpeg 1600w\" sizes=\"(max-width: 1024px) 100vw, 1024px\" \/><\/figure>\n\n\n\n<figure class=\"wp-block-image size-large\"><img decoding=\"async\" loading=\"lazy\" width=\"1024\" height=\"1024\" src=\"https:\/\/www.salvatorianas.org.br\/blog\/wp-content\/uploads\/2022\/10\/10-1024x1024.jpg\" alt=\"\" class=\"wp-image-18948\" srcset=\"https:\/\/www.salvatorianas.org.br\/blog\/wp-content\/uploads\/2022\/10\/10-1024x1024.jpg 1024w, https:\/\/www.salvatorianas.org.br\/blog\/wp-content\/uploads\/2022\/10\/10-300x300.jpg 300w, https:\/\/www.salvatorianas.org.br\/blog\/wp-content\/uploads\/2022\/10\/10-150x150.jpg 150w, https:\/\/www.salvatorianas.org.br\/blog\/wp-content\/uploads\/2022\/10\/10-768x768.jpg 768w, https:\/\/www.salvatorianas.org.br\/blog\/wp-content\/uploads\/2022\/10\/10.jpg 1080w\" sizes=\"(max-width: 1024px) 100vw, 1024px\" \/><\/figure>\n","protected":false},"excerpt":{"rendered":"<p>Nos dias 01 e 02 de outubro, na Casa de Encontros dos Saletinos, em Curitiba\/PR, aconteceu o Retiro Espiritual com jovens formandos, concluindo a cainhada de encontros organizados pela CRB \u2013 Paran\u00e1. O&#8230;<\/p>\n","protected":false},"author":2,"featured_media":18949,"comment_status":"open","ping_status":"open","sticky":false,"template":"","format":"standard","meta":[],"categories":[1],"tags":[],"_links":{"self":[{"href":"https:\/\/www.salvatorianas.org.br\/blog\/wp-json\/wp\/v2\/posts\/18944"}],"collection":[{"href":"https:\/\/www.salvatorianas.org.br\/blog\/wp-json\/wp\/v2\/posts"}],"about":[{"href":"https:\/\/www.salvatorianas.org.br\/blog\/wp-json\/wp\/v2\/types\/post"}],"author":[{"embeddable":true,"href":"https:\/\/www.salvatorianas.org.br\/blog\/wp-json\/wp\/v2\/users\/2"}],"replies":[{"embeddable":true,"href":"https:\/\/www.salvatorianas.org.br\/blog\/wp-json\/wp\/v2\/comments?post=18944"}],"version-history":[{"count":2,"href":"https:\/\/www.salvatorianas.org.br\/blog\/wp-json\/wp\/v2\/posts\/18944\/revisions"}],"predecessor-version":[{"id":18951,"href":"https:\/\/www.salvatorianas.org.br\/blog\/wp-json\/wp\/v2\/posts\/18944\/revisions\/18951"}],"wp:featuredmedia":[{"embeddable":true,"href":"https:\/\/www.salvatorianas.org.br\/blog\/wp-json\/wp\/v2\/media\/18949"}],"wp:attachment":[{"href":"https:\/\/www.salvatorianas.org.br\/blog\/wp-json\/wp\/v2\/media?parent=18944"}],"wp:term":[{"taxonomy":"category","embeddable":true,"href":"https:\/\/www.salvatorianas.org.br\/blog\/wp-json\/wp\/v2\/categories?post=18944"},{"taxonomy":"post_tag","embeddable":true,"href":"https:\/\/www.salvatorianas.org.br\/blog\/wp-json\/wp\/v2\/tags?post=18944"}],"curies":[{"name":"wp","href":"https:\/\/api.w.org\/{rel}","templated":true}]}}