{"id":1889,"date":"2015-08-24T00:00:00","date_gmt":"2015-08-24T00:00:00","guid":{"rendered":"https:\/\/www.salvatorianas.org.br\/blog\/anti-trafico-humano-e-tema-do-encontro-internacional-das-irmas-salvatorianas-em-roma\/"},"modified":"2015-08-24T00:00:00","modified_gmt":"2015-08-24T00:00:00","slug":"anti-trafico-humano-e-tema-do-encontro-internacional-das-irmas-salvatorianas-em-roma","status":"publish","type":"post","link":"https:\/\/www.salvatorianas.org.br\/blog\/anti-trafico-humano-e-tema-do-encontro-internacional-das-irmas-salvatorianas-em-roma\/","title":{"rendered":"Anti-tr\u00e1fico humano \u00e9 tema do encontro internacional das Irm\u00e3s Salvatorianas em Roma"},"content":{"rendered":"<p style=\"text-align: justify;\">[imagem1]<\/p>\n<p style=\"text-align: justify;\">A Congrega&ccedil;&atilde;o das Irm&atilde;s Salvatorianas assumiu em seu XX Cap&iacute;tulo Geral o compromisso de &ldquo;<em>viver em solidariedade com o mundo que sofre para que todos tenham vida em plenitude&rdquo;<\/em>. Diante deste compromisso e desafio, aconteceu de 05 a 12 de agosto um encontro internacional em Roma, a fim de ampliar a reflex&atilde;o sobre esta complexa e desafiante realidade em que vivem muitas pessoas, partilhar as iniciativas de trabalho em rela&ccedil;&atilde;o ao anti-tr&aacute;fico humano j&aacute; existentes nas Prov&iacute;ncias, e tamb&eacute;m pensar novas possibilidades de atua&ccedil;&atilde;o em rela&ccedil;&atilde;o ao trabalho de preven&ccedil;&atilde;o e atendimento &agrave;s v&iacute;timas do TH. O chamamento &eacute; abra&ccedil;ar esta causa com coragem prof&eacute;tica, colocando-se a servi&ccedil;o da vida aonde&nbsp;ela clama. Da Prov&iacute;ncia Santa Catarina participou a Ir. Wanderleia Dalla Costa.<\/p>\n<p style=\"text-align: justify;\">Confira mais fotos na galeria abaixo!<\/p>\n<p style=\"text-align: justify;\">&nbsp;<\/p>\n","protected":false},"excerpt":{"rendered":"<p>[imagem1] A Congrega&ccedil;&atilde;o das Irm&atilde;s Salvatorianas assumiu em seu XX Cap&iacute;tulo Geral o compromisso de &ldquo;viver em solidariedade com o mundo que sofre para que todos tenham vida em plenitude&rdquo;. Diante deste compromisso&#8230;<\/p>\n","protected":false},"author":1,"featured_media":2278,"comment_status":"open","ping_status":"open","sticky":false,"template":"","format":"standard","meta":[],"categories":[1],"tags":[],"_links":{"self":[{"href":"https:\/\/www.salvatorianas.org.br\/blog\/wp-json\/wp\/v2\/posts\/1889"}],"collection":[{"href":"https:\/\/www.salvatorianas.org.br\/blog\/wp-json\/wp\/v2\/posts"}],"about":[{"href":"https:\/\/www.salvatorianas.org.br\/blog\/wp-json\/wp\/v2\/types\/post"}],"author":[{"embeddable":true,"href":"https:\/\/www.salvatorianas.org.br\/blog\/wp-json\/wp\/v2\/users\/1"}],"replies":[{"embeddable":true,"href":"https:\/\/www.salvatorianas.org.br\/blog\/wp-json\/wp\/v2\/comments?post=1889"}],"version-history":[{"count":0,"href":"https:\/\/www.salvatorianas.org.br\/blog\/wp-json\/wp\/v2\/posts\/1889\/revisions"}],"wp:featuredmedia":[{"embeddable":true,"href":"https:\/\/www.salvatorianas.org.br\/blog\/wp-json\/wp\/v2\/media\/2278"}],"wp:attachment":[{"href":"https:\/\/www.salvatorianas.org.br\/blog\/wp-json\/wp\/v2\/media?parent=1889"}],"wp:term":[{"taxonomy":"category","embeddable":true,"href":"https:\/\/www.salvatorianas.org.br\/blog\/wp-json\/wp\/v2\/categories?post=1889"},{"taxonomy":"post_tag","embeddable":true,"href":"https:\/\/www.salvatorianas.org.br\/blog\/wp-json\/wp\/v2\/tags?post=1889"}],"curies":[{"name":"wp","href":"https:\/\/api.w.org\/{rel}","templated":true}]}}