{"id":1882,"date":"2015-08-25T00:00:00","date_gmt":"2015-08-25T00:00:00","guid":{"rendered":"https:\/\/www.salvatorianas.org.br\/blog\/doencas-cronicas-como-cancer-e-derrame-matam-16-milhoes-por-ano\/"},"modified":"2015-08-25T00:00:00","modified_gmt":"2015-08-25T00:00:00","slug":"doencas-cronicas-como-cancer-e-derrame-matam-16-milhoes-por-ano","status":"publish","type":"post","link":"https:\/\/www.salvatorianas.org.br\/blog\/doencas-cronicas-como-cancer-e-derrame-matam-16-milhoes-por-ano\/","title":{"rendered":"Doen\u00e7as cr\u00f4nicas, como c\u00e2ncer e derrame, matam 16 milh\u00f5es por ano"},"content":{"rendered":"<p style=\"text-align: justify;\">[imagem1]<\/p>\n<p><em>Publicado em 21 de janeiro de 2015\/por Sa&uacute;de Catarinense<\/em><\/p>\n<p style=\"text-align: justify;\">Dezesseis milh&otilde;es de pessoas morrem precocemente por ano v&iacute;timas de doen&ccedil;as cr&ocirc;nicas n&atilde;o transmiss&iacute;veis, como c&acirc;ncer, diabetes, derrame e problemas cardiorrespirat&oacute;rios. Com a inten&ccedil;&atilde;o de evitar esses &oacute;bitos, a Organiza&ccedil;&atilde;o Mundial da Sa&uacute;de (OMS) pediu hoje, em um relat&oacute;rio global, que governos do mundo todo se empenhem para reduzir enfermidades que, em muitos casos, poderiam ser evitadas.<\/p>\n<p style=\"text-align: justify;\">&ldquo;A comunidade global tem a chance de mudar o curso da epidemia de doen&ccedil;as cr&ocirc;nicas&rdquo;, disse, em um comunicado, Margaret Chan, diretora-geral da OMS. &ldquo;Ao investir apenas de US$ 1 a US$ 3 por pessoa anualmente, os pa&iacute;ses podem reduzir dramaticamente doen&ccedil;as e mortes relacionadas. Em 2015, cada pa&iacute;s precisa determinar alvos e implementar a&ccedil;&otilde;es custo-efetivas. Se n&atilde;o, milh&otilde;es de vidas continuar&atilde;o a ser perdidas cedo&rdquo;, alertou. Mortes precoces s&atilde;o aquelas antes dos 70 anos, segundo os par&acirc;metros da ag&ecirc;ncia de sa&uacute;de das Na&ccedil;&otilde;es Unidas.<\/p>\n<p style=\"text-align: justify;\">No Brasil, um estudo do Minist&eacute;rio da Sa&uacute;de publicado na revista inglesa The Lancet indicou que, entre 1996 e 2007, as doen&ccedil;as cr&ocirc;nicas n&atilde;o transmiss&iacute;veis foram respons&aacute;veis por mais de 70% das mortes. Em 2011, foi lan&ccedil;ado o Plano de A&ccedil;&otilde;es Estrat&eacute;gicas para o Enfrentamento das Doen&ccedil;as Cr&ocirc;nicas N&atilde;o Transmiss&iacute;veis 2011-2022, do qual faz parte a Rede de Aten&ccedil;&atilde;o &agrave; Sa&uacute;de das Pessoas com Doen&ccedil;as Cr&ocirc;nicas no &acirc;mbito do SUS, institu&iacute;da no ano passado. O documento vai ao encontro do programa de metas da OMS, que estabeleceu objetivos a serem alcan&ccedil;ados de 2011 a 2025 pelos pa&iacute;ses membros, como redu&ccedil;&atilde;o de sal e do risco de mortalidade prematura e aumento de oferta de medicamentos e tecnologias b&aacute;sicas de sa&uacute;de.<\/p>\n<p style=\"text-align: justify;\"><em>Exemplos brasileiros<\/em><\/p>\n<p style=\"text-align: justify;\">Entre as a&ccedil;&otilde;es brasileiras, inclui-se o acordo feito com a ind&uacute;stria aliment&iacute;cia para a redu&ccedil;&atilde;o do s&oacute;dio no preparo de p&atilde;o franc&ecirc;s, maionese, bolos prontos e biscoitos, anunciado em 2014. At&eacute; 2016, os n&iacute;veis da subst&acirc;ncia tamb&eacute;m ser&atilde;o menores em batatas fritas e palha, salgadinhos de milho e misturas prontas para bolo. Essa iniciativa foi destacada pela OMS, assim como as do Chile, do Canad&aacute;, do M&eacute;xico e dos Estados Unidos, que fizeram acordos semelhantes com a ind&uacute;stria.<\/p>\n<p style=\"text-align: justify;\">&nbsp;<\/p>\n<p style=\"text-align: justify;\">Fonte: <em>Correio Braziliense<\/em><\/p>\n<p>&nbsp;<\/p>\n","protected":false},"excerpt":{"rendered":"<p>[imagem1] Publicado em 21 de janeiro de 2015\/por Sa&uacute;de Catarinense Dezesseis milh&otilde;es de pessoas morrem precocemente por ano v&iacute;timas de doen&ccedil;as cr&ocirc;nicas n&atilde;o transmiss&iacute;veis, como c&acirc;ncer, diabetes, derrame e problemas cardiorrespirat&oacute;rios. Com a&#8230;<\/p>\n","protected":false},"author":1,"featured_media":2102,"comment_status":"open","ping_status":"open","sticky":false,"template":"","format":"standard","meta":[],"categories":[1],"tags":[],"_links":{"self":[{"href":"https:\/\/www.salvatorianas.org.br\/blog\/wp-json\/wp\/v2\/posts\/1882"}],"collection":[{"href":"https:\/\/www.salvatorianas.org.br\/blog\/wp-json\/wp\/v2\/posts"}],"about":[{"href":"https:\/\/www.salvatorianas.org.br\/blog\/wp-json\/wp\/v2\/types\/post"}],"author":[{"embeddable":true,"href":"https:\/\/www.salvatorianas.org.br\/blog\/wp-json\/wp\/v2\/users\/1"}],"replies":[{"embeddable":true,"href":"https:\/\/www.salvatorianas.org.br\/blog\/wp-json\/wp\/v2\/comments?post=1882"}],"version-history":[{"count":0,"href":"https:\/\/www.salvatorianas.org.br\/blog\/wp-json\/wp\/v2\/posts\/1882\/revisions"}],"wp:featuredmedia":[{"embeddable":true,"href":"https:\/\/www.salvatorianas.org.br\/blog\/wp-json\/wp\/v2\/media\/2102"}],"wp:attachment":[{"href":"https:\/\/www.salvatorianas.org.br\/blog\/wp-json\/wp\/v2\/media?parent=1882"}],"wp:term":[{"taxonomy":"category","embeddable":true,"href":"https:\/\/www.salvatorianas.org.br\/blog\/wp-json\/wp\/v2\/categories?post=1882"},{"taxonomy":"post_tag","embeddable":true,"href":"https:\/\/www.salvatorianas.org.br\/blog\/wp-json\/wp\/v2\/tags?post=1882"}],"curies":[{"name":"wp","href":"https:\/\/api.w.org\/{rel}","templated":true}]}}