{"id":1871,"date":"2015-08-28T00:00:00","date_gmt":"2015-08-28T00:00:00","guid":{"rendered":"https:\/\/www.salvatorianas.org.br\/blog\/animacao-vocacional-salvatoriana-em-morpara-ba\/"},"modified":"2018-04-17T12:07:54","modified_gmt":"2018-04-17T12:07:54","slug":"animacao-vocacional-salvatoriana-em-morpara-ba","status":"publish","type":"post","link":"https:\/\/www.salvatorianas.org.br\/blog\/animacao-vocacional-salvatoriana-em-morpara-ba\/","title":{"rendered":"Anima\u00e7\u00e3o Vocacional Salvatoriana em Morpar\u00e1\/BA"},"content":{"rendered":"<p style=\"text-align: justify;\">Realizou-se nos dias 22 e 23 de agosto, em Morpar\u00e1\/BA, um encontro para o despertar vocacional com os grupos de 1\u00aa Eucaristia, Crisma, catequistas e jovens. As dinamizadoras foram as irm\u00e3s Eleudiane Carvalho e Zelita Maria de Melo, juntamente com a novi\u00e7a J\u00e9ssica Marcela Louren\u00e7o.<\/p>\n<p style=\"text-align: justify;\">Todo o encontro foi iluminado pela frase de Padre Jordan: <em>\u201cCr\u00ea, confia, ama, espera a v\u00e1 em frente\u201d<\/em>. Assim, cada participante p\u00f4de conhecer um pouco mais da vida e miss\u00e3o Salvatoriana e buscar entender melhor qual o projeto que Deus tem para cada um\/uma na miss\u00e3o evangelizadora e na Igreja.\u00a0Prosseguimos nossa jornada anunciando o Salvador.<\/p>\n<p style=\"text-align: justify;\">\n","protected":false},"excerpt":{"rendered":"<p>Realizou-se nos dias 22 e 23 de agosto, em Morpar\u00e1\/BA, um encontro para o despertar vocacional com os grupos de 1\u00aa Eucaristia, Crisma, catequistas e jovens. As dinamizadoras foram as irm\u00e3s Eleudiane Carvalho&#8230;<\/p>\n","protected":false},"author":1,"featured_media":5688,"comment_status":"open","ping_status":"open","sticky":false,"template":"","format":"standard","meta":[],"categories":[28],"tags":[],"_links":{"self":[{"href":"https:\/\/www.salvatorianas.org.br\/blog\/wp-json\/wp\/v2\/posts\/1871"}],"collection":[{"href":"https:\/\/www.salvatorianas.org.br\/blog\/wp-json\/wp\/v2\/posts"}],"about":[{"href":"https:\/\/www.salvatorianas.org.br\/blog\/wp-json\/wp\/v2\/types\/post"}],"author":[{"embeddable":true,"href":"https:\/\/www.salvatorianas.org.br\/blog\/wp-json\/wp\/v2\/users\/1"}],"replies":[{"embeddable":true,"href":"https:\/\/www.salvatorianas.org.br\/blog\/wp-json\/wp\/v2\/comments?post=1871"}],"version-history":[{"count":3,"href":"https:\/\/www.salvatorianas.org.br\/blog\/wp-json\/wp\/v2\/posts\/1871\/revisions"}],"predecessor-version":[{"id":5689,"href":"https:\/\/www.salvatorianas.org.br\/blog\/wp-json\/wp\/v2\/posts\/1871\/revisions\/5689"}],"wp:featuredmedia":[{"embeddable":true,"href":"https:\/\/www.salvatorianas.org.br\/blog\/wp-json\/wp\/v2\/media\/5688"}],"wp:attachment":[{"href":"https:\/\/www.salvatorianas.org.br\/blog\/wp-json\/wp\/v2\/media?parent=1871"}],"wp:term":[{"taxonomy":"category","embeddable":true,"href":"https:\/\/www.salvatorianas.org.br\/blog\/wp-json\/wp\/v2\/categories?post=1871"},{"taxonomy":"post_tag","embeddable":true,"href":"https:\/\/www.salvatorianas.org.br\/blog\/wp-json\/wp\/v2\/tags?post=1871"}],"curies":[{"name":"wp","href":"https:\/\/api.w.org\/{rel}","templated":true}]}}