{"id":1856,"date":"2015-09-01T00:00:00","date_gmt":"2015-09-01T00:00:00","guid":{"rendered":"https:\/\/www.salvatorianas.org.br\/blog\/01-de-setembro-dia-mundial-de-oracao-pelo-cuidado-da-criacao\/"},"modified":"2015-09-01T00:00:00","modified_gmt":"2015-09-01T00:00:00","slug":"01-de-setembro-dia-mundial-de-oracao-pelo-cuidado-da-criacao","status":"publish","type":"post","link":"https:\/\/www.salvatorianas.org.br\/blog\/01-de-setembro-dia-mundial-de-oracao-pelo-cuidado-da-criacao\/","title":{"rendered":"01 de setembro &#8211; Dia Mundial de Ora\u00e7\u00e3o pelo cuidado da Cria\u00e7\u00e3o"},"content":{"rendered":"<p style=\"text-align: justify;\">[imagem1]<\/p>\n<p style=\"text-align: justify;\">&nbsp;<\/p>\n<p style=\"text-align: justify;\">A Igreja Cat&oacute;lica celebra hoje pela primeira vez o Dia Mundial de Ora&ccedil;&atilde;o pelo Cuidado da Cria&ccedil;&atilde;o, que o Papa Francisco instituiu e tem um sentido ecum&ecirc;nico, j&aacute; que a mesma &eacute; tamb&eacute;m comemorada pela Igreja Ortodoxa desde 1970. A celebra&ccedil;&atilde;o &eacute; um apelo &agrave; uni&atilde;o dos crist&atilde;os para enfrentar a &ldquo;crise ecol&oacute;gica&rdquo; mundial.<\/p>\n<p style=\"text-align: justify;\">Segundo Francisco, &ldquo;O Dia Mundial de Ora&ccedil;&atilde;o pelo Cuidado da Cria&ccedil;&atilde;o oferecer&aacute; a cada fiel e &agrave;s comunidades a preciosa oportunidade para renovar a ades&atilde;o pessoal &agrave; pr&oacute;pria voca&ccedil;&atilde;o de guardi&atilde;o da cria&ccedil;&atilde;o, elevando a Deus o agradecimento pela obra maravilhosa que Ele confiou ao nosso cuidado, invocando a sua ajuda para a prote&ccedil;&atilde;o da cria&ccedil;&atilde;o e a sua miseric&oacute;rdia pelos pecados cometidos contra o mundo em que vivemos&rdquo;.<\/p>\n<p style=\"text-align: justify;\">Com o Dia Mundial de Ora&ccedil;&atilde;o pelo Cuidado da Cria&ccedil;&atilde;o, o Papa Francisco, leva a humanidade e principalmente todos os crist&atilde;os cat&oacute;licos a refletir com seriedade sobre o meio ambiente e a forma como o ser humano est&aacute; tratando esse patrim&ocirc;nio natural, de fundamental import&acirc;ncia para a sobreviv&ecirc;ncia humana.<\/p>\n<p style=\"text-align: justify;\">&ldquo;Como crist&atilde;os queremos oferecer a nossa contribui&ccedil;&atilde;o &agrave; supera&ccedil;&atilde;o da crise ecol&oacute;gica que a humanidade est&aacute; a viver. Por isto devemos, antes de tudo, procurar no nosso rico patrim&ocirc;nio espiritual as motiva&ccedil;&otilde;es que alimentam a paix&atilde;o pelo cuidado da cria&ccedil;&atilde;o, recordando sempre os que creem em Jesus Cristo, Verbo de Deus que se fez homem por n&oacute;s&rdquo;, explica o Papa.<\/p>\n<p style=\"text-align: justify;\">&nbsp;<\/p>\n<p style=\"text-align: center;\"><strong>REZEMOS A ORA&Ccedil;&Atilde;O INSTITU&Iacute;DA PELO PAPA FRANCISCO:<\/strong><\/p>\n<p style=\"text-align: justify;\">&#8211;&nbsp; N&oacute;s Te louvamos, Pai,\/ com todas as tuas criaturas,\/ que sa&iacute;ram da tua m&atilde;o poderosa.\/ S&atilde;o tuas e est&atilde;o repletas da tua presen&ccedil;a e da tua ternura.<\/p>\n<p style=\"text-align: justify;\">&#8211;&nbsp; Louvado sejas Filho de Deus, Jesus,\/ por V&oacute;s foram criadas todas as coisas.<\/p>\n<p style=\"text-align: justify;\">Foste formado no seio materno de Maria,\/ fizeste parte desta terra,\/ e contemplaste este mundo com olhos humanos.<\/p>\n<p style=\"text-align: justify;\">&#8211;&nbsp; Hoje estas vivo em cada criatura\/ com a gl&oacute;ria de ressuscitado. Louvado sejas!<\/p>\n<p style=\"text-align: justify;\">&#8211;&nbsp; Esp&iacute;rito Santo, que, com a Tua&nbsp; luz,\/ guias este mundo para o amor do Pai e acompanhas o gemido da cria&ccedil;&atilde;o, \/&nbsp; Vives tamb&eacute;m nos nossos cora&ccedil;&otilde;es a fim de nos impelir para o bem. Louvado sejas!<\/p>\n<p style=\"text-align: justify;\">&#8211;&nbsp; Senhor Deus, Uno e Trino,\/ comunidade estupenda de amor infinito,\/ ensina-nos a contemplar-Te na beleza do universo,\/ onde tudo nos fala de Ti. Louvado sejas!<\/p>\n<p style=\"text-align: justify;\">&#8211;&nbsp; Desperta o nosso louvor e a nossa gratid&atilde;o \/ por cada ser que criaste. Dai-nos a gra&ccedil;a de nos sentirmos \/ intimamente unidos a tudo o que existe. Louvado sejas!<\/p>\n<p style=\"text-align: justify;\">&#8211; Deus de amor,\/ mostra-nos o nosso lugar neste mundo\/ como instrumentos do Teu carinho por todos os seres desta terra, \/ porque nem um deles sequer &eacute; esquecido por Ti. Louvado sejas!<\/p>\n<p style=\"text-align: justify;\">&#8211; &nbsp;Ilumina os donos do poder e do dinheiro \/ para que n&atilde;o caiam no pecado da indiferen&ccedil;a,\/ amem o bem comum, promovam os fracos,\/ e cuidem deste mundo que habitamos. Louvado sejas!<\/p>\n<p style=\"text-align: justify;\">&#8211;&nbsp; Os pobres e a Terra est&atilde;o bradando: <strong>Senhor toma-nos sob o Teu poder e a Tua luz,\/ para proteger cada vida,\/ para preparar um futuro melhor,\/ para que venha o Teu Reino de justi&ccedil;a, paz, amor e beleza. Louvado sejas! Am&eacute;m.<\/strong><\/p>\n<p style=\"text-align: justify;\">&nbsp;<\/p>\n<p style=\"text-align: center;\"><strong>FELIZ DIA MUNDIAL DE ORA&Ccedil;&Atilde;O PELO CUIDADO DA CRIA&Ccedil;&Atilde;O!<\/strong><\/p>\n<p style=\"text-align: center;\">&nbsp;<\/p>\n<p style=\"text-align: left;\"><strong>Baixe &nbsp;<a href=\"http:\/\/www.crbpr.com.br\/wp-content\/uploads\/2015\/08\/MOMENTO-ORANTE-oficial.doc\">MOMENTO ORANTE oficial<\/a><\/strong><\/p>\n<p style=\"text-align: left;\">&nbsp;<\/p>\n<p style=\"text-align: left;\">&nbsp;<\/p>\n","protected":false},"excerpt":{"rendered":"<p>[imagem1] &nbsp; A Igreja Cat&oacute;lica celebra hoje pela primeira vez o Dia Mundial de Ora&ccedil;&atilde;o pelo Cuidado da Cria&ccedil;&atilde;o, que o Papa Francisco instituiu e tem um sentido ecum&ecirc;nico, j&aacute; que a mesma&#8230;<\/p>\n","protected":false},"author":1,"featured_media":2203,"comment_status":"open","ping_status":"open","sticky":false,"template":"","format":"standard","meta":[],"categories":[1],"tags":[],"_links":{"self":[{"href":"https:\/\/www.salvatorianas.org.br\/blog\/wp-json\/wp\/v2\/posts\/1856"}],"collection":[{"href":"https:\/\/www.salvatorianas.org.br\/blog\/wp-json\/wp\/v2\/posts"}],"about":[{"href":"https:\/\/www.salvatorianas.org.br\/blog\/wp-json\/wp\/v2\/types\/post"}],"author":[{"embeddable":true,"href":"https:\/\/www.salvatorianas.org.br\/blog\/wp-json\/wp\/v2\/users\/1"}],"replies":[{"embeddable":true,"href":"https:\/\/www.salvatorianas.org.br\/blog\/wp-json\/wp\/v2\/comments?post=1856"}],"version-history":[{"count":0,"href":"https:\/\/www.salvatorianas.org.br\/blog\/wp-json\/wp\/v2\/posts\/1856\/revisions"}],"wp:featuredmedia":[{"embeddable":true,"href":"https:\/\/www.salvatorianas.org.br\/blog\/wp-json\/wp\/v2\/media\/2203"}],"wp:attachment":[{"href":"https:\/\/www.salvatorianas.org.br\/blog\/wp-json\/wp\/v2\/media?parent=1856"}],"wp:term":[{"taxonomy":"category","embeddable":true,"href":"https:\/\/www.salvatorianas.org.br\/blog\/wp-json\/wp\/v2\/categories?post=1856"},{"taxonomy":"post_tag","embeddable":true,"href":"https:\/\/www.salvatorianas.org.br\/blog\/wp-json\/wp\/v2\/tags?post=1856"}],"curies":[{"name":"wp","href":"https:\/\/api.w.org\/{rel}","templated":true}]}}