{"id":1822,"date":"2015-09-11T00:00:00","date_gmt":"2015-09-11T00:00:00","guid":{"rendered":"https:\/\/www.salvatorianas.org.br\/blog\/mes-da-biblia-2015-evangelho-de-joao\/"},"modified":"2015-09-11T00:00:00","modified_gmt":"2015-09-11T00:00:00","slug":"mes-da-biblia-2015-evangelho-de-joao","status":"publish","type":"post","link":"https:\/\/www.salvatorianas.org.br\/blog\/mes-da-biblia-2015-evangelho-de-joao\/","title":{"rendered":"M\u00eas da B\u00edblia 2015: Evangelho de Jo\u00e3o"},"content":{"rendered":"<p style=\"text-align: justify;\">[imagem2]<\/p>\n<p style=\"text-align: justify;\">&nbsp;<\/p>\n<p style=\"text-align: justify;\">O M&ecirc;s da B&iacute;blia, celebrado no Brasil em setembro, foi criado em 1971, com a finalidade de instruir os fi&eacute;is sobre a Palavra de Deus. Neste ano de 2015, o livro proposto pela CNBB para aprofundamento no m&ecirc;s da B&iacute;blia &eacute; o Evangelho de Jo&atilde;o. O lema escolhido &eacute; &ldquo;Permanecei no meu amor para produzir muitos frutos&rdquo;, e o tema, &ldquo;Disc&iacute;pulos mission&aacute;rios a partir do Evangelho de Jo&atilde;o&rdquo;.&nbsp;<\/p>\n<p style=\"text-align: justify;\">&ldquo;A escolha do tema tem como objetivo refor&ccedil;ar a consci&ecirc;ncia de que nosso discipulado mission&aacute;rio n&atilde;o &eacute; apenas um caminho que se realiza no interno da comunidade eclesial. Queremos ser disc&iacute;pulos mission&aacute;rios que se integrem em projetos que buscam qualificar a vida humana, a vida de todo o planeta terra e inclusive a refletir a perspectiva da vida eterna&rdquo;, explica o arcebispo de Curitiba (PR) e presidente da Comiss&atilde;o para a Anima&ccedil;&atilde;o B&iacute;blico-Catequ&eacute;tica da CNBB, dom Ant&ocirc;nio Peruzzo.<\/p>\n<p style=\"text-align: justify;\">Confira alguns artigos para aprofundamento da tem&aacute;tica proposta para o M&ecirc;s da B&iacute;blia desse ano de 2015:<\/p>\n<p class=\"titulo-banner\">&nbsp;<\/p>\n<p class=\"bloco-artigo  \"><a href=\"http:\/\/salvatorianas.org.br\/artigo\/35\/permanecei-no-meu-amor-para-dar-muitos-frutos-jo-158-9-introducao-ao-evangelho-de-joao\"><img decoding=\"async\" loading=\"lazy\" class=\"attachment-medium wp-post-image\" style=\"display: block; margin-left: auto; margin-right: auto;\" src=\"http:\/\/www.vidapastoral.com.br\/wp-content\/uploads\/2015\/08\/Artigo-1.jpg\" alt=\"Artigo 1\" width=\"363\" height=\"264\" \/><\/a><\/p>\n<h1 style=\"text-align: center;\"><a href=\"http:\/\/salvatorianas.org.br\/artigo\/35\/permanecei-no-meu-amor-para-dar-muitos-frutos-jo-158-9-introducao-ao-evangelho-de-joao\">&ldquo;Permanecei no meu amor para dar muitos frutos&rdquo; (Jo 15,8-9): introdu&ccedil;&atilde;o ao Evangelho de Jo&atilde;o<\/a><\/h1>\n<\/p>\n<h2>Centro B&iacute;blico Verbo<\/h2>\n<p>Diante do contexto de persegui&ccedil;&atilde;o e sofrimento, a comunidade joanina precisou manter viva a f&eacute;. Permanecer fiel ao projeto da vida plena &ndash; traduzida em casa, comida, sa&uacute;de, integra&ccedil;&atilde;o social e la&ccedil;os fraternos alicer&ccedil;ados no amor e na solidariedade &ndash; s&oacute; foi poss&iacute;vel por manterem viva a mem&oacute;ria da&#8230;<\/p>\n<p>&nbsp;<\/p>\n<p><a href=\"http:\/\/salvatorianas.org.br\/artigo\/36\/eu-sou-o-bom-pastor-uma-leitura-de-jo-101-21\"><img decoding=\"async\" loading=\"lazy\" class=\"attachment-medium wp-post-image\" style=\"display: block; margin-left: auto; margin-right: auto;\" src=\"http:\/\/www.vidapastoral.com.br\/wp-content\/uploads\/2015\/08\/artigo-2.jpg\" alt=\"artigo 2\" width=\"363\" height=\"264\" \/><\/a><\/p>\n<h1 style=\"text-align: center;\"><a href=\"http:\/\/salvatorianas.org.br\/artigo\/36\/eu-sou-o-bom-pastor-uma-leitura-de-jo-101-21\">Eu sou o bom pastor: uma leitura de Jo 10,1-21<\/a><\/h1>\n<h2>Shigeyuki Nakanose, svd<\/h2>\n<p>A intensifica&ccedil;&atilde;o da persegui&ccedil;&atilde;o dos judeus fariseus e do imp&eacute;rio romano mergulhou a comunidade joanina em uma crise profunda. Surgiu ent&atilde;o o Evangelho de Jo&atilde;o, para orientar e animar a caminhada da comunidade. De modo especial, Jo&atilde;o 10,1-21 aborda a figura da lideran&ccedil;a: o bom pastor e o falso&#8230;<\/p>\n<p>&nbsp;<\/p>\n<p><a href=\"http:\/\/salvatorianas.org.br\/artigo\/37\/a-ressurreicao-de-jesus-segundo-a-comunidade-joanina-uma-leitura-de-joao-2011-18\"><img decoding=\"async\" loading=\"lazy\" class=\"attachment-medium wp-post-image\" style=\"display: block; margin-left: auto; margin-right: auto;\" src=\"http:\/\/www.vidapastoral.com.br\/wp-content\/uploads\/2015\/08\/artigo-3.jpg\" alt=\"artigo 3\" width=\"363\" height=\"264\" \/><\/a><\/p>\n<h1 style=\"text-align: center;\"><a href=\"http:\/\/salvatorianas.org.br\/artigo\/37\/a-ressurreicao-de-jesus-segundo-a-comunidade-joanina-uma-leitura-de-joao-2011-18\">A ressurrei&ccedil;&atilde;o de Jesus segundo a comunidade joanina: uma leitura de Jo&atilde;o 20,11-18<\/a><\/h1>\n<h2>Maria Ant&ocirc;nia Marques<\/h2>\n<p>Maria Madalena, diante do sepulcro vazio, representa a comunidade. A aus&ecirc;ncia do corpo de Jesus provoca ang&uacute;stia, dor e tristeza. &Eacute; o sofrimento que distorce e dificulta a vis&atilde;o e a compreens&atilde;o. H&aacute; v&aacute;rios motivos que abatem e dificultam a cren&ccedil;a da comunidade no Senhor ressuscitado. Eles precisam reavivar&#8230;<\/p>\n<p>&nbsp;<\/p>\n<p>&nbsp;<\/p>\n","protected":false},"excerpt":{"rendered":"<p>[imagem2] &nbsp; O M&ecirc;s da B&iacute;blia, celebrado no Brasil em setembro, foi criado em 1971, com a finalidade de instruir os fi&eacute;is sobre a Palavra de Deus. Neste ano de 2015, o livro&#8230;<\/p>\n","protected":false},"author":1,"featured_media":2175,"comment_status":"open","ping_status":"open","sticky":false,"template":"","format":"standard","meta":[],"categories":[1],"tags":[],"_links":{"self":[{"href":"https:\/\/www.salvatorianas.org.br\/blog\/wp-json\/wp\/v2\/posts\/1822"}],"collection":[{"href":"https:\/\/www.salvatorianas.org.br\/blog\/wp-json\/wp\/v2\/posts"}],"about":[{"href":"https:\/\/www.salvatorianas.org.br\/blog\/wp-json\/wp\/v2\/types\/post"}],"author":[{"embeddable":true,"href":"https:\/\/www.salvatorianas.org.br\/blog\/wp-json\/wp\/v2\/users\/1"}],"replies":[{"embeddable":true,"href":"https:\/\/www.salvatorianas.org.br\/blog\/wp-json\/wp\/v2\/comments?post=1822"}],"version-history":[{"count":0,"href":"https:\/\/www.salvatorianas.org.br\/blog\/wp-json\/wp\/v2\/posts\/1822\/revisions"}],"wp:featuredmedia":[{"embeddable":true,"href":"https:\/\/www.salvatorianas.org.br\/blog\/wp-json\/wp\/v2\/media\/2175"}],"wp:attachment":[{"href":"https:\/\/www.salvatorianas.org.br\/blog\/wp-json\/wp\/v2\/media?parent=1822"}],"wp:term":[{"taxonomy":"category","embeddable":true,"href":"https:\/\/www.salvatorianas.org.br\/blog\/wp-json\/wp\/v2\/categories?post=1822"},{"taxonomy":"post_tag","embeddable":true,"href":"https:\/\/www.salvatorianas.org.br\/blog\/wp-json\/wp\/v2\/tags?post=1822"}],"curies":[{"name":"wp","href":"https:\/\/api.w.org\/{rel}","templated":true}]}}