{"id":1818,"date":"2015-09-13T00:00:00","date_gmt":"2015-09-13T00:00:00","guid":{"rendered":"https:\/\/www.salvatorianas.org.br\/blog\/experiencia-apostolica-das-novicas-salvatorianas-no-maranhao\/"},"modified":"2015-09-13T00:00:00","modified_gmt":"2015-09-13T00:00:00","slug":"experiencia-apostolica-das-novicas-salvatorianas-no-maranhao","status":"publish","type":"post","link":"https:\/\/www.salvatorianas.org.br\/blog\/experiencia-apostolica-das-novicas-salvatorianas-no-maranhao\/","title":{"rendered":"Experi\u00eancia Apost\u00f3lica das Novi\u00e7as Salvatorianas no Maranh\u00e3o"},"content":{"rendered":"<p style=\"text-align: justify;\">[imagem1]<\/p>\n<p style=\"text-align: justify;\">&nbsp;<\/p>\n<p style=\"text-align: justify;\">Durante os meses de julho e agosto, as jovens novi&ccedil;as Joana e Mayra vivenciaram uma intensa experi&ecirc;ncia apost&oacute;lica, na cidade de Duque Bacelar\/MA. Esta a&ccedil;&atilde;o faz parte do projeto de colabora&ccedil;&atilde;o continental na Forma&ccedil;&atilde;o: Experi&ecirc;ncia Apost&oacute;lica Formativa 2&ordm; ano de noviciado.<\/p>\n<p style=\"text-align: justify;\">&nbsp;<strong>Relato da Experi&ecirc;ncia Apost&oacute;lica<\/strong><\/p>\n<p style=\"text-align: justify;\">&nbsp;Nossa presen&ccedil;a como novi&ccedil;as salvatorianas, foi de alegria e de an&uacute;ncio junto ao povo e todas as comunidades da Par&oacute;quia S&atilde;o Jos&eacute; de Duque Bacelar. Nesta experi&ecirc;ncia, realizamos acompanhamento formativo das lideran&ccedil;as, catequistas, crian&ccedil;as e jovens. Al&eacute;m disso, conseguimos participar da Escola B&iacute;blica, dos festejos dos padroeiros das comunidades e, tivemos a oportunidade de colaborarmos nas Santas Miss&otilde;es Populares na Diocese do Brejo, somando for&ccedil;as&nbsp; junto a juventude e nas par&oacute;quias de Araioses, Barreirinhas e &Aacute;gua Doce.<\/p>\n<p style=\"text-align: justify;\">[imagem2]<\/p>\n<p style=\"text-align: justify;\">&nbsp;Foi um tempo prop&iacute;cio para vivenciarmos a experi&ecirc;ncia de Deus a n&iacute;vel pessoal e comunit&aacute;rio, bem como conviver e partilhar a vida e miss&atilde;o junto com as Irm&atilde;s e os Padres salvatorianos, outra dimens&atilde;o que nos fez crescer foi conhecer a experi&ecirc;ncia de f&eacute; popular do povo, os testemunhos das mission&aacute;rias e dos mission&aacute;rios comprometidos com o projeto de Jesus Salvador, as &nbsp;exig&ecirc;ncias dadas pelo contexto cultural, tudo isso contribuiu para que tiv&eacute;ssemos uma maior reflex&atilde;o, aprendizado &nbsp;e vis&atilde;o de nossa presen&ccedil;a salvatoriana e o ser salvatoriano que o povo espera e pede com insist&ecirc;ncia no meio de suas comunidades.<\/p>\n<p style=\"text-align: justify;\">[imagem3]<\/p>\n<p style=\"text-align: justify;\">&nbsp;<strong>Novi&ccedil;as:<\/strong> Joana Orlando Janu&aacute;rio e Mayra Alejandra Arag&oacute;n Ceballos<\/p>\n<p style=\"text-align: justify;\">&nbsp;<\/p>\n<p style=\"text-align: justify;\">&nbsp;<em>Confira<\/em> mais <em>fotos na galeria<\/em> abaixo!<\/p>\n<p style=\"text-align: justify;\">&nbsp;<\/p>\n<p style=\"text-align: justify;\">&nbsp;<\/p>\n","protected":false},"excerpt":{"rendered":"<p>[imagem1] &nbsp; Durante os meses de julho e agosto, as jovens novi&ccedil;as Joana e Mayra vivenciaram uma intensa experi&ecirc;ncia apost&oacute;lica, na cidade de Duque Bacelar\/MA. Esta a&ccedil;&atilde;o faz parte do projeto de colabora&ccedil;&atilde;o&#8230;<\/p>\n","protected":false},"author":1,"featured_media":2132,"comment_status":"open","ping_status":"open","sticky":false,"template":"","format":"standard","meta":[],"categories":[1],"tags":[],"_links":{"self":[{"href":"https:\/\/www.salvatorianas.org.br\/blog\/wp-json\/wp\/v2\/posts\/1818"}],"collection":[{"href":"https:\/\/www.salvatorianas.org.br\/blog\/wp-json\/wp\/v2\/posts"}],"about":[{"href":"https:\/\/www.salvatorianas.org.br\/blog\/wp-json\/wp\/v2\/types\/post"}],"author":[{"embeddable":true,"href":"https:\/\/www.salvatorianas.org.br\/blog\/wp-json\/wp\/v2\/users\/1"}],"replies":[{"embeddable":true,"href":"https:\/\/www.salvatorianas.org.br\/blog\/wp-json\/wp\/v2\/comments?post=1818"}],"version-history":[{"count":0,"href":"https:\/\/www.salvatorianas.org.br\/blog\/wp-json\/wp\/v2\/posts\/1818\/revisions"}],"wp:featuredmedia":[{"embeddable":true,"href":"https:\/\/www.salvatorianas.org.br\/blog\/wp-json\/wp\/v2\/media\/2132"}],"wp:attachment":[{"href":"https:\/\/www.salvatorianas.org.br\/blog\/wp-json\/wp\/v2\/media?parent=1818"}],"wp:term":[{"taxonomy":"category","embeddable":true,"href":"https:\/\/www.salvatorianas.org.br\/blog\/wp-json\/wp\/v2\/categories?post=1818"},{"taxonomy":"post_tag","embeddable":true,"href":"https:\/\/www.salvatorianas.org.br\/blog\/wp-json\/wp\/v2\/tags?post=1818"}],"curies":[{"name":"wp","href":"https:\/\/api.w.org\/{rel}","templated":true}]}}