{"id":1814,"date":"2015-09-14T00:00:00","date_gmt":"2015-09-14T00:00:00","guid":{"rendered":"https:\/\/www.salvatorianas.org.br\/blog\/novicas-partilham-experiencia-apostolica-em-xique-xique\/"},"modified":"2015-09-14T00:00:00","modified_gmt":"2015-09-14T00:00:00","slug":"novicas-partilham-experiencia-apostolica-em-xique-xique","status":"publish","type":"post","link":"https:\/\/www.salvatorianas.org.br\/blog\/novicas-partilham-experiencia-apostolica-em-xique-xique\/","title":{"rendered":"Novi\u00e7as partilham experi\u00eancia apost\u00f3lica em Xique-Xique"},"content":{"rendered":"<p style=\"text-align: justify;\">[imagem1]<\/p>\n<p style=\"text-align: justify;\">&nbsp;<\/p>\n<p style=\"text-align: center;\"><em>&ldquo;A voca&ccedil;&atilde;o brota do cora&ccedil;&atilde;o de Deus e germina na terra boa do povo fiel, na experi&ecirc;ncia do amor fraterno&rdquo; (Papa Francisco).<\/em><\/p>\n<p style=\"text-align: justify;\">Na alegria da miss&atilde;o, fomos enviadas a Xique-Xique\/BA, para dar continuidade a nossa experi&ecirc;ncia apost&oacute;lica. Unindo-nos ao trabalho das Irm&atilde;s Salvatorianas, l&aacute; permanecemos durante os meses de julho e agosto e realizamos as seguintes atividades: anima&ccedil;&atilde;o vocacional, visitas &agrave;s comunidades, celebra&ccedil;&atilde;o da Palavra e trabalho com a Pastoral do Menor.<\/p>\n<p style=\"text-align: justify;\">Fomos bem acolhidas por aquele povo cheio de f&eacute; e de alegria. Durante nossa viv&ecirc;ncia apost&oacute;lica, houve muita intera&ccedil;&atilde;o, enriquecimento m&uacute;tuo, partilha de vida e comprometimento com o an&uacute;ncio do Evangelho. Sentimos que esta experi&ecirc;ncia ajudou a fortalecer nosso esp&iacute;rito mission&aacute;rio e nosso ser salvatoriano, bem como cultivar ainda mais a nossa vida de ora&ccedil;&atilde;o. Percebemos que Xique-Xique &eacute; um campo com diferentes op&ccedil;&otilde;es e grandes necessidades para se vivenciar o carisma salvatoriano.<\/p>\n<p style=\"text-align: justify;\">&nbsp;<\/p>\n<p style=\"text-align: justify;\">[imagem2]<\/p>\n<p style=\"text-align: justify;\">&nbsp;<\/p>\n<p style=\"text-align: justify;\">Ao longo desse tempo, os la&ccedil;os de uni&atilde;o entre n&oacute;s, novi&ccedil;as, se tornaram mais fortes, gra&ccedil;as ao trabalho em equipe, que favoreceu o florescimento da&nbsp;criatividade, da anima&ccedil;&atilde;o, da disposi&ccedil;&atilde;o e do encorajamento diante dos novos desafios. Queremos destacar a conviv&ecirc;ncia com as Irm&atilde;s, que sempre estiveram presentes em nossas atividades e dispostas para partilhar conosco a vida no dia a dia da miss&atilde;o.<\/p>\n<p style=\"text-align: justify;\">Assim, prosseguimos com nosso processo formativo, agradecidas a Deus, &agrave; Comunidade M&atilde;e dos Oprimidos e a todas as pessoas que ajudaram a tornar poss&iacute;vel a realiza&ccedil;&atilde;o de nossa experi&ecirc;ncia apost&oacute;lica.<\/p>\n<p style=\"text-align: justify;\">&nbsp;<\/p>\n<p style=\"text-align: justify;\">[imagem3]<\/p>\n<p style=\"text-align: justify;\">&nbsp;<\/p>\n<p><strong>Novi&ccedil;as:<\/strong>&nbsp;Emirian Oliveira, J&eacute;ssica Louren&ccedil;o e Marby Cueltan<\/p>\n<p style=\"text-align: justify;\">&nbsp;<\/p>\n<p style=\"text-align: justify;\">&nbsp;Confira mais <em>fotos <\/em>na galeria abaixo!<\/p>\n<p style=\"text-align: justify;\">&nbsp;<\/p>\n<p style=\"text-align: justify;\">&nbsp;<\/p>\n","protected":false},"excerpt":{"rendered":"<p>[imagem1] &nbsp; &ldquo;A voca&ccedil;&atilde;o brota do cora&ccedil;&atilde;o de Deus e germina na terra boa do povo fiel, na experi&ecirc;ncia do amor fraterno&rdquo; (Papa Francisco). Na alegria da miss&atilde;o, fomos enviadas a Xique-Xique\/BA, para&#8230;<\/p>\n","protected":false},"author":1,"featured_media":2169,"comment_status":"open","ping_status":"open","sticky":false,"template":"","format":"standard","meta":[],"categories":[1],"tags":[],"_links":{"self":[{"href":"https:\/\/www.salvatorianas.org.br\/blog\/wp-json\/wp\/v2\/posts\/1814"}],"collection":[{"href":"https:\/\/www.salvatorianas.org.br\/blog\/wp-json\/wp\/v2\/posts"}],"about":[{"href":"https:\/\/www.salvatorianas.org.br\/blog\/wp-json\/wp\/v2\/types\/post"}],"author":[{"embeddable":true,"href":"https:\/\/www.salvatorianas.org.br\/blog\/wp-json\/wp\/v2\/users\/1"}],"replies":[{"embeddable":true,"href":"https:\/\/www.salvatorianas.org.br\/blog\/wp-json\/wp\/v2\/comments?post=1814"}],"version-history":[{"count":0,"href":"https:\/\/www.salvatorianas.org.br\/blog\/wp-json\/wp\/v2\/posts\/1814\/revisions"}],"wp:featuredmedia":[{"embeddable":true,"href":"https:\/\/www.salvatorianas.org.br\/blog\/wp-json\/wp\/v2\/media\/2169"}],"wp:attachment":[{"href":"https:\/\/www.salvatorianas.org.br\/blog\/wp-json\/wp\/v2\/media?parent=1814"}],"wp:term":[{"taxonomy":"category","embeddable":true,"href":"https:\/\/www.salvatorianas.org.br\/blog\/wp-json\/wp\/v2\/categories?post=1814"},{"taxonomy":"post_tag","embeddable":true,"href":"https:\/\/www.salvatorianas.org.br\/blog\/wp-json\/wp\/v2\/tags?post=1814"}],"curies":[{"name":"wp","href":"https:\/\/api.w.org\/{rel}","templated":true}]}}