{"id":1804,"date":"2015-09-16T00:00:00","date_gmt":"2015-09-16T00:00:00","guid":{"rendered":"https:\/\/www.salvatorianas.org.br\/blog\/salvatoriana-conclui-curso-de-especializacao-em-biblia\/"},"modified":"2015-09-16T00:00:00","modified_gmt":"2015-09-16T00:00:00","slug":"salvatoriana-conclui-curso-de-especializacao-em-biblia","status":"publish","type":"post","link":"https:\/\/www.salvatorianas.org.br\/blog\/salvatoriana-conclui-curso-de-especializacao-em-biblia\/","title":{"rendered":"Salvatoriana conclui curso de Especializa\u00e7\u00e3o em B\u00edblia"},"content":{"rendered":"<p style=\"text-align: justify;\">[imagem2]<\/p>\n<p style=\"text-align: justify;\">&nbsp;<\/p>\n<p style=\"text-align: justify;\">Ap&oacute;s completar tr&ecirc;s etapas, Irm&atilde; Elsa L&iacute;bera Guzi,&nbsp; juntamente com outros salvatorianos conclui o Curso de Especializa&ccedil;&atilde;o e Aperfei&ccedil;oamento em B&iacute;blia.<\/p>\n<p style=\"text-align: justify;\">O curso foi promovido pelo Centro B&iacute;blico Verbo, tendo por objetivo Realizar um estudo acad&ecirc;mico e pastoral, comprometido com as causas populares, fornecendo elementos para as pessoas interessadas em se apropriar do m&eacute;todo hist&oacute;rico-cr&iacute;tico e sociol&oacute;gico, tornando-as aut&ocirc;nomas no trabalho com o texto b&iacute;blico e estudar a B&iacute;blia a partir da vida, &ldquo;para ouvir o mesmo Deus que falou ontem falar hoje&rdquo;.<\/p>\n<p style=\"text-align: justify;\">&ldquo;Foi uma alegria beber desta fonte inesgot&aacute;vel de sabedoria, que &eacute; a Palavra de Deus&rdquo;, relata Irm&atilde; Elsa. A religiosa tamb&eacute;m destacou que um dos aspectos importante no estudo e reflex&atilde;o da Palavra de Deus, &eacute; reconhecer o fio condutor que revela a vontade de Deus na caminhada do seu povo, percebendo a presen&ccedil;a de dois Projetos que perpassam toda B&iacute;blia que s&atilde;o:<\/p>\n<p style=\"text-align: justify;\">&#8211; O projeto piramidal, que &eacute; orientado pela Teologia da Retribui&ccedil;&atilde;o, Deus est&aacute; longe, s&oacute; se chega a Ele pela observ&acirc;ncia da lei;<\/p>\n<p style=\"text-align: justify;\">&#8211; O projeto circular, orientado pela Teologia da Gratuidade, Deus est&aacute; no meio do povo, a lei &eacute; a do Amor.<\/p>\n<p style=\"text-align: justify;\">A B&iacute;blia antes de tudo &eacute; um livro de f&eacute;. Pela sua complexidade dever&aacute; ser estudada e refletida numa postura de f&eacute; e ora&ccedil;&atilde;o. S&atilde;o Boaventura afirma: &ldquo;Sem f&eacute;, n&atilde;o h&aacute; chave de acesso ao texto sagrado&rdquo;.<\/p>\n<p style=\"text-align: justify;\">Como os Ap&oacute;stolos sejamos iluminados e animados na miss&atilde;o de viver e anunciar a Boa Nova! &nbsp;<\/p>\n","protected":false},"excerpt":{"rendered":"<p>[imagem2] &nbsp; Ap&oacute;s completar tr&ecirc;s etapas, Irm&atilde; Elsa L&iacute;bera Guzi,&nbsp; juntamente com outros salvatorianos conclui o Curso de Especializa&ccedil;&atilde;o e Aperfei&ccedil;oamento em B&iacute;blia. O curso foi promovido pelo Centro B&iacute;blico Verbo, tendo por&#8230;<\/p>\n","protected":false},"author":1,"featured_media":2271,"comment_status":"open","ping_status":"open","sticky":false,"template":"","format":"standard","meta":[],"categories":[1],"tags":[],"_links":{"self":[{"href":"https:\/\/www.salvatorianas.org.br\/blog\/wp-json\/wp\/v2\/posts\/1804"}],"collection":[{"href":"https:\/\/www.salvatorianas.org.br\/blog\/wp-json\/wp\/v2\/posts"}],"about":[{"href":"https:\/\/www.salvatorianas.org.br\/blog\/wp-json\/wp\/v2\/types\/post"}],"author":[{"embeddable":true,"href":"https:\/\/www.salvatorianas.org.br\/blog\/wp-json\/wp\/v2\/users\/1"}],"replies":[{"embeddable":true,"href":"https:\/\/www.salvatorianas.org.br\/blog\/wp-json\/wp\/v2\/comments?post=1804"}],"version-history":[{"count":0,"href":"https:\/\/www.salvatorianas.org.br\/blog\/wp-json\/wp\/v2\/posts\/1804\/revisions"}],"wp:featuredmedia":[{"embeddable":true,"href":"https:\/\/www.salvatorianas.org.br\/blog\/wp-json\/wp\/v2\/media\/2271"}],"wp:attachment":[{"href":"https:\/\/www.salvatorianas.org.br\/blog\/wp-json\/wp\/v2\/media?parent=1804"}],"wp:term":[{"taxonomy":"category","embeddable":true,"href":"https:\/\/www.salvatorianas.org.br\/blog\/wp-json\/wp\/v2\/categories?post=1804"},{"taxonomy":"post_tag","embeddable":true,"href":"https:\/\/www.salvatorianas.org.br\/blog\/wp-json\/wp\/v2\/tags?post=1804"}],"curies":[{"name":"wp","href":"https:\/\/api.w.org\/{rel}","templated":true}]}}