{"id":1769,"date":"2015-09-23T00:00:00","date_gmt":"2015-09-23T00:00:00","guid":{"rendered":"https:\/\/www.salvatorianas.org.br\/blog\/dia-internacional-contra-a-exploracao-sexual-e-trafico-de-pessoas\/"},"modified":"2015-09-23T00:00:00","modified_gmt":"2015-09-23T00:00:00","slug":"dia-internacional-contra-a-exploracao-sexual-e-trafico-de-pessoas","status":"publish","type":"post","link":"https:\/\/www.salvatorianas.org.br\/blog\/dia-internacional-contra-a-exploracao-sexual-e-trafico-de-pessoas\/","title":{"rendered":"Dia Internacional contra a Explora\u00e7\u00e3o Sexual e Tr\u00e1fico de Pessoas"},"content":{"rendered":"<p style=\"text-align: justify;\">[imagem1]<\/p>\n<p style=\"text-align: justify;\">&nbsp;<\/p>\n<p style=\"text-align: justify;\">Para marcar Dia Internacional contra a Explora&ccedil;&atilde;o Sexual e o Tr&aacute;fico de Mulheres e Crian&ccedil;as, celebrado nesta quinta-feira (23 de setembro), v&aacute;rios estados brasileiros promovem a&ccedil;&otilde;es de mobiliza&ccedil;&atilde;o para preven&ccedil;&atilde;o &agrave; explora&ccedil;&atilde;o sexual e o tr&aacute;fico de pessoas.<\/p>\n<p style=\"text-align: justify;\">As atividades ocorrem nos dias 23 e 24 de setembro, por meio da articula&ccedil;&atilde;o dos N&uacute;cleos de Enfrentamento ao Tr&aacute;fico de Pessoas e Postos Avan&ccedil;ados. Apoiados pela Rede Um Grito Pela Vida, Secretaria Nacional de Justi&ccedil;a e do Minist&eacute;rio da Justi&ccedil;a.<\/p>\n<p style=\"text-align: justify;\">O Brasil vai participar das mobiliza&ccedil;&otilde;es em todo o mundo para chamar a aten&ccedil;&atilde;o das autoridades do Poder P&uacute;blico e da Sociedade Civil, para o crime de Tr&aacute;fico de Pessoas. Dentre as a&ccedil;&otilde;es, destaca-se a realiza&ccedil;&atilde;o de reuni&otilde;es, semin&aacute;rios e atos p&uacute;blicos.<\/p>\n<p style=\"text-align: justify;\"><strong>Rede Um Grito Pela Vida<\/strong><\/p>\n<p style=\"text-align: justify;\">Conscientes desta realidade, a Rede um Grito pela Vida, segue sua miss&atilde;o no enfrentamento ao Tr&aacute;fico de Pessoas. E neste, 23 de setembro reafirma sua determina&ccedil;&atilde;o de continuar realizando a&ccedil;&otilde;es cada vez mais incisivas e contundentes para dar visibilidade e coibir esta pratica criminosa do tr&aacute;fico de pessoas, especialmente de mulheres e crian&ccedil;as. Reassume o compromisso de lutar pela supera&ccedil;&atilde;o das causas geradoras desta in&iacute;qua realidade que ofende e violenta a vida e de in&uacute;meras mulheres e crian&ccedil;as em situa&ccedil;&atilde;o de vulnerabilidade: a pobreza, a falta de oportunidades de trabalho, a discrimina&ccedil;&atilde;o de g&ecirc;nero, a viol&ecirc;ncia dom&eacute;stica, a instabilidade pol&iacute;tica e econ&ocirc;mica de pa&iacute;ses, a migra&ccedil;&atilde;o for&ccedil;ada, a pornografia midiatizada, a falta de uma legisla&ccedil;&atilde;o adequada e efetiva.<\/p>\n<p style=\"text-align: justify;\">Queremos, neste dia de luta, celebrar nosso compromisso reconhecer as conquistas j&aacute; alcan&ccedil;adas, alertar a sociedade civil, e chamar poder p&uacute;blico ao compromisso, a sair da inalterabilidade, a priorizar e executar as pol&iacute;ticas p&uacute;blicas de Enfrentamento ao Tr&aacute;fico Humano.<\/p>\n<p style=\"text-align: justify;\">Neste dia, vale ressaltar as palavras prof&eacute;ticas do Papa Francisco, que convoca a todos\/as n&oacute;s Igreja, Vida Religiosa Consagrada, Sociedade civil e poder publico a supera&ccedil;&atilde;o da cultura de indiferen&ccedil;a e da inercia: &ldquo;N&atilde;o &eacute; poss&iacute;vel ficar impass&iacute;vel, sabendo que existem seres humanos tratados como mercadoria! Pense-se em ado&ccedil;&otilde;es de crian&ccedil;a para remo&ccedil;&atilde;o de &oacute;rg&atilde;os, em mulheres enganadas e obrigadas a prostituir-se, em trabalhadores explorados, sem direitos nem voz, etc.&rdquo;<\/p>\n<p style=\"text-align: justify;\"><strong>Por que a data foi criada?<\/strong><\/p>\n<p style=\"text-align: justify;\">O Dia Internacional contra a Explora&ccedil;&atilde;o Sexual e o Tr&aacute;fico de Mulheres e Crian&ccedil;as foi criado a partir da promulga&ccedil;&atilde;o da Lei Pal&aacute;cios, h&aacute; 95 anos, exatamente no dia 23 de setembro de 1913, na Argentina. A lei foi criada para punir quem promovesse ou facilitasse a prostitui&ccedil;&atilde;o e corrup&ccedil;&atilde;o de menores de idade e inspirou outros pa&iacute;ses a protegerem sua popula&ccedil;&atilde;o, sobretudo mulheres e crian&ccedil;as, contra a explora&ccedil;&atilde;o sexual e o tr&aacute;fico de pessoas. Assim, guiado pelo exemplo argentino, no dia 23 de setembro de 1999, os pa&iacute;ses participantes da Confer&ecirc;ncia Mundial de Coliga&ccedil;&atilde;o contra o Tr&aacute;fico de Mulheres escolheram a data como o Dia Internacional Contra a Explora&ccedil;&atilde;o Sexual e o Tr&aacute;fico de Mulheres e Crian&ccedil;as.<\/p>\n<p style=\"text-align: justify;\">&nbsp;<\/p>\n<p style=\"text-align: justify;\">&nbsp;<\/p>\n","protected":false},"excerpt":{"rendered":"<p>[imagem1] &nbsp; Para marcar Dia Internacional contra a Explora&ccedil;&atilde;o Sexual e o Tr&aacute;fico de Mulheres e Crian&ccedil;as, celebrado nesta quinta-feira (23 de setembro), v&aacute;rios estados brasileiros promovem a&ccedil;&otilde;es de mobiliza&ccedil;&atilde;o para preven&ccedil;&atilde;o &agrave;&#8230;<\/p>\n","protected":false},"author":1,"featured_media":2176,"comment_status":"open","ping_status":"open","sticky":false,"template":"","format":"standard","meta":[],"categories":[1],"tags":[],"_links":{"self":[{"href":"https:\/\/www.salvatorianas.org.br\/blog\/wp-json\/wp\/v2\/posts\/1769"}],"collection":[{"href":"https:\/\/www.salvatorianas.org.br\/blog\/wp-json\/wp\/v2\/posts"}],"about":[{"href":"https:\/\/www.salvatorianas.org.br\/blog\/wp-json\/wp\/v2\/types\/post"}],"author":[{"embeddable":true,"href":"https:\/\/www.salvatorianas.org.br\/blog\/wp-json\/wp\/v2\/users\/1"}],"replies":[{"embeddable":true,"href":"https:\/\/www.salvatorianas.org.br\/blog\/wp-json\/wp\/v2\/comments?post=1769"}],"version-history":[{"count":0,"href":"https:\/\/www.salvatorianas.org.br\/blog\/wp-json\/wp\/v2\/posts\/1769\/revisions"}],"wp:featuredmedia":[{"embeddable":true,"href":"https:\/\/www.salvatorianas.org.br\/blog\/wp-json\/wp\/v2\/media\/2176"}],"wp:attachment":[{"href":"https:\/\/www.salvatorianas.org.br\/blog\/wp-json\/wp\/v2\/media?parent=1769"}],"wp:term":[{"taxonomy":"category","embeddable":true,"href":"https:\/\/www.salvatorianas.org.br\/blog\/wp-json\/wp\/v2\/categories?post=1769"},{"taxonomy":"post_tag","embeddable":true,"href":"https:\/\/www.salvatorianas.org.br\/blog\/wp-json\/wp\/v2\/tags?post=1769"}],"curies":[{"name":"wp","href":"https:\/\/api.w.org\/{rel}","templated":true}]}}