{"id":1748,"date":"2015-09-25T00:00:00","date_gmt":"2015-09-25T00:00:00","guid":{"rendered":"https:\/\/www.salvatorianas.org.br\/blog\/dia-de-luta-contra-a-exploracao-sexual-e-o-trafico-de-mulheres-e-criancas-em-lages-sc\/"},"modified":"2015-09-25T00:00:00","modified_gmt":"2015-09-25T00:00:00","slug":"dia-de-luta-contra-a-exploracao-sexual-e-o-trafico-de-mulheres-e-criancas-em-lages-sc","status":"publish","type":"post","link":"https:\/\/www.salvatorianas.org.br\/blog\/dia-de-luta-contra-a-exploracao-sexual-e-o-trafico-de-mulheres-e-criancas-em-lages-sc\/","title":{"rendered":"Dia de luta contra a explora\u00e7\u00e3o sexual e o tr\u00e1fico de mulheres e crian\u00e7as em Lages\/SC"},"content":{"rendered":"<p style=\"text-align: justify;\">[imagem28]<\/p>\n<p style=\"text-align: justify;\">Nesta semana que marca o dia mundial de luta contra a explora&ccedil;&atilde;o sexual e o tr&aacute;fico de mulheres e crian&ccedil;as (23\/09), &nbsp;a Rede um Grito pela vida da Confer&ecirc;ncia dos Religiosos do Brasil, em parceria com diversas organiza&ccedil;&otilde;es &nbsp;de Lages\/SC (Centro de Direitos Humanos Ir. Jandira Bettoni, CEBs, GECAL\/UNIPLAC, Soroptimistas, &nbsp;Frente Parlamentar pelo Fim da Viol&ecirc;ncia contra a Mulher, &nbsp;F&oacute;rum Catarinense de Explora&ccedil;&atilde;o Sexual infanto-juvenil e Secretaria de Assist&ecirc;ncia Social) realizou ontem, dia 24\/09, data estabelecido pela Lei Municipal N&ordm; 3981\/2013, Dia Municipal de combate a Viol&ecirc;ncia e Explora&ccedil;&atilde;o Sexual Infanto-juvenil, uma panfletagem no centro da cidade com o objetivo de conscientizar a popula&ccedil;&atilde;o sobre essa chaga alarmante do s&eacute;culo 21.<\/p>\n<p style=\"text-align: justify;\">Agradecemos as crian&ccedil;as e educadores da &nbsp;Escola Estadual &nbsp;Zulmira, do bairro Popular que abrilhantou atraves de m&uacute;sicas e coreografias.&nbsp;<\/p>\n<h6 style=\"text-align: justify;\">Seguem alguns dados alarmantes dessa triste situa&ccedil;&atilde;o:<\/h6>\n<ul style=\"list-style-type: square; text-align: justify;\">\n<li style=\"text-align: justify;\">A cada hora, 228 crian&ccedil;as, em especial meninas, s&atilde;o exploradas sexualmente em pa&iacute;ses da Am&eacute;rica Latina e do Caribe. (ONU)<\/li>\n<li style=\"text-align: justify;\">O Tr&aacute;fico de pessoas para explora&ccedil;&atilde;o sexual perde em rentabilidade apenas para a ind&uacute;stria das armas e do narcotr&aacute;fico. (ONU)<\/li>\n<li style=\"text-align: justify;\">A explora&ccedil;&atilde;o sexual representa 53% dos casos de Tr&aacute;fico de Pessoas no mundo. (OIT)<\/li>\n<li style=\"text-align: justify;\">Segundo o Disque 100, a cada hora, quase tr&ecirc;s den&uacute;ncias de abuso e explora&ccedil;&atilde;o sexual de crian&ccedil;as e adolescentes foram registradas no pa&iacute;s ao longo de 2014.<\/li>\n<li style=\"text-align: justify;\">&nbsp;Cerca de 4.500 den&uacute;ncias de viol&ecirc;ncia sexual contra crian&ccedil;as e adolescentes foram registradas no primeiro trimestre de 2015. (SDH\/GOV)<\/li>\n<li style=\"text-align: justify;\">&#8220;Para cada viol&ecirc;ncia denunciada, existem 10 n&atilde;o denunciadas.&#8221; (SSPDS-CE)<\/li>\n<li style=\"text-align: justify;\">Foram mapeados um total de 1.969 pontos vulner&aacute;veis &agrave; Explora&ccedil;&atilde;o Sexual de Crian&ccedil;as e Adolescentes nas rodovias federais, sendo 566 considerados pontos cr&iacute;ticos e 538 com alto risco. (Mapeamento OIT, Childhood Brasil, SDH\/PR e MPT)<\/li>\n<li style=\"text-align: justify;\">A explora&ccedil;&atilde;o sexual mercantiliza vidas por meio de redes de prostitui&ccedil;&atilde;o, pornografia, redes de tr&aacute;fico e turismo sexual.<\/li>\n<li style=\"text-align: justify;\">&nbsp;<\/li>\n<li style=\"text-align: justify;\">Uma em cada 14 mulheres j&aacute; foi &ndash; ao menos uma vez em sua vida &ndash; v&iacute;tima de abuso sexual por algu&eacute;m que n&atilde;o &eacute; seu parceiro. (Segundo estudo realizado em 56 pa&iacute;ses)<\/li>\n<li style=\"text-align: justify;\">As ra&iacute;zes da viol&ecirc;ncia contra as mulheres decorrem da discrimina&ccedil;&atilde;o persistente contra as mulheres&rdquo;, afirma a ONU.<\/li>\n<li style=\"text-align: justify;\">Dados da Organiza&ccedil;&atilde;o das Na&ccedil;&otilde;es Unidas (ONU) apontam para uma situa&ccedil;&atilde;o mais sombria se for levado em considera&ccedil;&atilde;o o n&uacute;mero de mulheres v&iacute;timas de viol&ecirc;ncia em geral. Cerca de 70% das mulheres do mundo sofrem algum tipo de viol&ecirc;ncia no decorrer de sua vida, diz a organiza&ccedil;&atilde;o. Em todo o mundo, uma em cada cinco mulheres ser&aacute; v&iacute;tima de estupro ou tentativa de estupro, calcula a ONU.<\/li>\n<li style=\"text-align: justify;\">A viol&ecirc;ncia sexual contra as mulheres &eacute; vista como uma quest&atilde;o de sa&uacute;de p&uacute;blica no mundo. Mulheres com idades entre 15 e 44 anos correm mais risco de serem estupradas e espancadas do que de sofrer de c&acirc;ncer ou acidentes de carro.<\/li>\n<li style=\"text-align: justify;\">Situa&ccedil;&atilde;o nacional &#8211; No Brasil, a situa&ccedil;&atilde;o tamb&eacute;m &eacute; alarmante. Uma pesquisa do Instituto de Pesquisa Econ&ocirc;mica Aplicada (Ipea) divulgado em 2013 estima que o Brasil registrou entre 2009 e 2011 quase 17 mil mortes de mulheres por conflito de g&ecirc;nero, o chamado feminic&iacute;dio, que acontece pelo fato de ser mulher. Ou seja, 5.664 mulheres s&atilde;o assassinadas de forma violentada por ano ou uma a cada 90 minutos.<\/li>\n<\/ul>\n<p style=\"text-align: justify;\">&Eacute; preciso lutar por pol&iacute;ticas p&uacute;blicas voltadas para a preven&ccedil;&atilde;o e enfrentamento do Tr&aacute;fico de Pessoas, que apresenta como uma de suas modalidades a Explora&ccedil;&atilde;o Sexual.<\/p>\n<p style=\"text-align: justify;\">Falta informa&ccedil;&atilde;o para que a popula&ccedil;&atilde;o possa entender, identificar e denunciar a explora&ccedil;&atilde;o sexual e o Tr&aacute;fico de Pessoas.<\/p>\n<h6 style=\"text-align: justify;\">Entre conosco nesta luta! Mude esta realidade. Disque 100 ou 180.<\/h6>\n<p style=\"text-align: justify;\"><img decoding=\"async\" loading=\"lazy\" src=\"http:\/\/fentac.org.br\/files\/thumb_grd\/ligue180_not1206.jpg\" alt=\"\" width=\"400\" height=\"273\" \/><\/p>\n<p><img decoding=\"async\" loading=\"lazy\" src=\"http:\/\/redejovemhits.com.br\/wp\/wp-content\/uploads\/2015\/07\/disque100.png\" alt=\"\" width=\"400\" height=\"281\" \/><\/p>\n<p style=\"text-align: justify;\">&nbsp;<\/p>\n<p><strong>Confira mais fotos na galeria abaixo!<\/strong><\/p>\n","protected":false},"excerpt":{"rendered":"<p>[imagem28] Nesta semana que marca o dia mundial de luta contra a explora&ccedil;&atilde;o sexual e o tr&aacute;fico de mulheres e crian&ccedil;as (23\/09), &nbsp;a Rede um Grito pela vida da Confer&ecirc;ncia dos Religiosos do&#8230;<\/p>\n","protected":false},"author":1,"featured_media":2127,"comment_status":"open","ping_status":"open","sticky":false,"template":"","format":"standard","meta":[],"categories":[1],"tags":[],"_links":{"self":[{"href":"https:\/\/www.salvatorianas.org.br\/blog\/wp-json\/wp\/v2\/posts\/1748"}],"collection":[{"href":"https:\/\/www.salvatorianas.org.br\/blog\/wp-json\/wp\/v2\/posts"}],"about":[{"href":"https:\/\/www.salvatorianas.org.br\/blog\/wp-json\/wp\/v2\/types\/post"}],"author":[{"embeddable":true,"href":"https:\/\/www.salvatorianas.org.br\/blog\/wp-json\/wp\/v2\/users\/1"}],"replies":[{"embeddable":true,"href":"https:\/\/www.salvatorianas.org.br\/blog\/wp-json\/wp\/v2\/comments?post=1748"}],"version-history":[{"count":0,"href":"https:\/\/www.salvatorianas.org.br\/blog\/wp-json\/wp\/v2\/posts\/1748\/revisions"}],"wp:featuredmedia":[{"embeddable":true,"href":"https:\/\/www.salvatorianas.org.br\/blog\/wp-json\/wp\/v2\/media\/2127"}],"wp:attachment":[{"href":"https:\/\/www.salvatorianas.org.br\/blog\/wp-json\/wp\/v2\/media?parent=1748"}],"wp:term":[{"taxonomy":"category","embeddable":true,"href":"https:\/\/www.salvatorianas.org.br\/blog\/wp-json\/wp\/v2\/categories?post=1748"},{"taxonomy":"post_tag","embeddable":true,"href":"https:\/\/www.salvatorianas.org.br\/blog\/wp-json\/wp\/v2\/tags?post=1748"}],"curies":[{"name":"wp","href":"https:\/\/api.w.org\/{rel}","templated":true}]}}