{"id":1700,"date":"2015-10-06T00:00:00","date_gmt":"2015-10-06T00:00:00","guid":{"rendered":"https:\/\/www.salvatorianas.org.br\/blog\/novicas-agradecem-pela-experiencia-apostolica-formativa\/"},"modified":"2015-10-06T00:00:00","modified_gmt":"2015-10-06T00:00:00","slug":"novicas-agradecem-pela-experiencia-apostolica-formativa","status":"publish","type":"post","link":"https:\/\/www.salvatorianas.org.br\/blog\/novicas-agradecem-pela-experiencia-apostolica-formativa\/","title":{"rendered":"Novi\u00e7as agradecem pela Experi\u00eancia Apost\u00f3lica Formativa"},"content":{"rendered":"<p style=\"text-align: justify;\">[imagem2]<\/p>\n<p style=\"text-align: justify;\">&nbsp;<\/p>\n<p style=\"text-align: justify;\">Durante os meses de fevereiro a setembro de 2015, as novi&ccedil;as das Prov&iacute;ncias da Col&ocirc;mbia, Brasil\/SP e Brasil\/SC, participaram da segunda edi&ccedil;&atilde;o do Projeto de Colabora&ccedil;&atilde;o Continental na Forma&ccedil;&atilde;o: <strong>Experi&ecirc;ncia Apost&oacute;lica formativa 2&ordm; ano de Noviciado<\/strong>. Esta experi&ecirc;ncia realizou-se nos diferentes espa&ccedil;os de miss&atilde;o das Irm&atilde;s Salvatorianas da Prov&iacute;ncia Santa Catarina. Confira o agradecimento das novi&ccedil;as pela experi&ecirc;ncia vivida.<\/p>\n<p style=\"text-align: center;\"><strong>&nbsp;<\/strong><\/p>\n<p style=\"text-align: center;\"><strong>&ldquo;O valor da miss&atilde;o n&atilde;o est&aacute; no tempo que dura, mas na intensidade vivenciada, isso porque h&aacute; momentos inesquec&iacute;veis, coisas inexplic&aacute;veis e pessoas incompar&aacute;veis&rdquo;.&nbsp;<\/strong>Joana Orlando, Novi&ccedil;a SDS<\/p>\n<p style=\"text-align: justify;\">&nbsp;<\/p>\n<p style=\"text-align: justify;\">Queridas Irm&atilde;s, recebam nossas sauda&ccedil;&otilde;es fraternais e nosso desejo que a alegria de ser testemunhas do Amor e seguidoras do Divino Salvador&nbsp; inunde seus cora&ccedil;&otilde;es e as acompanhe na miss&atilde;o confiada.<\/p>\n<p style=\"text-align: justify;\">Realmente as palavras n&atilde;o s&atilde;o suficientes para expressar a grandeza deste tempo que para n&oacute;s foi de gra&ccedil;a, pois s&atilde;o muitos os momentos que est&atilde;o guardados no &iacute;ntimo de nosso cora&ccedil;&atilde;o. Portanto, queremos agradecer a uni&atilde;o entre as Prov&iacute;ncias S&atilde;o Paulo, Santa Catarina e Col&ocirc;mbia, que fizeram o poss&iacute;vel para acontecer esta <strong>Experi&ecirc;ncia Apost&oacute;lica do 2&ordm; ano de Noviciado Continental das Am&eacute;ricas<\/strong>.<\/p>\n<p style=\"text-align: justify;\">Com estes sentimentos de gratid&atilde;o, partilhamos com voc&ecirc;s que, na alegria da miss&atilde;o, fomos enviadas a diferentes lugares do Brasil: Videira\/SC, S&atilde;o Miguel do Oeste\/SC, Duque Bacelar\/MA e Xique-Xique\/BA, espa&ccedil;os estes de miss&atilde;o da Prov&iacute;ncia Santa Catarina, onde pudemos realizar nossa experi&ecirc;ncia apost&oacute;lica. Nestas cidades, fomos inseridas nas comunidades apost&oacute;licas e gradativamente conseguimos nos integrar e&nbsp;&nbsp; unir-nos aos trabalhos de nossas&nbsp; Irm&atilde;s Salvatorianas, o que enriqueceu-nos e levou-nos a compartilhar a vida e envolver-nos ainda mais com o an&uacute;ncio do Evangelho.<\/p>\n<p style=\"text-align: justify;\">Sentimos que estes meses de experi&ecirc;ncia que vivenciamos juntas,&nbsp; nos ajudaram a fortalecer nosso esp&iacute;rito mission&aacute;rio salvatoriano,&nbsp; cultivar a nossa vida de ora&ccedil;&atilde;o, vivenciar mais nosso ser salvatoriano e perceber as diferentes realidades e necessidades que as pessoas vivem no dia a dia. Embora tenhamos passado por momentos de dificuldades, confrontos pessoais e comunit&aacute;rios, que tamb&eacute;m fazem parte da nossa caminhada de pessoas consagradas, conseguimos superar e aprender com essas situa&ccedil;&otilde;es. N&atilde;o podemos deixar de expressar a riqueza que fica deste tempo, os la&ccedil;os de amizade, partilha de cultura, costumes, de sonhos, esperan&ccedil;as, perspectivas, escuta e por isso, constatamos que os esfor&ccedil;os de ter este Projeto de Colabora&ccedil;&atilde;o Continental na Forma&ccedil;&atilde;o vale a pena e confirma a for&ccedil;a de nosso esp&iacute;rito de universalidade. &nbsp;<\/p>\n<p style=\"text-align: justify;\">Por tudo isso, queremos dar gra&ccedil;as primeiro a Deus que nos chamou e deu a as for&ccedil;as para responder a esta experi&ecirc;ncia e, a cada uma das Irm&atilde;s que nos acompanharam de perto e tamb&eacute;m, aquelas que nos fortaleceram com suas ora&ccedil;&otilde;es. Pedimos que Jesus Salvador continue aben&ccedil;oando o empenho e a dedica&ccedil;&atilde;o de cada Prov&iacute;ncia no servi&ccedil;o doado.<\/p>\n<p style=\"text-align: right;\">Com carinho, Novi&ccedil;as Emirian, Mayra, Joana, J&eacute;ssica e Marby.<\/p>\n<p style=\"text-align: right;\">&nbsp;<\/p>\n<p style=\"text-align: right;\">&nbsp;<\/p>\n","protected":false},"excerpt":{"rendered":"<p>[imagem2] &nbsp; Durante os meses de fevereiro a setembro de 2015, as novi&ccedil;as das Prov&iacute;ncias da Col&ocirc;mbia, Brasil\/SP e Brasil\/SC, participaram da segunda edi&ccedil;&atilde;o do Projeto de Colabora&ccedil;&atilde;o Continental na Forma&ccedil;&atilde;o: Experi&ecirc;ncia Apost&oacute;lica&#8230;<\/p>\n","protected":false},"author":1,"featured_media":1877,"comment_status":"open","ping_status":"open","sticky":false,"template":"","format":"standard","meta":[],"categories":[1],"tags":[],"_links":{"self":[{"href":"https:\/\/www.salvatorianas.org.br\/blog\/wp-json\/wp\/v2\/posts\/1700"}],"collection":[{"href":"https:\/\/www.salvatorianas.org.br\/blog\/wp-json\/wp\/v2\/posts"}],"about":[{"href":"https:\/\/www.salvatorianas.org.br\/blog\/wp-json\/wp\/v2\/types\/post"}],"author":[{"embeddable":true,"href":"https:\/\/www.salvatorianas.org.br\/blog\/wp-json\/wp\/v2\/users\/1"}],"replies":[{"embeddable":true,"href":"https:\/\/www.salvatorianas.org.br\/blog\/wp-json\/wp\/v2\/comments?post=1700"}],"version-history":[{"count":0,"href":"https:\/\/www.salvatorianas.org.br\/blog\/wp-json\/wp\/v2\/posts\/1700\/revisions"}],"wp:featuredmedia":[{"embeddable":true,"href":"https:\/\/www.salvatorianas.org.br\/blog\/wp-json\/wp\/v2\/media\/1877"}],"wp:attachment":[{"href":"https:\/\/www.salvatorianas.org.br\/blog\/wp-json\/wp\/v2\/media?parent=1700"}],"wp:term":[{"taxonomy":"category","embeddable":true,"href":"https:\/\/www.salvatorianas.org.br\/blog\/wp-json\/wp\/v2\/categories?post=1700"},{"taxonomy":"post_tag","embeddable":true,"href":"https:\/\/www.salvatorianas.org.br\/blog\/wp-json\/wp\/v2\/tags?post=1700"}],"curies":[{"name":"wp","href":"https:\/\/api.w.org\/{rel}","templated":true}]}}