{"id":1664,"date":"2015-10-14T00:00:00","date_gmt":"2015-10-14T00:00:00","guid":{"rendered":"https:\/\/www.salvatorianas.org.br\/blog\/sinodo-grande-atencao-as-familias-com-dificuldades\/"},"modified":"2015-10-14T00:00:00","modified_gmt":"2015-10-14T00:00:00","slug":"sinodo-grande-atencao-as-familias-com-dificuldades","status":"publish","type":"post","link":"https:\/\/www.salvatorianas.org.br\/blog\/sinodo-grande-atencao-as-familias-com-dificuldades\/","title":{"rendered":"S\u00ednodo: grande aten\u00e7\u00e3o \u00e0s fam\u00edlias com dificuldades"},"content":{"rendered":"<p style=\"text-align: justify;\">[imagem1]<\/p>\n<p style=\"text-align: justify;\">&nbsp;<\/p>\n<p style=\"text-align: justify;\">&ldquo;A maioria dos participantes do S&iacute;nodo sobre a Fam&iacute;lia julga necess&aacute;rio encontrar solu&ccedil;&otilde;es a respeito dos sacramentos para os divorciados recasados&rdquo; e &ldquo;embora os bispos estejam ainda divididos sobre este tema, a novidade &eacute; que a maior parte da Assembleia concordou que &lsquo;n&atilde;o fazer nada ou mudar tudo&rsquo; n&atilde;o s&atilde;o posturas representativas ou realistas&rdquo;. <br \/>Foi o que adiantou padre Federico Lombardi na coletiva aos jornalistas encarregados da cobertura do S&iacute;nodo dos Bispos, na Sala de Imprensa do Vaticano. <br \/><strong><br \/>Divorciados e recasados<\/strong><\/p>\n<p style=\"text-align: justify;\">Os 270 padres sinodais, cardeais, bispos e sacerdotes que participam da Asseembleia come&ccedil;aram a debater sobre a terceira parte do &#8220;Instrumentus Laboris&#8221; (documento de base), que inclui a quest&atilde;o dos divorciados que contra&iacute;ram novo matrim&ocirc;nio. <\/p>\n<p>Alguns explicaram que apesar de mudar a doutrina n&atilde;o ser poss&iacute;vel, se pode conjugar &lsquo;verdade e miseric&oacute;rdia&rsquo; e estudar &lsquo;solu&ccedil;&otilde;es e caminhos pastorais&rsquo; para os divorciados que se recasaram civilmente. Outros, no entanto, expressaram uma posi&ccedil;&atilde;o &lsquo;negativa&rsquo; sobre dar a comunh&atilde;o a estes fi&eacute;is. <\/p>\n<p>Padre Lombardi explicou que este tema foi abordado na sess&atilde;o de s&aacute;bado: <br \/>&ldquo;Alguns pronunciamentos &ndash; poucos &ndash; eram contr&aacute;rios; mas &eacute; preciso lembrar que isto era sempre no contexto da aten&ccedil;&atilde;o da Igreja por todas as pessoas que se encontram em situa&ccedil;&otilde;es dif&iacute;ceis e que &eacute; necess&aacute;rio encontrar tamb&eacute;m maneiras para lhes fazer sentir integrados na vida da Igreja, e a proximidade da Igreja&rdquo;. <br \/><strong><br \/>Blog e presum&iacute;vel carta com cr&iacute;ticas<\/strong><br \/>Sobre as divis&otilde;es entre os participantes, um blog de informa&ccedil;&atilde;o religiosa publicou uma carta que treze cardeais teriam enviado ao papa denunciando que a metodologia utilizada no S&iacute;nodo &eacute; intencionalmente &lsquo;pilotada&rsquo; para que seja dominado pelo problema teol&oacute;gico\/doutrinal da comunh&atilde;o aos divorciados que se recasaram. <\/p>\n<p>O diretor da Sala de Imprensa n&atilde;o quis comentar a exist&ecirc;ncia do documento, mas fez notar que alguns cardeais (presumivelmente) signat&aacute;rios desmentiram ter participado da reda&ccedil;&atilde;o desta carta. <\/p>\n<p><strong>Relatio Finalis<\/strong><br \/>Enfim, o sacerdote esclareceu que a respeito do documento final, a &#8220;Relatio Finalis&#8221; que os padres sinodais dever&atilde;o votar com suas propostas sobre a fam&iacute;lia no pr&oacute;ximo dia 24 de outubro, ser&aacute; o Papa a decidir se public&aacute;-lo ou n&atilde;o. <\/p>\n<p>&ldquo;O que hoje n&atilde;o sabemos ainda com certeza &eacute; o que o Papa decidir&aacute; sobre a Relatio. Ele pode fazer como ano passado e ordenar a sua publica&ccedil;&atilde;o imediata; ou dizer aos padres sinodais: &lsquo;Obrigada, eu a tenho para mim e fa&ccedil;o uma Exorta&ccedil;&atilde;o Apost&oacute;lica&rsquo;. Pode tamb&eacute;m receber, refletir e public&aacute;-la depois de alguns dias&rdquo;.<\/p>\n<p>No S&iacute;nodo extraordin&aacute;rio sobre o mesmo tema, em outubro de 2014, Francisco decidiu publicar o documento.<\/p>\n<p style=\"text-align: justify;\"><em>Fonte: R&aacute;dio Vaticano<\/em><\/p>\n","protected":false},"excerpt":{"rendered":"<p>[imagem1] &nbsp; &ldquo;A maioria dos participantes do S&iacute;nodo sobre a Fam&iacute;lia julga necess&aacute;rio encontrar solu&ccedil;&otilde;es a respeito dos sacramentos para os divorciados recasados&rdquo; e &ldquo;embora os bispos estejam ainda divididos sobre este tema,&#8230;<\/p>\n","protected":false},"author":1,"featured_media":1849,"comment_status":"open","ping_status":"open","sticky":false,"template":"","format":"standard","meta":[],"categories":[1],"tags":[],"_links":{"self":[{"href":"https:\/\/www.salvatorianas.org.br\/blog\/wp-json\/wp\/v2\/posts\/1664"}],"collection":[{"href":"https:\/\/www.salvatorianas.org.br\/blog\/wp-json\/wp\/v2\/posts"}],"about":[{"href":"https:\/\/www.salvatorianas.org.br\/blog\/wp-json\/wp\/v2\/types\/post"}],"author":[{"embeddable":true,"href":"https:\/\/www.salvatorianas.org.br\/blog\/wp-json\/wp\/v2\/users\/1"}],"replies":[{"embeddable":true,"href":"https:\/\/www.salvatorianas.org.br\/blog\/wp-json\/wp\/v2\/comments?post=1664"}],"version-history":[{"count":0,"href":"https:\/\/www.salvatorianas.org.br\/blog\/wp-json\/wp\/v2\/posts\/1664\/revisions"}],"wp:featuredmedia":[{"embeddable":true,"href":"https:\/\/www.salvatorianas.org.br\/blog\/wp-json\/wp\/v2\/media\/1849"}],"wp:attachment":[{"href":"https:\/\/www.salvatorianas.org.br\/blog\/wp-json\/wp\/v2\/media?parent=1664"}],"wp:term":[{"taxonomy":"category","embeddable":true,"href":"https:\/\/www.salvatorianas.org.br\/blog\/wp-json\/wp\/v2\/categories?post=1664"},{"taxonomy":"post_tag","embeddable":true,"href":"https:\/\/www.salvatorianas.org.br\/blog\/wp-json\/wp\/v2\/tags?post=1664"}],"curies":[{"name":"wp","href":"https:\/\/api.w.org\/{rel}","templated":true}]}}