{"id":16606,"date":"2021-09-08T15:52:33","date_gmt":"2021-09-08T15:52:33","guid":{"rendered":"https:\/\/www.salvatorianas.org.br\/blog\/?p=16606"},"modified":"2021-09-08T15:54:37","modified_gmt":"2021-09-08T15:54:37","slug":"familia-salvatoriana-celebra-a-pascoa-eterna-do-seu-fundador","status":"publish","type":"post","link":"https:\/\/www.salvatorianas.org.br\/blog\/familia-salvatoriana-celebra-a-pascoa-eterna-do-seu-fundador\/","title":{"rendered":"Fam\u00edlia Salvatoriana celebra a p\u00e1scoa eterna do seu fundador"},"content":{"rendered":"\n<p><strong>&#8220;N\u00e3o Sossegueis at\u00e9 que todos conhe\u00e7am, amem e sirvam a Jesus, o Salvador\u201d<\/strong>, dizia o Bem-aventurado Francisco Jordan, fundador da Fam\u00edlia Salvatoriana que hoje, dia 08 de setembro, recorda os 103 anos da sua morte\/ressurrei\u00e7\u00e3o, dia da Festa da Natividade de Nossa Senhora.<\/p>\n\n\n\n<p>O Bem-aventurado Francisco Jordan nasceu aos 16 de junho de\n1848 em Gurtweil, na Arquidiocese de Freiburg, na Alemanha, filho de Lorenzo e\nNotburga Jordan. Devido \u00e0 incapacidade de seu pai no&nbsp; trabalho, Jo\u00e3o Batista teve que, ap\u00f3s o\nensino fundamental, contribuir com seu trabalho para a manuten\u00e7\u00e3o da fam\u00edlia.<\/p>\n\n\n\n<p>Querendo seguir sua voca\u00e7\u00e3o sacerdotal, j\u00e1 maior de idade,\nele come\u00e7ou seus estudos, frequentando por quatro anos o gin\u00e1sio-m\u00e9dio de\nConstan\u00e7a, e com estudos em filosofia e teologia na Universidade de Freiburg.\nAos 30 anos, em 21 de julho de 1878, foi ordenado sacerdote. Seu bispo o enviou\na Roma para o estudo das l\u00ednguas orientais, no Instituto S. Apollinario. De\nRoma viajou para a Terra Santa e estudou em Ain Warqa, um centro Maronita&nbsp; de estudos, no L\u00edbano (1880). Na Terra Santa\nele teve uma clara ideia da voca\u00e7\u00e3o para fundar uma obra apost\u00f3lica com o\nobjetivo de tornar conhecido o \u00fanico Deus verdadeiro que se revelou em seu\nFilho, Jesus Cristo, Salvador do mundo. <\/p>\n\n\n\n<p>Ele buscou conselhos e apoio em pessoas competentes e\nespirituais. Ele tamb\u00e9m se sentiu encorajado pela audi\u00eancia privada que teve\ncom Leo XIII. Em 8 de dezembro de 1881, o Padre Francisco Jordan fundou a\nSociedade Apost\u00f3lica Instrutiva na capela de Sta. Br\u00edgida em Roma. A pedido eclesi\u00e1stico,\nmudou o nome da Sociedade para Sociedade Instrutiva Cat\u00f3lica e, finalmente,\npara Sociedade do Divino Salvador (Salvatorianos). <\/p>\n\n\n\n<p>Dois anos depois, ele come\u00e7ou uma comunidade feminina, que\nlogo se tornou uma congrega\u00e7\u00e3o completamente independente de seu trabalho\napost\u00f3lico (Congrega\u00e7\u00e3o das Irm\u00e3s de N. Sra. das Dores (Doloratas)). Em 8 de\ndezembro de 1888, com a ajuda de Teresa Von W\u00fcllenweber, hoje Bem-aventurada\nMaria dos Ap\u00f3stolos, fundou a Congrega\u00e7\u00e3o das Irm\u00e3s do Divino Salvador em T\u00edvoli,\nperto de Roma. De acordo com sua inspira\u00e7\u00e3o original, ele tamb\u00e9m conseguiu\nreunir v\u00e1rios grupos crescentes de leigos, interessados em realizar a mesma\nmiss\u00e3o apost\u00f3lica, na Igreja. <\/p>\n\n\n\n<p>Motivado por seu ardente zelo apost\u00f3lico e a determina\u00e7\u00e3o de\nusar todos os meios e modos que o amor de Cristo inspirar, para alcan\u00e7ar o\nprop\u00f3sito de sua funda\u00e7\u00e3o, logo come\u00e7ou novos apostolados e seu Instituto come\u00e7ou\na crescer. J\u00e1 em 1890, a Congrega\u00e7\u00e3o da Propaganda Fide confiou-lhe a\nprefeitura apost\u00f3lica da miss\u00e3o em Assam, no nordeste da \u00cdndia. Mais tarde, o\ntrabalho apost\u00f3lico do Padre Francisco Jordan teve in\u00edcio em v\u00e1rios pa\u00edses da\nEuropa e nas Am\u00e9ricas.<\/p>\n\n\n\n<p>Em 1905, o ramo masculino recebeu o Decretum Laudis e em\n1911 a aprova\u00e7\u00e3o final. No mesmo ano, o ramo feminino tamb\u00e9m recebeu o Decretum\nLaudis e, posteriormente, em 1926, aprova\u00e7\u00e3o final. Em 1915, quando a Primeira\nGuerra Mundial se intensificou, o governo da Sociedade teve que se mudar para a\nSu\u00ed\u00e7a. O Servo de Deus morreu aos 8 de setembro de 1918 em Tafers, perto de\nFreiburg, Su\u00ed\u00e7a, e foi sepultado, por ordem do bispo diocesano, na igreja\nparoquial. Em 1956 seus restos mortais foram transladados para Roma e colocados\nna capela lateral da Casa M\u00e3e da Sociedade do Divino Salvador. <\/p>\n\n\n\n<p>Seu processo de beatifica\u00e7\u00e3o foi iniciado em Roma em 1942; e\no Padre Francesco Jordan foi declarado Vener\u00e1vel em 14 de janeiro de 2011 pelo\nPapa Bento XVI, e o decreto do milagre foi aprovado em 19 de junho de 2020, por\nS.S. Francisco. No dia 15 de maio de 2021, na Bas\u00edlica S\u00e3o Jo\u00e3o de Latr\u00e3o, em\nRoma. A Fam\u00edlia Salvatoriana em todo o mundo e toda a Igreja acompanharam a\ncerim\u00f4nia presidida pelo cardeal, vig\u00e1rio do Papa Francisco para a Diocese de\nRoma, Angelo de Donatis.<\/p>\n\n\n\n<p>Nesta data memor\u00e1vel, queremos convidar a todos a recitar o\npoema:<\/p>\n\n\n\n<h3 class=\"wp-block-heading\"><strong>O IDEAL DO BEM-AVENTURADO FRANCISCO JORDAN<\/strong><\/h3>\n\n\n\n<figure class=\"wp-block-image\"><img decoding=\"async\" loading=\"lazy\" width=\"708\" height=\"610\" src=\"https:\/\/www.salvatorianas.org.br\/blog\/wp-content\/uploads\/2021\/09\/201375501_4749371981746439_5249314585791951546_n.jpg\" alt=\"\" class=\"wp-image-16610\" srcset=\"https:\/\/www.salvatorianas.org.br\/blog\/wp-content\/uploads\/2021\/09\/201375501_4749371981746439_5249314585791951546_n.jpg 708w, https:\/\/www.salvatorianas.org.br\/blog\/wp-content\/uploads\/2021\/09\/201375501_4749371981746439_5249314585791951546_n-300x258.jpg 300w\" sizes=\"(max-width: 708px) 100vw, 708px\" \/><\/figure>\n\n\n\n<p><\/p>\n\n\n\n<p>Uma palavra nobre, gratid\u00e3o, <br>Que surge no cora\u00e7\u00e3o <br>Da Fam\u00edlia Salvatoriana, <br>Ao contemplar a vida de Jordan, <br>Vida de total entrega e doa\u00e7\u00e3o, <br>Nos rejubilemos por sua beatifica\u00e7\u00e3o!<\/p>\n\n\n\n<p>Dedicar sua vida <br>Com estimado valor <br>Em sua intensa espiritualidade   <br>Uma heran\u00e7a nos deixou:<br>Fazer Jesus ser conhecido e amado <br>E em meio aos povos, proclamado <br>Na congrega\u00e7\u00e3o do Divino Salvador.   <\/p>\n\n\n\n<p>Em seu nome ele traz <br>O essencial de todo crist\u00e3o:<br>Tem Francisco como exemplo <br>De acolhida ao irm\u00e3o,<br>Traz o nome de Maria<br>Que inspira e que nos guia<br>Com especial devo\u00e7\u00e3o.<\/p>\n\n\n\n<p>Pela Cruz ele nos mostra<br>O jeito certo de amar<br>Dar a vida pelo irm\u00e3o <br>Quando Jesus anunciar;<br>Jo\u00e3o Batista ele nasceu<br>Mas Padre Jordan Deus escolheu<br>O nome que o mundo iria chamar<\/p>\n\n\n\n<p>Confiar \u00e9 reconhecer a vulnerabilidade<br>\u00c9 um sentimento que Jordan experimentou <br>Frente os desafios da sua realidade <br>Acreditando e esperando sempre no Salvador. <br>Que esta confian\u00e7a inabal\u00e1vel <br>Brote em cada uma de n\u00f3s o vigor.<\/p>\n\n\n\n<p>O seu desejo e inspira\u00e7\u00e3o original<br>Era envolver todos na miss\u00e3o<br>Motivado por um amor universal <br>Utilizou todos os meios de transmiss\u00e3o <br>Anunciar o Salvador era o seu ideal<br>E torn\u00e1-lo conhecido aos irm\u00e3os.<br><\/p>\n\n\n\n<p>A espl\u00eandida alegria da beatifica\u00e7\u00e3o,<br>Que em cada cora\u00e7\u00e3o vibrou,<br>Seja para n\u00f3s inspira\u00e7\u00e3o, <br>A vida daquele que tanto amou,<br>Que ele conceda a sua ben\u00e7\u00e3o,<br>\u00c0 fam\u00edlia do Divino Salvador. <\/p>\n\n\n\n<p style=\"text-align:right\">Autoria: Comunidade Maria dos Ap\u00f3stolos\/CE<br><\/p>\n","protected":false},"excerpt":{"rendered":"<p>&#8220;N\u00e3o Sossegueis at\u00e9 que todos conhe\u00e7am, amem e sirvam a Jesus, o Salvador\u201d, dizia o Bem-aventurado Francisco Jordan, fundador da Fam\u00edlia Salvatoriana que hoje, dia 08 de setembro, recorda os 103 anos da&#8230;<\/p>\n","protected":false},"author":2,"featured_media":16607,"comment_status":"open","ping_status":"open","sticky":false,"template":"","format":"standard","meta":[],"categories":[40,1],"tags":[],"_links":{"self":[{"href":"https:\/\/www.salvatorianas.org.br\/blog\/wp-json\/wp\/v2\/posts\/16606"}],"collection":[{"href":"https:\/\/www.salvatorianas.org.br\/blog\/wp-json\/wp\/v2\/posts"}],"about":[{"href":"https:\/\/www.salvatorianas.org.br\/blog\/wp-json\/wp\/v2\/types\/post"}],"author":[{"embeddable":true,"href":"https:\/\/www.salvatorianas.org.br\/blog\/wp-json\/wp\/v2\/users\/2"}],"replies":[{"embeddable":true,"href":"https:\/\/www.salvatorianas.org.br\/blog\/wp-json\/wp\/v2\/comments?post=16606"}],"version-history":[{"count":3,"href":"https:\/\/www.salvatorianas.org.br\/blog\/wp-json\/wp\/v2\/posts\/16606\/revisions"}],"predecessor-version":[{"id":16612,"href":"https:\/\/www.salvatorianas.org.br\/blog\/wp-json\/wp\/v2\/posts\/16606\/revisions\/16612"}],"wp:featuredmedia":[{"embeddable":true,"href":"https:\/\/www.salvatorianas.org.br\/blog\/wp-json\/wp\/v2\/media\/16607"}],"wp:attachment":[{"href":"https:\/\/www.salvatorianas.org.br\/blog\/wp-json\/wp\/v2\/media?parent=16606"}],"wp:term":[{"taxonomy":"category","embeddable":true,"href":"https:\/\/www.salvatorianas.org.br\/blog\/wp-json\/wp\/v2\/categories?post=16606"},{"taxonomy":"post_tag","embeddable":true,"href":"https:\/\/www.salvatorianas.org.br\/blog\/wp-json\/wp\/v2\/tags?post=16606"}],"curies":[{"name":"wp","href":"https:\/\/api.w.org\/{rel}","templated":true}]}}