{"id":16600,"date":"2021-09-07T14:23:35","date_gmt":"2021-09-07T14:23:35","guid":{"rendered":"https:\/\/www.salvatorianas.org.br\/blog\/?p=16600"},"modified":"2021-09-07T14:26:13","modified_gmt":"2021-09-07T14:26:13","slug":"papa-francisco-envia-mensagem-para-a-familia-salvatoriana","status":"publish","type":"post","link":"https:\/\/www.salvatorianas.org.br\/blog\/papa-francisco-envia-mensagem-para-a-familia-salvatoriana\/","title":{"rendered":"Papa Francisco envia mensagem para a Fam\u00edlia Salvatoriana"},"content":{"rendered":"\n<p> Estamos as v\u00e9speras de celebrar a Festa da Natividade da Virgem Maria e, conforme prometido, o Papa Francisco enviou uma mensagem em v\u00eddeo a todos n\u00f3s com palavras de agradecimento e felicita\u00e7\u00f5es. \u00c9 um belo presente para comemorarmos o 103\u00ba anivers\u00e1rio da morte do Bem-aventurado Francisco Jordan! <\/p>\n\n\n\n<p>Que a intercess\u00e3o e exemplo da Virgem Maria e do Bem-aventurado Francisco Jordan nos inspire a continuar crescendo em nossa voca\u00e7\u00e3o apost\u00f3lica de colaborar com a miss\u00e3o da Igreja de conhecer, amar e seguir o Deus Verdadeiro, revelado por Jesus Cristo, nosso Salvador!<\/p>\n\n\n\n<p><\/p>\n\n\n\n<figure class=\"wp-block-embed-youtube wp-block-embed is-type-video is-provider-youtube wp-embed-aspect-16-9 wp-has-aspect-ratio\"><div class=\"wp-block-embed__wrapper\">\n<iframe loading=\"lazy\" width=\"500\" height=\"281\" src=\"https:\/\/www.youtube.com\/embed\/--hyN9D34I4?feature=oembed\" frameborder=\"0\" allow=\"accelerometer; autoplay; clipboard-write; encrypted-media; gyroscope; picture-in-picture\" allowfullscreen><\/iframe>\n<\/div><\/figure>\n","protected":false},"excerpt":{"rendered":"<p>Estamos as v\u00e9speras de celebrar a Festa da Natividade da Virgem Maria e, conforme prometido, o Papa Francisco enviou uma mensagem em v\u00eddeo a todos n\u00f3s com palavras de agradecimento e felicita\u00e7\u00f5es. \u00c9&#8230;<\/p>\n","protected":false},"author":2,"featured_media":16602,"comment_status":"open","ping_status":"open","sticky":false,"template":"","format":"standard","meta":[],"categories":[40,1],"tags":[],"_links":{"self":[{"href":"https:\/\/www.salvatorianas.org.br\/blog\/wp-json\/wp\/v2\/posts\/16600"}],"collection":[{"href":"https:\/\/www.salvatorianas.org.br\/blog\/wp-json\/wp\/v2\/posts"}],"about":[{"href":"https:\/\/www.salvatorianas.org.br\/blog\/wp-json\/wp\/v2\/types\/post"}],"author":[{"embeddable":true,"href":"https:\/\/www.salvatorianas.org.br\/blog\/wp-json\/wp\/v2\/users\/2"}],"replies":[{"embeddable":true,"href":"https:\/\/www.salvatorianas.org.br\/blog\/wp-json\/wp\/v2\/comments?post=16600"}],"version-history":[{"count":2,"href":"https:\/\/www.salvatorianas.org.br\/blog\/wp-json\/wp\/v2\/posts\/16600\/revisions"}],"predecessor-version":[{"id":16605,"href":"https:\/\/www.salvatorianas.org.br\/blog\/wp-json\/wp\/v2\/posts\/16600\/revisions\/16605"}],"wp:featuredmedia":[{"embeddable":true,"href":"https:\/\/www.salvatorianas.org.br\/blog\/wp-json\/wp\/v2\/media\/16602"}],"wp:attachment":[{"href":"https:\/\/www.salvatorianas.org.br\/blog\/wp-json\/wp\/v2\/media?parent=16600"}],"wp:term":[{"taxonomy":"category","embeddable":true,"href":"https:\/\/www.salvatorianas.org.br\/blog\/wp-json\/wp\/v2\/categories?post=16600"},{"taxonomy":"post_tag","embeddable":true,"href":"https:\/\/www.salvatorianas.org.br\/blog\/wp-json\/wp\/v2\/tags?post=16600"}],"curies":[{"name":"wp","href":"https:\/\/api.w.org\/{rel}","templated":true}]}}