{"id":1656,"date":"2015-10-16T00:00:00","date_gmt":"2015-10-16T00:00:00","guid":{"rendered":"https:\/\/www.salvatorianas.org.br\/blog\/sinodo-continua-o-debate-sobre-a-missao-da-familia-hoje\/"},"modified":"2015-10-16T00:00:00","modified_gmt":"2015-10-16T00:00:00","slug":"sinodo-continua-o-debate-sobre-a-missao-da-familia-hoje","status":"publish","type":"post","link":"https:\/\/www.salvatorianas.org.br\/blog\/sinodo-continua-o-debate-sobre-a-missao-da-familia-hoje\/","title":{"rendered":"S\u00ednodo: continua o debate sobre &#8220;a miss\u00e3o da fam\u00edlia hoje&#8221;"},"content":{"rendered":"<p style=\"text-align: justify;\">[imagem1]<\/p>\n<p style=\"text-align: justify;\">&nbsp;<\/p>\n<p style=\"text-align: justify;\">No S&iacute;nodo dos Bispos sobre a Fam&iacute;lia a decorrer h&aacute; duas semanas no Vaticano, conclu&iacute;da a apresenta&ccedil;&atilde;o dos relat&oacute;rios da parte dos 13 grupos de trabalho, continua-se com as Assembleias gerais em que se est&aacute; a debater sobre a terceira parte do Instrumento de Trabalho, dedicada &agrave; &ldquo;miss&atilde;o da fam&iacute;lia hoje&rdquo;. De entre os temas em debate o da adop&ccedil;&atilde;o de crian&ccedil;as, em que se sublinhou que isto nada tira &agrave; genetorialidade, antes pelo contr&aacute;rio, refor&ccedil;a-a, pois que cada fam&iacute;lia que adopta, &eacute; uma fam&iacute;lia que acolhe.<\/p>\n<p style=\"text-align: justify;\">Falou-se tamb&eacute;m da nulidade matrimonial sublinhando, por um lado, a falta de f&eacute; que pode ser causa de nulidade, e por outro a necessidade duma adequada prepara&ccedil;&atilde;o para o sacramento matrimonial. Se se quer evitar div&oacute;rcios &eacute; melhor preparar uma pastoral capaz de acompanhar os jovens ao matrim&oacute;nio e de os seguir mesmo depois do matrim&oacute;nio.<\/p>\n<p style=\"text-align: justify;\">A fragilidade familiar foi outro tema enfrentado, tendo-se acentuado sobretudo aquelas fragilidades de que se &eacute; v&iacute;tima e n&atilde;o escolhidas voluntariamente. Neste sentido frisou-se a necessidade de n&atilde;o falar s&oacute; de doutrina, mas de acompanhar as fam&iacute;lias fragilizadas em direc&ccedil;&atilde;o ao futuro, sem julgar severamente o que aconteceu no passado. Em suma, &eacute; preciso o olhar do Bom Samaritano que v&ecirc;, acolhe, cura e integra, procedendo n&atilde;o por imposi&ccedil;&atilde;o, mas por aten&ccedil;&atilde;o, ou seja atrav&eacute;s do testemunho humilde, simples, de ora&ccedil;&atilde;o. Porque no fundo &ndash; sublinhou-se &ndash; a perspectiva da ternura, pode ser a solu&ccedil;&atilde;o para tantas situa&ccedil;&otilde;es angustiantes.<\/p>\n<p style=\"text-align: justify;\">Da&iacute; o convite tamb&eacute;m a uma adequada forma&ccedil;&atilde;o do clero, a fim de que saiba acompanhar as fam&iacute;lias de forma respons&aacute;vel, atrav&eacute;s de uma espiritualidade profunda, de aten&ccedil;&atilde;o para com todos sem, todavia, p&ocirc;r em quest&atilde;o os sacramentos.<\/p>\n<p style=\"text-align: justify;\">Foi tamb&eacute;m sublinhada a urg&ecirc;ncia da proximidade da Igreja em rela&ccedil;&atilde;o aos divorciados recasados, em rela&ccedil;&atilde;o aos quais se auspicia n&atilde;o um acolhimento generalizado, mas um acompanhamento que seja capaz de acolher no concreto a diversidade das diferentes situa&ccedil;&otilde;es, tendo como horizonte a sua integra&ccedil;&atilde;o eclesial que, no entanto, n&atilde;o passa apenas pela sua aproxima&ccedil;&atilde;o &agrave; Eucaristia.<\/p>\n<p style=\"text-align: justify;\">Enfrentado tamb&eacute;m o tema da conviv&ecirc;ncia e do matrim&oacute;nio civil, que est&atilde;o em crescimento, embora o desejo de formar fam&iacute;lia esteja sempre no cora&ccedil;&atilde;o das pessoas. Neste &acirc;mbito foram postas em realce as dificuldades dos migrantes e refugiados que n&atilde;o conseguem formar fam&iacute;lia devido a impedimentos legais e burocr&aacute;ticos. Da&iacute; o convite a encontrar solu&ccedil;&otilde;es para isso para que n&atilde;o se afastem da Igreja, caindo nas malhas das seitas.<\/p>\n<p style=\"text-align: justify;\">No que toca a pa&iacute;ses que est&atilde;o a legiferar sobre matrim&oacute;nios homossexuais foi enfatizado o direito das crian&ccedil;as a ter um pai e uma m&atilde;e. Mas n&atilde;o se deixou de p&ocirc;r em evidencia a necessidade de planos pastorais que incluam tamb&eacute;m pessoas homossexuais.<\/p>\n<p style=\"text-align: justify;\">Por fim foi tomado em considera&ccedil;&atilde;o o tema da tutela da vida, desde a concep&ccedil;&atilde;o at&eacute; &agrave; morte natural, e ainda a necessidade de proteger a mulher a fim de que n&atilde;o seja v&iacute;tima de viol&ecirc;ncia e de preconceitos.&nbsp;<\/p>\n<p style=\"text-align: justify;\">Fonte: R&aacute;dioVaticano<\/p>\n<p style=\"text-align: justify;\">&nbsp;<\/p>\n<p style=\"text-align: justify;\">&nbsp;<\/p>\n","protected":false},"excerpt":{"rendered":"<p>[imagem1] &nbsp; No S&iacute;nodo dos Bispos sobre a Fam&iacute;lia a decorrer h&aacute; duas semanas no Vaticano, conclu&iacute;da a apresenta&ccedil;&atilde;o dos relat&oacute;rios da parte dos 13 grupos de trabalho, continua-se com as Assembleias gerais&#8230;<\/p>\n","protected":false},"author":1,"featured_media":1831,"comment_status":"open","ping_status":"open","sticky":false,"template":"","format":"standard","meta":[],"categories":[1],"tags":[],"_links":{"self":[{"href":"https:\/\/www.salvatorianas.org.br\/blog\/wp-json\/wp\/v2\/posts\/1656"}],"collection":[{"href":"https:\/\/www.salvatorianas.org.br\/blog\/wp-json\/wp\/v2\/posts"}],"about":[{"href":"https:\/\/www.salvatorianas.org.br\/blog\/wp-json\/wp\/v2\/types\/post"}],"author":[{"embeddable":true,"href":"https:\/\/www.salvatorianas.org.br\/blog\/wp-json\/wp\/v2\/users\/1"}],"replies":[{"embeddable":true,"href":"https:\/\/www.salvatorianas.org.br\/blog\/wp-json\/wp\/v2\/comments?post=1656"}],"version-history":[{"count":0,"href":"https:\/\/www.salvatorianas.org.br\/blog\/wp-json\/wp\/v2\/posts\/1656\/revisions"}],"wp:featuredmedia":[{"embeddable":true,"href":"https:\/\/www.salvatorianas.org.br\/blog\/wp-json\/wp\/v2\/media\/1831"}],"wp:attachment":[{"href":"https:\/\/www.salvatorianas.org.br\/blog\/wp-json\/wp\/v2\/media?parent=1656"}],"wp:term":[{"taxonomy":"category","embeddable":true,"href":"https:\/\/www.salvatorianas.org.br\/blog\/wp-json\/wp\/v2\/categories?post=1656"},{"taxonomy":"post_tag","embeddable":true,"href":"https:\/\/www.salvatorianas.org.br\/blog\/wp-json\/wp\/v2\/tags?post=1656"}],"curies":[{"name":"wp","href":"https:\/\/api.w.org\/{rel}","templated":true}]}}