{"id":16545,"date":"2021-09-01T13:57:43","date_gmt":"2021-09-01T13:57:43","guid":{"rendered":"https:\/\/www.salvatorianas.org.br\/blog\/?p=16545"},"modified":"2021-09-01T14:01:51","modified_gmt":"2021-09-01T14:01:51","slug":"papa-recebe-superior-geral-dos-salvatorianos","status":"publish","type":"post","link":"https:\/\/www.salvatorianas.org.br\/blog\/papa-recebe-superior-geral-dos-salvatorianos\/","title":{"rendered":"Papa recebe Superior Geral dos Salvatorianos"},"content":{"rendered":"\n<p>\n\nNo dia 28 de agosto de 2021, o Papa Francisco recebeu em audi\u00eancia privada o Superior Geral da Sociedade do Divino Salvador, Padre Milton Zonta. O Santo Padre se mostrou bastante interessado na situa\u00e7\u00e3o atual da Sociedade.<\/p>\n\n\n\n<p>Ele aceitou de bom grado o convite para visitar a Comunidade Salvatoriana na Casa M\u00e3e e rezar diante do relic\u00e1rio do Bem-aventurado Francisco Maria da Cruz Jordan.<\/p>\n\n\n\n<p>O Papa expressou tamb\u00e9m o desejo de enviar um v\u00eddeo-mensagem a todos os membros da Fam\u00edlia Salvatoriana por ocasi\u00e3o da celebra\u00e7\u00e3o do Ano de A\u00e7\u00e3o de Gra\u00e7as pelo Bem-aventurado Francisco Jordan.<\/p>\n\n\n\n<p>A data ainda n\u00e3o foi definida, mas ser\u00e1 anunciada o mais breve poss\u00edvel. <\/p>\n\n\n\n<p> Vers\u00e3o original do documento em diferentes idiomas: <\/p>\n","protected":false},"excerpt":{"rendered":"<p>No dia 28 de agosto de 2021, o Papa Francisco recebeu em audi\u00eancia privada o Superior Geral da Sociedade do Divino Salvador, Padre Milton Zonta. O Santo Padre se mostrou bastante interessado na&#8230;<\/p>\n","protected":false},"author":2,"featured_media":16546,"comment_status":"open","ping_status":"open","sticky":false,"template":"","format":"standard","meta":[],"categories":[40,1],"tags":[],"_links":{"self":[{"href":"https:\/\/www.salvatorianas.org.br\/blog\/wp-json\/wp\/v2\/posts\/16545"}],"collection":[{"href":"https:\/\/www.salvatorianas.org.br\/blog\/wp-json\/wp\/v2\/posts"}],"about":[{"href":"https:\/\/www.salvatorianas.org.br\/blog\/wp-json\/wp\/v2\/types\/post"}],"author":[{"embeddable":true,"href":"https:\/\/www.salvatorianas.org.br\/blog\/wp-json\/wp\/v2\/users\/2"}],"replies":[{"embeddable":true,"href":"https:\/\/www.salvatorianas.org.br\/blog\/wp-json\/wp\/v2\/comments?post=16545"}],"version-history":[{"count":3,"href":"https:\/\/www.salvatorianas.org.br\/blog\/wp-json\/wp\/v2\/posts\/16545\/revisions"}],"predecessor-version":[{"id":16550,"href":"https:\/\/www.salvatorianas.org.br\/blog\/wp-json\/wp\/v2\/posts\/16545\/revisions\/16550"}],"wp:featuredmedia":[{"embeddable":true,"href":"https:\/\/www.salvatorianas.org.br\/blog\/wp-json\/wp\/v2\/media\/16546"}],"wp:attachment":[{"href":"https:\/\/www.salvatorianas.org.br\/blog\/wp-json\/wp\/v2\/media?parent=16545"}],"wp:term":[{"taxonomy":"category","embeddable":true,"href":"https:\/\/www.salvatorianas.org.br\/blog\/wp-json\/wp\/v2\/categories?post=16545"},{"taxonomy":"post_tag","embeddable":true,"href":"https:\/\/www.salvatorianas.org.br\/blog\/wp-json\/wp\/v2\/tags?post=16545"}],"curies":[{"name":"wp","href":"https:\/\/api.w.org\/{rel}","templated":true}]}}