{"id":16480,"date":"2021-08-20T22:36:14","date_gmt":"2021-08-20T22:36:14","guid":{"rendered":"https:\/\/www.salvatorianas.org.br\/blog\/?p=16480"},"modified":"2021-08-20T23:17:22","modified_gmt":"2021-08-20T23:17:22","slug":"paroquia-de-baixa-grande-ba-formou-uma-nova-comunidade-dedicada-ao-bem-aventurado-francisco-jordan","status":"publish","type":"post","link":"https:\/\/www.salvatorianas.org.br\/blog\/paroquia-de-baixa-grande-ba-formou-uma-nova-comunidade-dedicada-ao-bem-aventurado-francisco-jordan\/","title":{"rendered":"Par\u00f3quia de Baixa Grande-BA formou uma nova comunidade dedicada ao Bem-aventurado Francisco Jordan"},"content":{"rendered":"\n<p>No dia em que a Fam\u00edlia Salvatoriana celebrou tr\u00eas meses da Beatifica\u00e7\u00e3o do seu fundador, Padre Francisco Maria da Cruz Jordan,&nbsp; a Par\u00f3quia Nossa Senhora da Concei\u00e7\u00e3o, em Baixa Grande-BA, marcou a forma\u00e7\u00e3o de uma nova comunidade, tendo como padroeiro o Bem-aventurado Francisco Jordan.<\/p>\n\n\n\n<p>Foram 25 anos de miss\u00e3o evangelizadora das Irm\u00e3s Salvatorianas na Par\u00f3quia, durante o per\u00edodo de 1985 a 2010. Este tempo foi marcado por zelo apost\u00f3lico, dedica\u00e7\u00e3o e doa\u00e7\u00e3o de cada irm\u00e3 que na gratuidade viveu a miss\u00e3o proposta pelo Divino Salvador.&nbsp;&nbsp;<\/p>\n\n\n\n<p>No ano de 2007, deu in\u00edcio ao primeiro grupo de Leigos Salvatorianos, em Baixa Grande, os leigos animados pelo Carisma Salvatoriano, assumem a mesma miss\u00e3o, juntamente com os\/as religiosas\/os testemunhando com a vida e proclamando a toda criatura, com a a\u00e7\u00e3o apost\u00f3lica, a mensagem da salva\u00e7\u00e3o e a liberta\u00e7\u00e3o de tudo aquilo que constitui uma amea\u00e7a \u00e0 vida plena.&nbsp;<\/p>\n\n\n\n<h3 class=\"wp-block-heading\"><strong>Implanta\u00e7\u00e3o da nova comunidade<\/strong><\/h3>\n\n\n\n<p>Uma das articuladoras da comunidade, Fernanda Machado, explica como foi o processo de escolha do padroeiro \u2013 \u201ca escolha do nome foi feita em grupo e foi sugerido Santa Dulce dos Pobres e o Bem-aventurado Francisco Jordan. Como houve empate, retornamos aos grupos e o Jorlando (Leigo Salvatoriano), sugeriu o Padre Jordan e falou que o motivo da escolha era como homenagem as Irm\u00e3s Salvatorianas que moraram por muitos anos no bairro. Para mim, foi uma escolha justa e muito boa op\u00e7\u00e3o por ser um padre beatificado e pelas irm\u00e3s salvatorianas ter hist\u00f3ria na comunidade\u201d.<\/p>\n\n\n\n<p>&nbsp;\u201cTendo chegado \u00e0 par\u00f3quia de Baixa Grande-BA, no ano de 2020, me deparei com o grupo de Leigos Salvatorianos, que tem por miss\u00e3o \u2018tornar Jesus conhecido e amado por todos\u2019.&nbsp; Foi ent\u00e3o quando tivemos a inspira\u00e7\u00e3o de transformar os setores em comunidades eclesiais urbanas.&nbsp; Para nossa alegria, quando chegamos \u00e0 fase de escolher o padroeiro de cada comunidade, as lideran\u00e7as de um dos setores escolheu o Bem-aventurado Francisco Jordan como padroeiro. Submeti a escolha ao bispo que de imediato aprovou\u201d, relata o p\u00e1roco, padre Erivaldo Gomes de Almeida. E ainda acrescentou: \u201clouvo e agrade\u00e7o a Deus pelo Carisma Salvatoriano, sobretudo, pela comunidade Bem-aventurado Francisco Jordan, que eternizar\u00e1 o carisma em nossa par\u00f3quia\u201d.<\/p>\n\n\n\n<h4 class=\"wp-block-heading\"><strong>Celebra\u00e7\u00e3o da Beatifica\u00e7\u00e3o do Padre Jordan<\/strong><\/h4>\n\n\n\n<p>Para os Leigos Salvatorianos de Baixa Grande e todos os membros da Fam\u00edlia Salvatoriana, o dia 15 de maio de 2021 estar\u00e1 marcado como uma data hist\u00f3rica, cheia de emo\u00e7\u00e3o e gratid\u00e3o, pois foi o dia em que o vener\u00e1vel Servo de Deus Francisco Maria da Cruz Jordan foi proclamado Bem-aventurado.<\/p>\n\n\n\n<p>\u201cFoi um momento de grande alegria para n\u00f3s Leigos Salvatorianos vivenciar a celebra\u00e7\u00e3o de beatifica\u00e7\u00e3o do nosso Fundador e, alegria maior ainda foi ver suas obras&nbsp; sendo reconhecidas&nbsp; pela Igreja no mundo inteiro. Foi tamb\u00e9m um momento de fazer mem\u00f3ria da presen\u00e7a das Irm\u00e3s Salvatorianas que doaram suas vidas em nossa par\u00f3quia por 25 anos, e criar uma comunidade com o nome do Bem-aventurado Francisco Jordan \u00e9 tamb\u00e9m reconhecer o bem que fizeram as irm\u00e3s em nossa par\u00f3quia\u201d, expressa o Leigo Salvatoriano, Jorlando Santana Oliveira.<strong>&nbsp;<\/strong><\/p>\n\n\n\n<h4 class=\"wp-block-heading\"><strong>Frutos da miss\u00e3o<\/strong><\/h4>\n\n\n\n<p>A semente que foi lan\u00e7ada nesta terra de miss\u00e3o, com o testemunho e a\u00e7\u00e3o apost\u00f3lica realizada pelas irm\u00e3s e leigos, frutificou com duas voca\u00e7\u00f5es religiosa salvatoriana. Pe. Di\u00f3genes Ara\u00fajo Soares e Ir. Patr\u00edcia Santana de Arag\u00e3o&nbsp; Silva.<br><\/p>\n\n\n\n<p style=\"text-align:center\"><strong>\u201cN\u00e3o Sossegueis at\u00e9 que todos conhe\u00e7am, amem e sirvam a Jesus, o Salvador.\u201d&nbsp;<\/strong><\/p>\n\n\n\n<p style=\"text-align:center\">Bem-aventurado Francisco Jordan<\/p>\n","protected":false},"excerpt":{"rendered":"<p>No dia em que a Fam\u00edlia Salvatoriana celebrou tr\u00eas meses da Beatifica\u00e7\u00e3o do seu fundador, Padre Francisco Maria da Cruz Jordan,&nbsp; a Par\u00f3quia Nossa Senhora da Concei\u00e7\u00e3o, em Baixa Grande-BA, marcou a forma\u00e7\u00e3o&#8230;<\/p>\n","protected":false},"author":2,"featured_media":16481,"comment_status":"open","ping_status":"open","sticky":false,"template":"","format":"standard","meta":[],"categories":[40,1],"tags":[],"_links":{"self":[{"href":"https:\/\/www.salvatorianas.org.br\/blog\/wp-json\/wp\/v2\/posts\/16480"}],"collection":[{"href":"https:\/\/www.salvatorianas.org.br\/blog\/wp-json\/wp\/v2\/posts"}],"about":[{"href":"https:\/\/www.salvatorianas.org.br\/blog\/wp-json\/wp\/v2\/types\/post"}],"author":[{"embeddable":true,"href":"https:\/\/www.salvatorianas.org.br\/blog\/wp-json\/wp\/v2\/users\/2"}],"replies":[{"embeddable":true,"href":"https:\/\/www.salvatorianas.org.br\/blog\/wp-json\/wp\/v2\/comments?post=16480"}],"version-history":[{"count":5,"href":"https:\/\/www.salvatorianas.org.br\/blog\/wp-json\/wp\/v2\/posts\/16480\/revisions"}],"predecessor-version":[{"id":16487,"href":"https:\/\/www.salvatorianas.org.br\/blog\/wp-json\/wp\/v2\/posts\/16480\/revisions\/16487"}],"wp:featuredmedia":[{"embeddable":true,"href":"https:\/\/www.salvatorianas.org.br\/blog\/wp-json\/wp\/v2\/media\/16481"}],"wp:attachment":[{"href":"https:\/\/www.salvatorianas.org.br\/blog\/wp-json\/wp\/v2\/media?parent=16480"}],"wp:term":[{"taxonomy":"category","embeddable":true,"href":"https:\/\/www.salvatorianas.org.br\/blog\/wp-json\/wp\/v2\/categories?post=16480"},{"taxonomy":"post_tag","embeddable":true,"href":"https:\/\/www.salvatorianas.org.br\/blog\/wp-json\/wp\/v2\/tags?post=16480"}],"curies":[{"name":"wp","href":"https:\/\/api.w.org\/{rel}","templated":true}]}}