{"id":1646,"date":"2015-10-20T00:00:00","date_gmt":"2015-10-20T00:00:00","guid":{"rendered":"https:\/\/www.salvatorianas.org.br\/blog\/divulgada-programacao-da-viagem-do-papa-a-africa\/"},"modified":"2015-10-20T00:00:00","modified_gmt":"2015-10-20T00:00:00","slug":"divulgada-programacao-da-viagem-do-papa-a-africa","status":"publish","type":"post","link":"https:\/\/www.salvatorianas.org.br\/blog\/divulgada-programacao-da-viagem-do-papa-a-africa\/","title":{"rendered":"Divulgada programa\u00e7\u00e3o da viagem do papa \u00e0 \u00c1frica"},"content":{"rendered":"<p style=\"text-align: justify;\">&nbsp;<\/p>\n<p style=\"text-align: justify;\"><img decoding=\"async\" loading=\"lazy\" style=\"display: block; margin-left: auto; margin-right: auto;\" src=\"http:\/\/www.cnbb.org.br\/images\/2015_10\/papa_vaticano.jpg\" alt=\"\" width=\"574\" height=\"295\" \/><\/p>\n<p style=\"text-align: justify;\">Em novembro, Francisco visitar&aacute; tr&ecirc;s pa&iacute;ses africanos: Qu&ecirc;nia, Uganda e Rep&uacute;blica Centro-africana.<\/p>\n<p style=\"text-align: justify;\">No dia 25, Francisco chegar&aacute; por volta das 17h em Nair&oacute;bi, capital do Qu&ecirc;nia, onde ser&aacute; recebido pelo presidente da rep&uacute;blica, autoridades e corpo diplom&aacute;tico.&nbsp;<\/p>\n<p style=\"text-align: justify;\">No dia seguinte, participar&aacute; de um encontro&nbsp;inter-religioso e ecum&ecirc;nico na nunciatura apost&oacute;lica do pa&iacute;s e celebrar&aacute; missa no campus da universidade. &Agrave; tarde ter&aacute; um encontro com o clero, religiosos (as), seminaristas, na escola Santa Maria. Em seguida, visitar&aacute; o escrit&oacute;rio das Na&ccedil;&otilde;es Unidas em Nair&oacute;bi.&nbsp;<\/p>\n<p style=\"text-align: justify;\">Antes de partir para Uganda, no dia 27, Francisco visitar&aacute; um bairro pobre, chamado Kangemi, e ter&aacute; encontro com os jovens do Qu&ecirc;nia, no est&aacute;dio Kasarani, e com os bispos.&nbsp;<\/p>\n<p style=\"text-align: justify;\">No primeiro dia em Uganda, onde chegar&aacute; por volta das 17h, Francisco far&aacute; uma visita de cortesia ao presidente da rep&uacute;blica e se reunir&aacute; com catequistas e professores em Munyonyo.<\/p>\n<p style=\"text-align: justify;\">No s&aacute;bado, 28, ir&aacute; ao santu&aacute;rio anglicano dos m&aacute;rtires de Namugongo e depois ao santu&aacute;rio cat&oacute;lico onde celebrar&aacute; missa pelos m&aacute;rtires de Uganda. &Agrave; tarde, ter&aacute; encontro com jovens no Kokolo Air Strip de Kampala, visitar&aacute; a casa de caridade de Nalukolongo e se reunir&aacute; com bispos, sacerdotes, religiosos (as) e seminaristas, na catedral.&nbsp;<\/p>\n<p style=\"text-align: justify;\">No domingo, 29, seguir&aacute; para a Rep&uacute;blica Centro-Africana, cuja capital &eacute; Bangui. No pa&iacute;s, visitar&aacute; o presidente, o campo de refugiados e os bispos. Saudar&aacute;, ainda, as comunidades evang&eacute;licas na Faculdade de Teologia Evang&eacute;lica e celebrar&aacute; missa na catedral de Bangui, onde haver&aacute; confiss&otilde;es e vig&iacute;lia de ora&ccedil;&atilde;o.&nbsp;<\/p>\n<p style=\"text-align: justify;\">Ap&oacute;s encontrar-se com a comunidade mu&ccedil;ulmana na mesquita central de Koudoukou, no dia 30 de novembro, e celebrar missa no est&aacute;dio do complexo desportivo Barth&eacute;l&eacute;my Boganda, retornar&aacute; a Roma.<\/p>\n<p style=\"text-align: justify;\">&nbsp;<\/p>\n<p style=\"text-align: justify;\">Fonte: CNBB<\/p>\n<p>&nbsp;<\/p>\n<p>&nbsp;<\/p>\n","protected":false},"excerpt":{"rendered":"<p>&nbsp; Em novembro, Francisco visitar&aacute; tr&ecirc;s pa&iacute;ses africanos: Qu&ecirc;nia, Uganda e Rep&uacute;blica Centro-africana. No dia 25, Francisco chegar&aacute; por volta das 17h em Nair&oacute;bi, capital do Qu&ecirc;nia, onde ser&aacute; recebido pelo presidente da&#8230;<\/p>\n","protected":false},"author":1,"featured_media":2044,"comment_status":"open","ping_status":"open","sticky":false,"template":"","format":"standard","meta":[],"categories":[1],"tags":[],"_links":{"self":[{"href":"https:\/\/www.salvatorianas.org.br\/blog\/wp-json\/wp\/v2\/posts\/1646"}],"collection":[{"href":"https:\/\/www.salvatorianas.org.br\/blog\/wp-json\/wp\/v2\/posts"}],"about":[{"href":"https:\/\/www.salvatorianas.org.br\/blog\/wp-json\/wp\/v2\/types\/post"}],"author":[{"embeddable":true,"href":"https:\/\/www.salvatorianas.org.br\/blog\/wp-json\/wp\/v2\/users\/1"}],"replies":[{"embeddable":true,"href":"https:\/\/www.salvatorianas.org.br\/blog\/wp-json\/wp\/v2\/comments?post=1646"}],"version-history":[{"count":0,"href":"https:\/\/www.salvatorianas.org.br\/blog\/wp-json\/wp\/v2\/posts\/1646\/revisions"}],"wp:featuredmedia":[{"embeddable":true,"href":"https:\/\/www.salvatorianas.org.br\/blog\/wp-json\/wp\/v2\/media\/2044"}],"wp:attachment":[{"href":"https:\/\/www.salvatorianas.org.br\/blog\/wp-json\/wp\/v2\/media?parent=1646"}],"wp:term":[{"taxonomy":"category","embeddable":true,"href":"https:\/\/www.salvatorianas.org.br\/blog\/wp-json\/wp\/v2\/categories?post=1646"},{"taxonomy":"post_tag","embeddable":true,"href":"https:\/\/www.salvatorianas.org.br\/blog\/wp-json\/wp\/v2\/tags?post=1646"}],"curies":[{"name":"wp","href":"https:\/\/api.w.org\/{rel}","templated":true}]}}