{"id":1640,"date":"2015-10-21T00:00:00","date_gmt":"2015-10-21T00:00:00","guid":{"rendered":"https:\/\/www.salvatorianas.org.br\/blog\/serie-i-missao-e-servir-as-pessoas-em-situacao-de-rua\/"},"modified":"2015-10-21T00:00:00","modified_gmt":"2015-10-21T00:00:00","slug":"serie-i-missao-e-servir-as-pessoas-em-situacao-de-rua","status":"publish","type":"post","link":"https:\/\/www.salvatorianas.org.br\/blog\/serie-i-missao-e-servir-as-pessoas-em-situacao-de-rua\/","title":{"rendered":"S\u00e9rie I &#8211; Miss\u00e3o \u00e9&#8230; servir as pessoas em situa\u00e7\u00e3o de rua"},"content":{"rendered":"<p>[imagem1]<\/p>\n<p>Neste final do Ano da Vida Consagrada e m&ecirc;s mission&aacute;rio, a CRB Nacional traz uma s&eacute;rie de reportagens sobre a miss&atilde;o dos consagrados, de maneira espec&iacute;fica, na cidade de Salvador na Bahia. A s&eacute;rie I mostra o trabalho mission&aacute;rio da Comunidade da Trindade &#8211; uma comunidade de vida &#8211; fundada para servir &agrave;s pessoas em situa&ccedil;&atilde;o de rua.<\/p>\n<p>Na Igreja da Trindade, em Salvador onde os consagrados vivem a sua consagra&ccedil;&atilde;o a partir da partilha dos bens, da comunh&atilde;o a exemplo da Trindade, participamos da celebra&ccedil;&atilde;o eucar&iacute;stica e conversamos com o fundador, Henrique Peregrino e coirm&atilde;os da sua comunidade, religiosos da CRB de Salvador que ajudam no trabalho mission&aacute;rio da Trindade e com os pr&oacute;prios destinat&aacute;rios da miss&atilde;o. Hoje fala para n&oacute;s, o fundador, Henrique Peregrino. Assista.<\/p>\n<p><object style=\"display: block; margin-left: auto; margin-right: auto;\" data=\"http:\/\/www.youtube.com\/v\/jWOATQtZOcw\" type=\"application\/x-shockwave-flash\" width=\"510\" height=\"420\"><\/object> <\/p>\n<p>&nbsp;<\/p>\n<p>Na pr&oacute;xima s&eacute;rie conversaremos com o ex-morador de rua, senhor Elias que nos relata sua hist&oacute;ria de vida e como foi acolhido pela Comunidade da Trindade. O senhor Elias &eacute; hoje o respons&aacute;vel pelas finan&ccedil;as da Comunidade. Outras s&eacute;ries mostrar&atilde;o o trabalho dos religiosos\/as com as pescadoras, na educa&ccedil;&atilde;o e outros setores de miss&atilde;o na capital baiana.<\/p>\n<p>Fonte: CRB<\/p>\n<p>&nbsp;<\/p>\n<p>&nbsp;<\/p>\n","protected":false},"excerpt":{"rendered":"<p>[imagem1] Neste final do Ano da Vida Consagrada e m&ecirc;s mission&aacute;rio, a CRB Nacional traz uma s&eacute;rie de reportagens sobre a miss&atilde;o dos consagrados, de maneira espec&iacute;fica, na cidade de Salvador na Bahia&#8230;.<\/p>\n","protected":false},"author":1,"featured_media":2040,"comment_status":"open","ping_status":"open","sticky":false,"template":"","format":"standard","meta":[],"categories":[1],"tags":[],"_links":{"self":[{"href":"https:\/\/www.salvatorianas.org.br\/blog\/wp-json\/wp\/v2\/posts\/1640"}],"collection":[{"href":"https:\/\/www.salvatorianas.org.br\/blog\/wp-json\/wp\/v2\/posts"}],"about":[{"href":"https:\/\/www.salvatorianas.org.br\/blog\/wp-json\/wp\/v2\/types\/post"}],"author":[{"embeddable":true,"href":"https:\/\/www.salvatorianas.org.br\/blog\/wp-json\/wp\/v2\/users\/1"}],"replies":[{"embeddable":true,"href":"https:\/\/www.salvatorianas.org.br\/blog\/wp-json\/wp\/v2\/comments?post=1640"}],"version-history":[{"count":0,"href":"https:\/\/www.salvatorianas.org.br\/blog\/wp-json\/wp\/v2\/posts\/1640\/revisions"}],"wp:featuredmedia":[{"embeddable":true,"href":"https:\/\/www.salvatorianas.org.br\/blog\/wp-json\/wp\/v2\/media\/2040"}],"wp:attachment":[{"href":"https:\/\/www.salvatorianas.org.br\/blog\/wp-json\/wp\/v2\/media?parent=1640"}],"wp:term":[{"taxonomy":"category","embeddable":true,"href":"https:\/\/www.salvatorianas.org.br\/blog\/wp-json\/wp\/v2\/categories?post=1640"},{"taxonomy":"post_tag","embeddable":true,"href":"https:\/\/www.salvatorianas.org.br\/blog\/wp-json\/wp\/v2\/tags?post=1640"}],"curies":[{"name":"wp","href":"https:\/\/api.w.org\/{rel}","templated":true}]}}